{"id":151904,"date":"2025-10-02T03:09:09","date_gmt":"2025-10-02T03:09:09","guid":{"rendered":"https:\/\/www.europesays.com\/es\/151904\/"},"modified":"2025-10-02T03:09:09","modified_gmt":"2025-10-02T03:09:09","slug":"que-no-se-nos-trate-por-tontos","status":"publish","type":"post","link":"https:\/\/www.europesays.com\/es\/151904\/","title":{"rendered":"Que no se nos trate por tontos"},"content":{"rendered":"<p class=\"article-text\">\n        El programa <strong>Malas lenguas<\/strong> de <strong>RTVE <\/strong>ha vivido un momento de tensi\u00f3n este mi\u00e9rcoles, 1 de octubre, a cuenta de <strong>Isabel D\u00edaz Ayuso<\/strong>. Mientras se abordaba la \u00faltima pol\u00e9mica de la presidenta de la Comunidad de Madrid con el lehendakari\u00a0<strong>Imanol Pradales<\/strong>,<strong> Jes\u00fas Cintora<\/strong> ha frenado a un colaborador por su an\u00e1lisis. El periodista se ha mostrado especialmente cr\u00edtico con el relato construido en torno a esta situaci\u00f3n: \u201c<strong>Bulos no y tratarnos por tontos tampoco<\/strong>\u201d.\n    <\/p>\n<p>    <a href=\"https:\/\/www.eldiario.es\/vertele\/noticias\/cintora-responde-vox-extintor-lanzallamas-les-fuerza-boca_1_12634562.html\" data-mrf-recirculation=\"saber-mas\" data-dl-event=\"saber-mas\" rel=\"nofollow noopener\" target=\"_blank\"><\/p>\n<p class=\"know-more__title\">Cintora responde a Vox con un extintor contra su lanzallamas: \u00abA estos se les va la fuerza por la boca\u00bb<\/p>\n<p>            <img decoding=\"async\" class=\"lazy\" loading=\"lazy\" data-src=\"https:\/\/static.eldiario.es\/clip\/070cb09a-66c0-4a84-ba38-d247f1d25058_16-9-aspect-ratio_default_0.jpg\" src=\"data:image\/svg+xml,%3Csvg xmlns=\" http:=\"\" viewbox=\"0 0 880 495\" alt=\"Cintora responde a Vox con un extintor contra su lanzallamas: &quot;A estos se les va la fuerza por la boca&quot;\"\/><\/p>\n<p>                        <\/a><\/p>\n<p class=\"article-text\">\n        Durante la celebraci\u00f3n del Alderdi Eguna (D\u00eda del Partido) del PNV en la provincia de \u00c1lava, <a href=\"https:\/\/www.eldiario.es\/euskadi\/pradales-cree-indignante-diaz-ayuso-manipule-palabras-banalice-eta-amenazas_1_12643337.html\" target=\"_blank\" data-mrf-recirculation=\"links-noticia\" class=\"link\" rel=\"nofollow noopener\">Pradales se dirigi\u00f3 a su hom\u00f3loga<\/a> madrile\u00f1a: \u201cAyuso entzun, Euskadi euskaldun\u201d, que en castellano significa \u201cescucha, Euskadi es vasca\u201d. Preguntada por esta cuesti\u00f3n en El Programa de AR de <strong>Telecinco<\/strong>, la l\u00edder popular asegur\u00f3 que el lehendakari hab\u00eda pronunciado <a href=\"https:\/\/www.eldiario.es\/rastreador\/ayuso-inventa-palabras-lehendakari-pradales-convierte-amenaza_132_12641402.html\" target=\"_blank\" data-mrf-recirculation=\"links-noticia\" class=\"link\" rel=\"nofollow noopener\">otras palabras muy distintas<\/a> \u201ccomo se dec\u00eda anta\u00f1o\u201d: \u201c<strong>Ayuso, entzun, pim, pam, pum<\/strong>\u201d.\n    <\/p>\n<p class=\"article-text\">\n        La pol\u00e9mica ha continuado vigente dos d\u00edas despu\u00e9s de la entrevista, convirti\u00e9ndose en tema de debate durante el programa Malas lenguas. Uno de los colaboradores, <strong>Hugo Pereira<\/strong>, manten\u00eda que pod\u00eda tratarse de una confusi\u00f3n sin malas intenciones: \u201c<strong>Que pida disculpas<\/strong>, eso estoy de acuerdo, y <strong>que rectifique<\/strong>, pero yo escucho hablar y no lo entiendo tampoco\u201d. \u201cSi quisiera hacer un bulo de esto&#8230; yo creo que son capaces de hacer mejores bulos en el PP de Madrid\u201d, ha continuado explicando.\n    <\/p>\n<blockquote class=\"twitter-tweet\" data-lang=\"es\"><p><a href=\"https:\/\/twitter.com\/X\/status\/1973430023127441669?ref_src=twsrc%5Etfw\" rel=\"nofollow noopener\" target=\"_blank\"><\/p><\/blockquote>\n<p class=\"article-text\">\n        Al instante, Jes\u00fas Cintora ha intervenido: \u201cSobre lo de Ayuso, bulos no. Sobre ti tambi\u00e9n, bulos no. Y te dir\u00e9 por qu\u00e9. <strong>Queda muy claro que no dijo &#8216;pim, pam, pum&#8217;<\/strong>. Queda clar\u00edsimo\u201d. A juicio del presentador, \u201cser\u00eda grav\u00edsimo\u201d si el lehendakari hubiese pronunciado unas palabras como estas, hasta el punto de considerarse \u201cuna noticia de apertura, de primer nivel\u201d. \u201cAntes de soltar eso, te aseguras de que ha dicho esa <strong>barbaridad<\/strong>. <strong>Sab\u00eda perfectamente que no lo hab\u00eda dicho<\/strong>\u201d, ha apostillado despu\u00e9s.\n    <\/p>\n<p>    <a href=\"https:\/\/www.eldiario.es\/vertele\/videos\/actualidad\/ana-rosa-reacciona-polemicas-declaraciones-ayuso-lehendakari-silvia-intxaurrondo-corrige-rtve_7_12644581.html\" data-mrf-recirculation=\"saber-mas-abajo\" data-dl-event=\"saber-mas-abajo\" rel=\"nofollow noopener\" target=\"_blank\"><\/p>\n<p class=\"know-more__title\">Ana Rosa reacciona a las pol\u00e9micas declaraciones de Ayuso sobre el lehendakari y Silvia Intxaurrondo la corrige desde RTVE<\/p>\n<p>            <img decoding=\"async\" class=\"lazy\" loading=\"lazy\" data-src=\"https:\/\/static.eldiario.es\/clip\/7c1b23e4-db30-4286-b785-64c0e47bd6e9_16-9-aspect-ratio_default_0.jpg\" src=\"data:image\/svg+xml,%3Csvg xmlns=\" http:=\"\" viewbox=\"0 0 880 495\" alt=\"Ana Rosa reacciona a las pol\u00e9micas declaraciones de Ayuso sobre el lehendakari\u00a0y Silvia Intxaurrondo la corrige desde RTVE\"\/><\/p>\n<p>                        <\/a><\/p>\n<p class=\"article-text\">\n        Por \u00faltimo, el periodista ha puesto el foco en lo que considera un supuesto intento por confundir al electorado: \u201cSi se hubiera equivocado, <strong>\u00bfpor qu\u00e9 no ha pedido disculpas?<\/strong> Que encima salen y culpan al lehendakari. Por favor, <strong>que no se nos trate por tontos<\/strong>. Bulos no y tratarnos por tontos tampoco\u201d. La conversaci\u00f3n ha continuado en Malas lenguas, con Ant\u00f3n Losada aline\u00e1ndose con el planteamiento de Cintora.\n    <\/p>\n<p>                                    <script async src=\"https:\/\/platform.twitter.com\/widgets.js\" charset=\"utf-8\"><\/script><\/p>\n","protected":false},"excerpt":{"rendered":"El programa Malas lenguas de RTVE ha vivido un momento de tensi\u00f3n este mi\u00e9rcoles, 1 de octubre, a&hellip;\n","protected":false},"author":2,"featured_media":151905,"comment_status":"","ping_status":"","sticky":false,"template":"","format":"standard","meta":{"footnotes":""},"categories":[8],"tags":[6984,17,18,9460,8027,25,24,13,14,11,5782,19,20,9463,9462,9,10,15,16,1526,23,12,21,22],"class_list":{"0":"post-151904","1":"post","2":"type-post","3":"status-publish","4":"format-standard","5":"has-post-thumbnail","7":"category-espana","8":"tag-ayuso","9":"tag-breaking-news","10":"tag-breakingnews","11":"tag-cintora","12":"tag-colaborador","13":"tag-es","14":"tag-espana","15":"tag-featured-news","16":"tag-featurednews","17":"tag-headlines","18":"tag-jesus","19":"tag-latest-news","20":"tag-latestnews","21":"tag-lenguas","22":"tag-malas","23":"tag-news","24":"tag-noticias","25":"tag-noticias-destacadas","26":"tag-noticiasdestacadas","27":"tag-polemica","28":"tag-spain","29":"tag-titulares","30":"tag-ultimas-noticias","31":"tag-ultimasnoticias"},"share_on_mastodon":{"url":"","error":""},"_links":{"self":[{"href":"https:\/\/www.europesays.com\/es\/wp-json\/wp\/v2\/posts\/151904","targetHints":{"allow":["GET"]}}],"collection":[{"href":"https:\/\/www.europesays.com\/es\/wp-json\/wp\/v2\/posts"}],"about":[{"href":"https:\/\/www.europesays.com\/es\/wp-json\/wp\/v2\/types\/post"}],"author":[{"embeddable":true,"href":"https:\/\/www.europesays.com\/es\/wp-json\/wp\/v2\/users\/2"}],"replies":[{"embeddable":true,"href":"https:\/\/www.europesays.com\/es\/wp-json\/wp\/v2\/comments?post=151904"}],"version-history":[{"count":0,"href":"https:\/\/www.europesays.com\/es\/wp-json\/wp\/v2\/posts\/151904\/revisions"}],"wp:featuredmedia":[{"embeddable":true,"href":"https:\/\/www.europesays.com\/es\/wp-json\/wp\/v2\/media\/151905"}],"wp:attachment":[{"href":"https:\/\/www.europesays.com\/es\/wp-json\/wp\/v2\/media?parent=151904"}],"wp:term":[{"taxonomy":"category","embeddable":true,"href":"https:\/\/www.europesays.com\/es\/wp-json\/wp\/v2\/categories?post=151904"},{"taxonomy":"post_tag","embeddable":true,"href":"https:\/\/www.europesays.com\/es\/wp-json\/wp\/v2\/tags?post=151904"}],"curies":[{"name":"wp","href":"https:\/\/api.w.org\/{rel}","templated":true}]}}