{"id":151910,"date":"2025-10-02T03:12:11","date_gmt":"2025-10-02T03:12:11","guid":{"rendered":"https:\/\/www.europesays.com\/es\/151910\/"},"modified":"2025-10-02T03:12:11","modified_gmt":"2025-10-02T03:12:11","slug":"ciudad-real-la-pintura-al-compas-de-la-veronica","status":"publish","type":"post","link":"https:\/\/www.europesays.com\/es\/151910\/","title":{"rendered":"Ciudad Real: La pintura al comp\u00e1s de la ver\u00f3nica"},"content":{"rendered":"<p>\u00ab[&#8230;]y olvida el tiempo su onda cosmog\u00f3nica<br \/>y se cuaja y se embota espeso, ciego<br \/>en cada ensimismada honda ver\u00f3nica\u00bb.<\/p>\n<p>Los versos de Gerardo Diego en su Oda a Belmonte (1941) sirven de p\u00f3rtico para entender el esp\u00edritu que envuelve la exposici\u00f3n De Jos\u00e9 a Juan: Un siglo de toreo a la ver\u00f3nica, del pintor almagre\u00f1o \u00c1lvaro Ramos Golderos. La muestra se inaugura este jueves\u00a0a las 19.30 horas, en el Museo Municipal L\u00f3pez-Villase\u00f1or de Ciudad Real con motivo del vig\u00e9simo quinto aniversario del Ateneo Taurino Manchego. Cuando Ramos habla con La Tribuna en la v\u00edspera de la inauguraci\u00f3n, anda dando los \u00faltimos retoques.<\/p>\n<p>La historia de esta exposici\u00f3n est\u00e1 marcada por un gesto de coherencia. Ramos no quiso debutar en Las Ventas con una selecci\u00f3n dispersa de cuadros, sino con un proyecto monogr\u00e1fico, con una idea vertebradora. \u00abTen\u00eda claro que si alg\u00fan d\u00eda iba a Las Ventas ser\u00eda con una exposici\u00f3n que contara una historia y que tuviera unidad. No quer\u00eda un muestrario de lo que pinto, sino un relato pict\u00f3rico con un hilo conductor\u00bb, explica. Ese relato fue el toreo a la ver\u00f3nica, la suerte m\u00e1s antigua y, a la vez, m\u00e1s esencial, que a juicio del pintor resume la ra\u00edz est\u00e9tica del toreo a pie.<\/p>\n<p><img decoding=\"async\" loading=\"lazy\" src=\"https:\/\/www.europesays.com\/es\/wp-content\/uploads\/2025\/10\/420692C6-3FF5-4BA5-94A749816CD3B49D.JPG\" alt=\"\u00c1lvaro Ramos inaugura este jueves la exposici\u00f3n 'De Jos\u00e9 a Juan: Un siglo de toreo a la ver\u00f3nica' en el Museo L\u00f3pez-Villase\u00f1or\" border=\"0\"\/>\u00c1lvaro Ramos inaugura este jueves la exposici\u00f3n &#8216;De Jos\u00e9 a Juan: Un siglo de toreo a la ver\u00f3nica&#8217; en el Museo L\u00f3pez-Villase\u00f1or &#8211; Foto: Tom\u00e1s Fern\u00e1ndez de Moya<\/p>\n<p>La exposici\u00f3n naci\u00f3 ex profeso para la sala Antonio Bienvenida de la plaza de toros de Madrid, donde se estren\u00f3 en la Feria de San Isidro de 2024. Fue all\u00ed donde Ramos present\u00f3 los 23 lienzos que recorren, desde Joselito El Gallo hasta Juan Ortega pasando por Curro Romero, Morante o Manolete, las distintas formas en que grandes toreros han interpretado la ver\u00f3nica a lo largo del \u00faltimo siglo.<\/p>\n<p>Para lograrlo, el artista desarroll\u00f3 un proceso de documentaci\u00f3n exhaustivo. \u00abNo me gusta pintar s\u00f3lo a partir de una fotograf\u00eda. Necesito ver c\u00f3mo se mov\u00eda cada torero, c\u00f3mo lo hac\u00eda, conocer detalles de su vida. A partir de ah\u00ed surge la inspiraci\u00f3n, cuando descubres lo que te atrapa y enamora\u00bb, confiesa.<\/p>\n<p>La muestra ha itinerado desde entonces por diversos lugares de la provincia y de la regi\u00f3n, con paradas se\u00f1aladas en Almagro, Valdepe\u00f1as y Daimiel. Y ahora llega, por fin, a Ciudad Real. Una cita que el propio Ramos vivir\u00e1 con la emoci\u00f3n de estar \u00aben casa\u00bb y cuenta que \u00abexponer en Ciudad Real me hace al menos tanta ilusi\u00f3n como en Madrid o Sevilla\u00bb. Ser\u00e1 en Sevilla, en el C\u00edrculo Mercantil, en las v\u00edsperas de la feria de abril, donde esta exposici\u00f3n llegue a su fin: \u00abTen\u00eda claro que, si era posible, ten\u00eda que acabar all\u00ed\u00bb, dice mirando al cuadro de Rafael de Paula, \u00aby este cuadro tiene que estar\u00bb, a\u00f1ade.<\/p>\n<p><img decoding=\"async\" loading=\"lazy\" src=\"https:\/\/www.europesays.com\/es\/wp-content\/uploads\/2025\/10\/1BAD18B6-EFF7-4803-A642930C10679CB9.JPG\" alt=\"\u00c1lvaro Ramos inaugura este jueves la exposici\u00f3n 'De Jos\u00e9 a Juan: Un siglo de toreo a la ver\u00f3nica' en el Museo L\u00f3pez-Villase\u00f1or\" border=\"0\"\/>\u00c1lvaro Ramos inaugura este jueves la exposici\u00f3n &#8216;De Jos\u00e9 a Juan: Un siglo de toreo a la ver\u00f3nica&#8217; en el Museo L\u00f3pez-Villase\u00f1or &#8211; Foto: Tom\u00e1s Fern\u00e1ndez de Moya<\/p>\n<p>Ramos explica que en Ciudad Real se ha criado taurinamente hablando, \u00abcon el Ateneo, porque han confiado en m\u00ed desde que era muy joven, me han tratado casi como un hijo. He presentado tertulias, he sido pregonero, he pintado carteles, he hecho de todo con ellos. Estar en la capital es como cerrar un c\u00edrculo\u00bb, afirma.<\/p>\n<p>En sus palabras se percibe gratitud hacia la instituci\u00f3n que cumple un cuarto de siglo y que lo ha acompa\u00f1ado en su crecimiento como aficionado y como artista. El propio Ramos reconoce que hab\u00eda temido que el recorrido de la exposici\u00f3n se agotara sin pasar por Ciudad Real: \u00abMe hab\u00edan pedido la muestra en muchos sitios y pensaba que terminar\u00eda sin tener la oportunidad de exponer en la capital, que es mi casa. Por eso este momento tiene un valor especial\u00bb, narra.\u00a0<\/p>\n<p>El aura de la ver\u00f3nica<\/p>\n<p>El lenguaje pict\u00f3rico de \u00c1lvaro Ramos se aparta del realismo estricto para abrazar la insinuaci\u00f3n. En sus lienzos, los rostros de los toreros aparecen difuminados, a veces ocultos, para que sea la postura y el movimiento quienes transmitan la identidad y la emoci\u00f3n. \u00abMe apasiona el toreo de capa, me arrebata especialmente la ver\u00f3nica. Cuando la veo bien ejecutada me llega muy dentro. Esa es la emoci\u00f3n que busco en mis cuadros, m\u00e1s que el detalle preciso\u00bb, explica.<\/p>\n<p><img decoding=\"async\" loading=\"lazy\" src=\"https:\/\/www.europesays.com\/es\/wp-content\/uploads\/2025\/10\/3AA52CA4-6646-429D-9A14B7C23FE96796.JPG\" alt=\"\u00c1lvaro Ramos inaugura este jueves la exposici\u00f3n 'De Jos\u00e9 a Juan: Un siglo de toreo a la ver\u00f3nica' en el Museo L\u00f3pez-Villase\u00f1or\" border=\"0\"\/>\u00c1lvaro Ramos inaugura este jueves la exposici\u00f3n &#8216;De Jos\u00e9 a Juan: Un siglo de toreo a la ver\u00f3nica&#8217; en el Museo L\u00f3pez-Villase\u00f1or &#8211; Foto: Tom\u00e1s Fern\u00e1ndez de Moya<\/p>\n<p>El resultado son escenas vibrantes, de pinceladas sueltas y colores intensos, en las que el espectador completa la obra con su propia mirada. Cuenta la an\u00e9cdota de que Domingo Delgado de la C\u00e1mara, conocido cronista taurino, es el \u00fanico que, hasta el momento, reconoci\u00f3 a los 23 toreros en la exposici\u00f3n de Las Ventas.<\/p>\n<p>La exposici\u00f3n De Jos\u00e9 a Juan no s\u00f3lo es un homenaje al lance m\u00e1s cl\u00e1sico de la tauromaquia, sino tambi\u00e9n un espejo de la propia evoluci\u00f3n del pintor. Desde el debut de su exposici\u00f3n, su trayectoria ha cambiado radicalmente. \u00abEstar en Madrid me cambi\u00f3 la vida. Me dio una visibilidad enorme y provoc\u00f3 un antes y un despu\u00e9s\u00bb, reconoce. Tanto que su agenda se ha llenado de encargos y proyectos, hasta el punto de que ha debido organizar su vida en torno a la pintura.<\/p>\n<p>Ese camino no est\u00e1 exento de dudas. Ramos confiesa convivir con un \u00abs\u00edndrome del impostor\u00bb que crece a medida que avanza su carrera. \u00abCuanto m\u00e1s pinto, m\u00e1s inseguridades descubro. Es algo que me sorprende, porque pensaba que ser\u00eda al rev\u00e9s. Pero cada nuevo cuadro me enfrenta a la sensaci\u00f3n de que quiz\u00e1 no sea capaz de alcanzar lo que busco\u00bb, admite.<\/p>\n<p>Sin embargo, esa tensi\u00f3n entre placer y angustia es, en cierto modo, el motor de su proceso creativo: \u00abCuando empiezo a pintar, lo primero que siento es agobio, la duda de si ser\u00e9 capaz de lograr lo que tengo en la cabeza. Luego llega el alivio al ver que la obra encaja, despu\u00e9s el disfrute y, al final, una presi\u00f3n dolorosa antes de decidir cu\u00e1ndo firmar. Porque una obra nunca est\u00e1 terminada, simplemente llega un momento en que hay que abandonarla\u00bb, explica a La Tribuna.<\/p>\n<p>El recorrido de la muestra en Ciudad Real se inscribe adem\u00e1s en un calendario simb\u00f3lico: la celebraci\u00f3n de los veinticinco a\u00f1os del Ateneo Taurino Manchego, presidido por Antonio Espadas, que ha querido conmemorar su aniversario con la pintura de un almagre\u00f1o que ha hecho de la tauromaquia el centro de su expresi\u00f3n art\u00edstica. La colaboraci\u00f3n del Ayuntamiento ha hecho posible que los cuadros ocupen durante varias semanas las salas del museo L\u00f3pez-Villase\u00f1or, donde convivir\u00e1n con otras piezas de arte contempor\u00e1neo y con la memoria del pintor que da nombre al espacio.<\/p>\n<p>Cada lienzo de la serie muestra a un torero ejecutando la ver\u00f3nica, desde los pioneros Jos\u00e9 G\u00f3mez Ortega &#8216;Joselito el Gallo&#8217; y Belmonte hasta los actuales Morante de la Puebla, Juan Ortega o Pablo Aguado, pasando por nombres como Manolete, Pepe Luis V\u00e1zquez, Rafael de Paula o el ic\u00f3nico Curro Puya. En ellos se aprecia c\u00f3mo la suerte se ha transformado a lo largo de las d\u00e9cadas, a\u00f1adiendo matices de estilo, de ritmo y de concepto.<\/p>\n<p>Ramos subraya que el objetivo era ofrecer \u00abuna visi\u00f3n de conjunto del toreo a la ver\u00f3nica, permitiendo ver c\u00f3mo ha evolucionado y las diferentes maneras en que se ha interpretado\u00bb. Lo curioso de esta exposici\u00f3n llega cuando a \u00c1lvaro Ramos le quieren comprar un cuadro y tiene que pintar, otra vez, al mismo torero ejecutando la ver\u00f3nica: \u00abMe salen cuadros totalmente diferentes porque en cada momento influyen muchos factores como el estado de \u00e1nimo\u00bb.\u00a0<\/p>\n<p>El propio pintor se define como un aficionado que vivi\u00f3 sus primeras pasiones con Jos\u00e9 Miguel Arroyo &#8216;Joselito&#8217; y que hoy se reconoce cautivado por el arte de Ortega y Aguado, dejando claro que \u00abMorante est\u00e1 por encima de todos, porque me tira m\u00e1s la parte rom\u00e1ntica que la \u00e9pica del toreo. Para m\u00ed lo fundamental es la reuni\u00f3n entre toro y torero, ese instante donde se produce el pellizco\u00bb, resume. Esa mirada rom\u00e1ntica es la que late en cada una de sus ver\u00f3nicas pintadas, donde el tiempo parece detenerse en una embestida ensimismada, como escribi\u00f3 Gerardo Diego.<\/p>\n<p>La inauguraci\u00f3n de este jueves es algo m\u00e1s que la apertura de una exposici\u00f3n. Es tambi\u00e9n el reconocimiento a un artista emergente que ha sabido convertir la tauromaquia en lenguaje pict\u00f3rico contempor\u00e1neo, y el homenaje a una instituci\u00f3n, el Ateneo Taurino Manchego, que durante veinticinco a\u00f1os ha mantenido viva la llama de la afici\u00f3n en Ciudad Real. En esa confluencia, \u00c1lvaro Ramos Golderos siente que vuelve a casa. Y lo hace con la ver\u00f3nica como bandera, esa suerte que, como \u00e9l mismo dice, \u00abpone de acuerdo a todos los aficionados\u00bb.<\/p>\n","protected":false},"excerpt":{"rendered":"\u00ab[&#8230;]y olvida el tiempo su onda cosmog\u00f3nicay se cuaja y se embota espeso, ciegoen cada ensimismada honda ver\u00f3nica\u00bb.&hellip;\n","protected":false},"author":2,"featured_media":151911,"comment_status":"","ping_status":"","sticky":false,"template":"","format":"standard","meta":{"footnotes":""},"categories":[277],"tags":[1653,3650,373,1940,3010,168,25,24,5696,241,2042,27081,4317,3728,205,1392,37375,1389,1171,23,167,625,374,444,43622],"class_list":{"0":"post-151910","1":"post","2":"type-post","3":"status-publish","4":"format-standard","5":"has-post-thumbnail","7":"category-toreo","8":"tag-almagro","9":"tag-belmonte","10":"tag-bullfighting","11":"tag-ciudad-real","12":"tag-daimiel","13":"tag-deportes","14":"tag-es","15":"tag-espana","16":"tag-estetica","17":"tag-exposiciones","18":"tag-honda","19":"tag-jose-tomas","20":"tag-la-puebla-de-montalban","21":"tag-las-ventas","22":"tag-madrid","23":"tag-morante-de-la-puebla","24":"tag-museo-lopez-villasenor","25":"tag-plaza-de-toros","26":"tag-sevilla","27":"tag-spain","28":"tag-sports","29":"tag-tauromaquia","30":"tag-toreo","31":"tag-toros","32":"tag-valdepenas"},"share_on_mastodon":{"url":"","error":""},"_links":{"self":[{"href":"https:\/\/www.europesays.com\/es\/wp-json\/wp\/v2\/posts\/151910","targetHints":{"allow":["GET"]}}],"collection":[{"href":"https:\/\/www.europesays.com\/es\/wp-json\/wp\/v2\/posts"}],"about":[{"href":"https:\/\/www.europesays.com\/es\/wp-json\/wp\/v2\/types\/post"}],"author":[{"embeddable":true,"href":"https:\/\/www.europesays.com\/es\/wp-json\/wp\/v2\/users\/2"}],"replies":[{"embeddable":true,"href":"https:\/\/www.europesays.com\/es\/wp-json\/wp\/v2\/comments?post=151910"}],"version-history":[{"count":0,"href":"https:\/\/www.europesays.com\/es\/wp-json\/wp\/v2\/posts\/151910\/revisions"}],"wp:featuredmedia":[{"embeddable":true,"href":"https:\/\/www.europesays.com\/es\/wp-json\/wp\/v2\/media\/151911"}],"wp:attachment":[{"href":"https:\/\/www.europesays.com\/es\/wp-json\/wp\/v2\/media?parent=151910"}],"wp:term":[{"taxonomy":"category","embeddable":true,"href":"https:\/\/www.europesays.com\/es\/wp-json\/wp\/v2\/categories?post=151910"},{"taxonomy":"post_tag","embeddable":true,"href":"https:\/\/www.europesays.com\/es\/wp-json\/wp\/v2\/tags?post=151910"}],"curies":[{"name":"wp","href":"https:\/\/api.w.org\/{rel}","templated":true}]}}