{"id":151912,"date":"2025-10-02T03:14:13","date_gmt":"2025-10-02T03:14:13","guid":{"rendered":"https:\/\/www.europesays.com\/es\/151912\/"},"modified":"2025-10-02T03:14:13","modified_gmt":"2025-10-02T03:14:13","slug":"asi-son-los-lujos-de-uno-de-los-deportistas-mejor-pagados-del-mundo","status":"publish","type":"post","link":"https:\/\/www.europesays.com\/es\/151912\/","title":{"rendered":"as\u00ed son los lujos de uno de los deportistas mejor pagados del mundo"},"content":{"rendered":"<p style=\"\"><strong>Jon Rahm<\/strong> ser\u00e1, junto al norirland\u00e9s Rory Mcilroy, el gran estandarte del equipo europeo en <a href=\"https:\/\/www.abc.es\/summum\/living\/ocio\/oferta-vip-ryder-cup-juega-nueva-york-20250924080717-nt.html\" target=\"_self\" data-voc-vtm-id=\"in-text-traffic\" title=\"la Ryder Cup\" data-mrf-link=\"www.abc.es\" rel=\"nofollow noopener\">la Ryder Cup<\/a> que se disputar\u00e1 en la periferia de Nueva York durante el \u00faltimo fin de semana de septiembre. Llega a la cita el vasco como <a href=\"https:\/\/www.abc.es\/summum\/gente-vip\/lujos-rodean-jon-rahm-lider-equipo-europeo-20230930145239-nt.html\" target=\"_self\" data-voc-vtm-id=\"in-text-traffic\" title=\"l\u00edder natural del conjunto\" data-mrf-link=\"www.abc.es\" rel=\"nofollow noopener\">l\u00edder natural del conjunto<\/a> &#8230;  continental, papel ganado a pulso en las anteriores ediciones del torneo de golf m\u00e1s especial que existe. Especialmente en la celebrada hace dos a\u00f1os en Roma, cuando los europeos pasaron por encima de un equipo de Estados Unidos repleto de estrellas. <\/p>\n<p class=\"voc-p\" style=\"\">No su papel de l\u00edder, pero s\u00ed han cambiado algunas cosas en los \u00faltimos 2 a\u00f1os para Jon Rham. Especialmente, en lo profesional. Poco despu\u00e9s de la Ryder de Roma (2023), <strong>decidi\u00f3 fichar por LIV Golf, el circuito alternativo al cl\u00e1sico PGA Tour<\/strong>, \u00abel de toda la vida\u00bb, donde brillaron Tiger Woods, Phil Mickleson y tantos otros golfistas de renombre, y donde domina con pu\u00f1o de hierro el mejor del mundo, Scottie Scheffler. Jon Rahm firm\u00f3 un contrato por cuatro temporadas con el circuito financiado por Arabia Saud\u00ed valorado, seg\u00fan diversos medios, en unos 500 millones de d\u00f3lares, unos 425 millones de euros, una cantidad muy superior a lo que ganaba en el circuito norteamericano. <\/p>\n<p class=\"voc-p\" style=\"\">Adem\u00e1s, <strong>el golfista espa\u00f1ol ha ganado dos a\u00f1os seguidos<\/strong> su nuevo circuito, que premia al mejor del a\u00f1o con un cheque de 18 millones de d\u00f3lares, m\u00e1s de 15 millones de euros. Seg\u00fan Forbes, solo en 2025, Rham ha ganado m\u00e1s de 100 millones de d\u00f3lares, una cantidad que se suma a los m\u00e1s de 20 millones de euros que se embols\u00f3 en su primer a\u00f1o en su nuevo circuito, cuando gan\u00f3 varios torneos adem\u00e1s de la clasificaci\u00f3n final. <\/p>\n<p class=\"voc-p\" style=\"\">A esta cantidad de ingresos por premios hay que sumar lo que se embolsa Jon Rahm en patrocinios. No tiene tantos como <a href=\"https:\/\/www.abc.es\/summum\/gente-vip\/manera-carlos-alcaraz-vida-grandes-lujos-superestrella-20250424092531-nt.html\" target=\"_self\" data-voc-vtm-id=\"in-text-traffic\" title=\"Carlos Alcaraz\" data-mrf-link=\"www.abc.es\" rel=\"nofollow noopener\">Carlos Alcaraz<\/a>, otra de las estrellas del deporte espa\u00f1ol, pero no son pocos, <strong>ya que es imagen de Callaway, Rolex, Santander<\/strong> \u2014con el que lleg\u00f3 a abrir una sesi\u00f3n de la bolsa de Nueva York\u2014 y Silverleaf Club, club de referencia en la zona donde reside, Scottsdale, en el estado de Arizona. Adem\u00e1s, ha colaborado en el pasado con firmas de renombre en distintos sectores comerciales como Vista Jets (aviaci\u00f3n privada), el tequila Maestro Dobel, Blue Yonder o Mercedes. <\/p>\n<p><img decoding=\"async\" loading=\"lazy\" src=\"https:\/\/s3.abcstatics.com\/abc\/www\/multimedia\/summum\/2025\/09\/24\/im-2023-07-18-santander-ficha-a-jon-rahm-como-nuevo-embajador-global-desktop-U88620518477YYp-760x427@diario_abc.jpeg\" class=\"voc-img\" width=\"760\" height=\"427\" alt=\"Jon Rahm como imagen de Banco Santander\" data-voc-vtm-id=\"in-text-traffic\"\/><\/p>\n<p>Jon Rahm como imagen de Banco Santander<\/p>\n<p>santander<\/p>\n<p class=\"voc-p\" style=\"\">En conclusi\u00f3n, desde la Ryder de 2023, con su fichaje por el LIV, la influencia deportiva de Jon Rahm puede haber perdido algo de peso, pero su cuenta corriente ha engordado de manera sobresaliente. Sin embargo, que sepamos, ya que lleva con suma privacidad su vida personal, esto no ha hecho que cambie en exceso su vida, ni que disfrute de m\u00e1s lujos de los que ya ten\u00eda cuando lider\u00f3 al equipo europeo en la Ryder Cup de Roma. <\/p>\n<p>\nSu casa de Arizona, el primer coche y su Rolex de la suerte\n<\/p>\n<p class=\"voc-p\" style=\"\">A nivel personal, el gran cambio en la vida de Jon Rahm no tiene que ver con los lujos materiales: ahora <strong>es padre de familia numerosa<\/strong>. En octubre del a\u00f1o pasado, el jugador vasco de 31 a\u00f1os fue padre por tercera vez en su vida junto a mujer, Kelley Cahill, a la que conoci\u00f3 durante su etapa como estudiante en la universidad de Arizona. <\/p>\n<p class=\"voc-p\" style=\"\">Es en este estado, al que Jon Rahm se siente muy vinculado, donde la familia estableci\u00f3 su residencia, algo que no ha cambiado desde que se hiciera profesional del golf Jon Rahm. Como se aprecia en algunas (pocas) fotos compartidas por el deportista en sus redes sociales, sobre todo cuando llega Halloween o alguna otra celebraci\u00f3n familiar, la pareja <strong>vive en una mansi\u00f3n ubicada en Scottsdale con vistas a las monta\u00f1as McDowell<\/strong>. La vivienda, que se sepa, tiene piscina exterior y barbacoa, elementos cl\u00e1sicos de este tipo de casas en Estados Unidos, y amplias zonas de estar. <\/p>\n<p class=\"voc-p\" style=\"\">De igual forma que Jon Rahm no comparte apenas detalles de su vida privada \u2014cada vez menos, salvo el nacimiento de su tercer reto\u00f1o\u2014, tampoco muestra si se ha dado alg\u00fan capricho nuevo desde que fich\u00f3 por LIV Golf, ya sea en forma de coche o reloj, dos de los lujos m\u00e1s del gusto de los deportistas profesionales con sueldos millonarios. <\/p>\n<p class=\"voc-p\" style=\"\"><strong>Mercedes y Rolex han sido las dos marcas de dichos sectores m\u00e1s vinculadas al espa\u00f1ol.<\/strong> De la primera fue imagen durante a\u00f1os, de ah\u00ed que sepamos que por sus manos han pasado distintos modelos de lujo dise\u00f1ados y fabricados por la casa germana. No falta en su colecci\u00f3n personal desde que lo recibiera en 2019 el Mercedes-AMG G 63, la \u00abcamioneta\u00bb de lujo de la factor\u00eda alemana que tanto gusta a los futbolistas profesionales. Es, sin duda, uno de los coches de moda, y Jon Rahm lo luci\u00f3 (en color granate) mucho antes de que se convirtiera en tendencia (aunque, en realidad, es un coche que jam\u00e1s ha pasado de moda).<\/p>\n<p class=\"voc-p\" style=\"\">Por lo dem\u00e1s, sobre el garaje de Jon Rahm solo sabemos que en una de sus pocas confesiones p\u00fablicas, hace ya varios a\u00f1os, dijo que su primer capricho tras convertirse en profesional y ganar un mill\u00f3n de d\u00f3lares en la temporada 2015-2016, hace ya una d\u00e9cada, cuando apenas ten\u00eda 21 a\u00f1os, fue adquirir <a href=\"https:\/\/www.abc.es\/summum\/motor\/exclusivo-porsche-911-inspirado-peninsula-iberica-solo-20250128135938-nt.html\" target=\"_self\" data-voc-vtm-id=\"in-text-traffic\" title=\"un Porsche\" data-mrf-link=\"www.abc.es\" rel=\"nofollow noopener\">un Porsche<\/a> rojo\u2026 del que no se atrevi\u00f3 a dar m\u00e1s detalles, por lo que nunca ha trascendido qu\u00e9 modelo escogi\u00f3.<\/p>\n<p><img decoding=\"async\" loading=\"lazy\" src=\"https:\/\/www.europesays.com\/es\/wp-content\/uploads\/2025\/10\/mercedes-U13530427111RfU-760x427@diario_abc.jpeg\" class=\"voc-img\" width=\"760\" height=\"427\" alt=\"Jon Rahm posa para Mercedes\" data-voc-vtm-id=\"in-text-traffic\"\/><\/p>\n<p>Jon Rahm posa para Mercedes<\/p>\n<p>mercedes benz<\/p>\n<p class=\"voc-p\" style=\"\">Y si hablamos de relojes, su acuerdo con Rolex limita mucho su colecci\u00f3n personal. Al menos, la parte que muestra en p\u00fablico. Esto no quita, igual que ocurre con Jannik Sinner o Carlos Alcaraz, tambi\u00e9n patrocinados por la firma suiza, que el vasco no tenga algunas joyas hiperexclusivas en su poder. Por ejemplo, hemos visto a Rahm en alguna rueda de prensa con un <strong>Rolex Daytona con bisel de rub\u00edes baguette en color rojo<\/strong>, un modelo exclusivo de 2023 fabricado en oro blanco de 18 quilates cuyo valor en el mercado de segunda mano ronda los 700.000 euros. Actualmente, hay modelos de la versi\u00f3n azul (con obsidianas como piedras preciosas en lugar de rub\u00edes) que superan ampliamente el mill\u00f3n de euros en el mercado.<\/p>\n<p class=\"voc-p\" style=\"\">Eso s\u00ed, ninguno de sus relojes tiene el peso simb\u00f3lico del <strong>Rolex Sky-Dweller de acero y oro blanco y esfera azul<\/strong> que ha sido bautizado ya como el reloj de la suerte de Jon Rahm porque lo llev\u00f3 cuando gan\u00f3 los torneos m\u00e1s importantes que decoran su vitrina de trofeos: el US Open del 2021, el Masters de Augusta 2023 y la Ryder Cup del mismo a\u00f1o. <\/p>\n<p><img decoding=\"async\" loading=\"lazy\" src=\"https:\/\/www.europesays.com\/es\/wp-content\/uploads\/2025\/10\/rolex-U83871375342gCU-760x627@diario_abc.jpg\" class=\"voc-img\" width=\"760\" height=\"627\" alt=\"Jon Rahm tras ganar el torneo de Maestros en 2023\" data-voc-vtm-id=\"in-text-traffic\"\/><\/p>\n<p>Jon Rahm tras ganar el torneo de Maestros en 2023<\/p>\n<p>rolex<\/p>\n<p class=\"voc-p\" style=\"\">\u00bfLo llevar\u00e1 consigo en Nueva York para intentar reeditar triunfo europeo en esta Ryder? Saldremos de dudas cuando le veamos competir junto al resto del equipo continental entre el 26 y el 28 de septiembre.<\/p>\n","protected":false},"excerpt":{"rendered":"Jon Rahm ser\u00e1, junto al norirland\u00e9s Rory Mcilroy, el gran estandarte del equipo europeo en la Ryder Cup&hellip;\n","protected":false},"author":2,"featured_media":151913,"comment_status":"","ping_status":"","sticky":false,"template":"","format":"standard","meta":{"footnotes":""},"categories":[275],"tags":[5393,168,927,25,24,700,329,2650,2289,45989,1684,3013,43474,7389,330,2229,23,167],"class_list":{"0":"post-151912","1":"post","2":"type-post","3":"status-publish","4":"format-standard","5":"has-post-thumbnail","7":"category-golf","8":"tag-cup","9":"tag-deportes","10":"tag-deportistas","11":"tag-es","12":"tag-espana","13":"tag-europa","14":"tag-golf","15":"tag-jon","16":"tag-lidera","17":"tag-lujos","18":"tag-mejor","19":"tag-mundo","20":"tag-pagados","21":"tag-patrocinios","22":"tag-rahm","23":"tag-ryder","24":"tag-spain","25":"tag-sports"},"share_on_mastodon":{"url":"","error":""},"_links":{"self":[{"href":"https:\/\/www.europesays.com\/es\/wp-json\/wp\/v2\/posts\/151912","targetHints":{"allow":["GET"]}}],"collection":[{"href":"https:\/\/www.europesays.com\/es\/wp-json\/wp\/v2\/posts"}],"about":[{"href":"https:\/\/www.europesays.com\/es\/wp-json\/wp\/v2\/types\/post"}],"author":[{"embeddable":true,"href":"https:\/\/www.europesays.com\/es\/wp-json\/wp\/v2\/users\/2"}],"replies":[{"embeddable":true,"href":"https:\/\/www.europesays.com\/es\/wp-json\/wp\/v2\/comments?post=151912"}],"version-history":[{"count":0,"href":"https:\/\/www.europesays.com\/es\/wp-json\/wp\/v2\/posts\/151912\/revisions"}],"wp:featuredmedia":[{"embeddable":true,"href":"https:\/\/www.europesays.com\/es\/wp-json\/wp\/v2\/media\/151913"}],"wp:attachment":[{"href":"https:\/\/www.europesays.com\/es\/wp-json\/wp\/v2\/media?parent=151912"}],"wp:term":[{"taxonomy":"category","embeddable":true,"href":"https:\/\/www.europesays.com\/es\/wp-json\/wp\/v2\/categories?post=151912"},{"taxonomy":"post_tag","embeddable":true,"href":"https:\/\/www.europesays.com\/es\/wp-json\/wp\/v2\/tags?post=151912"}],"curies":[{"name":"wp","href":"https:\/\/api.w.org\/{rel}","templated":true}]}}