{"id":151916,"date":"2025-10-02T03:18:15","date_gmt":"2025-10-02T03:18:15","guid":{"rendered":"https:\/\/www.europesays.com\/es\/151916\/"},"modified":"2025-10-02T03:18:15","modified_gmt":"2025-10-02T03:18:15","slug":"lluvia-de-lesionados-en-la-euroliga","status":"publish","type":"post","link":"https:\/\/www.europesays.com\/es\/151916\/","title":{"rendered":"Lluvia de lesionados en la Euroliga"},"content":{"rendered":"<p>\n        La temporada no ha hecho sino comenzar en la <strong>Euroliga<\/strong> y varios clubes ya sufren <strong>serios problemas con las lesiones<\/strong>. La m\u00e1s grave de todas tiene de nuevo a <strong>Juan N\u00fa\u00f1ez<\/strong> como protagonista.\n<\/p>\n<p class=\"article-body__text \">\n        El <strong>base del Barcelona<\/strong> estar\u00e1 <strong>seis meses de baja<\/strong> tras haber pasado este martes por el <strong>quir\u00f3fano<\/strong> con el fin de volver a tratarse de su <strong>lesi\u00f3n en la rodilla derecha<\/strong>, que ya le mantuvo fuera de las pistas al final de la pasada temporada, y de la que se resinti\u00f3 tras el <strong>primer partido de pretemporada<\/strong> frente al <strong>Paris Basketball<\/strong>.\n<\/p>\n<p class=\"article-body__text \">\n        Este percance constituye un gran problema para el t\u00e9cnico Joan Pe\u00f1arroya, quien solo cuenta con Tomas Satoransky y el reci\u00e9n llegado Juani Marcos para la posici\u00f3n de base. <strong>El entrenador egarense tendr\u00e1 que volver a recurrir a escoltas como Dar\u00edo Brizuela o Nicol\u00e1s Laprovittola<\/strong> para jugar en ese puesto durante los seis meses que N\u00fa\u00f1ez est\u00e9 de baja.\n<\/p>\n<p>            <a href=\"https:\/\/www.noticiasdealava.eus\/baskonia\/2025\/10\/01\/hamidou-diallo-fichaje-impacto-baskonia-10154725.html\" title=\"Hamidou Diallo, un fichaje de impacto en el Baskonia\" class=\"new__media\" rel=\"nofollow noopener\" target=\"_blank\"><\/p>\n<p>                <img alt=\"Hamidou Diallo, un fichaje de impacto en el Baskonia\" data-src=\"https:\/\/www.europesays.com\/es\/wp-content\/uploads\/2025\/10\/1abe0f1c-2502-4b4f-8bf9-60151b385ce1_16-9-aspect-ratio_default_0_x648y355.jpg\" class=\"lozad\"\/><\/p>\n<p>        <\/a><\/p>\n<p>        <a href=\"https:\/\/www.noticiasdealava.eus\/baskonia\/2025\/10\/01\/hamidou-diallo-fichaje-impacto-baskonia-10154725.html\" title=\"Hamidou Diallo, un fichaje de impacto en el Baskonia\" class=\"new__headline\" rel=\"nofollow noopener\" target=\"_blank\"><br \/>\n            Hamidou Diallo, un fichaje de impacto en el Baskonia<br \/>\n        <\/a><\/p>\n<p class=\"article-body__text \">\n        En el <strong>Fenerbahce<\/strong>, un viejo objeto de deseo del <strong>Baskonia<\/strong> como <strong>Arturs Zagars<\/strong> sufre un <strong>desgarro muscular<\/strong> que le obligar\u00e1 a perderse <strong>varias semanas de competici\u00f3n<\/strong>.\n<\/p>\n<p class=\"article-body__text \">\n        Peor le van las cosas al <strong>Panathinaikos<\/strong>. <strong>Ataman<\/strong> ha confirmado que <strong>Math\u00edas Lessort<\/strong> no jugar\u00e1 hasta <strong>noviembre<\/strong>, mientras que <strong>Cedi Osman<\/strong> es duda para la <strong>visita del conjunto del tr\u00e9bol a Vitoria<\/strong> el pr\u00f3ximo <strong>9 de octubre<\/strong> debido a la <strong>lesi\u00f3n sufrida en el tobillo<\/strong> con Turqu\u00eda en el pasado Europeo.\n<\/p>\n<p class=\"article-photo__footer\">\n            Voigtmann celebra una canasta con el Bayern de M\u00fanich.            Bayern        <\/p>\n<p class=\"article-body__text \">\n        En dicho evento, <strong>Rokas Jokubaitis<\/strong> y <strong>Johannes Voigtmann<\/strong> \u2013ambos pertenecientes al <strong>Bayern Munich<\/strong>\u2013 tambi\u00e9n resultaron <strong>lesionados de gravedad<\/strong>. El base lituano no reaparecer\u00e1 hasta bien entrado el 2026 tras una lesi\u00f3n en el ligamento cruzado anterior y el menisco en la rodilla izquierda.\n<\/p>\n<p>  Dos Santos, al Estrella Roja<\/p>\n<p class=\"article-body__text \">\n        A quien le ha mirado un tuerto igualmente es el <strong>Estrella Roja<\/strong> tras haber perdido de una tacada para bastante tiempo a <strong>Isaiah Canaan<\/strong>, <strong>Jasiel Rivero<\/strong> y <strong>Devonte Graham<\/strong>, de ah\u00ed que <strong>Sfairopoulos<\/strong> haya conseguido el regreso del base brasile\u00f1o Yago dos Santos.\n<\/p>\n<p>            <a href=\"https:\/\/www.noticiasdealava.eus\/baskonia\/2025\/10\/01\/ramiro-gonzalez-dice-diputacion-capacidad-10152483.html\" title=\"Ramiro Gonz\u00e1lez dice que &quot;la Diputaci\u00f3n no tiene capacidad legal para impedir&quot; que equipos israel\u00edes jueguen en el Buesa\" class=\"new__media\" rel=\"nofollow noopener\" target=\"_blank\"><\/p>\n<p>                <img alt=\"Ramiro Gonz\u00e1lez dice que &quot;la Diputaci\u00f3n no tiene capacidad legal para impedir&quot; que equipos israel\u00edes jueguen en el Buesa\" data-src=\"https:\/\/www.europesays.com\/es\/wp-content\/uploads\/2025\/09\/4dad6430-f66a-4cf6-8ed8-76444d58755b_16-9-aspect-ratio_default_0.jpg\" class=\"lozad\"\/><\/p>\n<p>        <\/a><\/p>\n<p>        <a href=\"https:\/\/www.noticiasdealava.eus\/baskonia\/2025\/10\/01\/ramiro-gonzalez-dice-diputacion-capacidad-10152483.html\" title=\"Ramiro Gonz\u00e1lez dice que &quot;la Diputaci\u00f3n no tiene capacidad legal para impedir&quot; que equipos israel\u00edes jueguen en el Buesa\" class=\"new__headline\" rel=\"nofollow noopener\" target=\"_blank\"><br \/>\n            Ramiro Gonz\u00e1lez dice que \u00abla Diputaci\u00f3n no tiene capacidad legal para impedir\u00bb que equipos israel\u00edes jueguen en el Buesa<br \/>\n        <\/a><\/p>\n<p class=\"article-body__text \">\n        El Baskonia tambi\u00e9n tiene su correspondiente cuota de problemas con <strong>Mamadi Diakite y Rodions Kurucs fuera de combate<\/strong>, si bien el regreso del m\u00f3vil interior guineano puede hacerse realidad en breve.\n<\/p>\n<p class=\"article-body__text \">\n        El Olympiacos, su rival del martes en el estreno de la Euroliga, tambi\u00e9n deber\u00e1 armarse de paciencia para asistir, entre otros, a la vuelta de <strong>Moustapha Fall, aquejado de una rotura del tend\u00f3n rotuliano de la rodilla izquierda<\/strong>.\n<\/p>\n<p class=\"article-body__text \">\n        Pedro Mart\u00ednez, por \u00faltimo, mantiene en el dique seco en el Valencia Basket a <strong>los exteriores Brancou Badio, Jean Montero y Xabi L\u00f3pez-Arostegui<\/strong>, aunque ello no le impidi\u00f3 conquistar la Supercopa tras imponerse al Real Madrid en la final celebrada en M\u00e1laga.<\/p>\n","protected":false},"excerpt":{"rendered":"La temporada no ha hecho sino comenzar en la Euroliga y varios clubes ya sufren serios problemas con&hellip;\n","protected":false},"author":2,"featured_media":151917,"comment_status":"","ping_status":"","sticky":false,"template":"","format":"standard","meta":{"footnotes":""},"categories":[269],"tags":[299,298,168,25,24,833,45990,1479,23,167],"class_list":{"0":"post-151916","1":"post","2":"type-post","3":"status-publish","4":"format-standard","5":"has-post-thumbnail","7":"category-baloncesto","8":"tag-baloncesto","9":"tag-basketball","10":"tag-deportes","11":"tag-es","12":"tag-espana","13":"tag-euroliga","14":"tag-lesionados","15":"tag-lluvia","16":"tag-spain","17":"tag-sports"},"share_on_mastodon":{"url":"","error":""},"_links":{"self":[{"href":"https:\/\/www.europesays.com\/es\/wp-json\/wp\/v2\/posts\/151916","targetHints":{"allow":["GET"]}}],"collection":[{"href":"https:\/\/www.europesays.com\/es\/wp-json\/wp\/v2\/posts"}],"about":[{"href":"https:\/\/www.europesays.com\/es\/wp-json\/wp\/v2\/types\/post"}],"author":[{"embeddable":true,"href":"https:\/\/www.europesays.com\/es\/wp-json\/wp\/v2\/users\/2"}],"replies":[{"embeddable":true,"href":"https:\/\/www.europesays.com\/es\/wp-json\/wp\/v2\/comments?post=151916"}],"version-history":[{"count":0,"href":"https:\/\/www.europesays.com\/es\/wp-json\/wp\/v2\/posts\/151916\/revisions"}],"wp:featuredmedia":[{"embeddable":true,"href":"https:\/\/www.europesays.com\/es\/wp-json\/wp\/v2\/media\/151917"}],"wp:attachment":[{"href":"https:\/\/www.europesays.com\/es\/wp-json\/wp\/v2\/media?parent=151916"}],"wp:term":[{"taxonomy":"category","embeddable":true,"href":"https:\/\/www.europesays.com\/es\/wp-json\/wp\/v2\/categories?post=151916"},{"taxonomy":"post_tag","embeddable":true,"href":"https:\/\/www.europesays.com\/es\/wp-json\/wp\/v2\/tags?post=151916"}],"curies":[{"name":"wp","href":"https:\/\/api.w.org\/{rel}","templated":true}]}}