{"id":151918,"date":"2025-10-02T03:19:09","date_gmt":"2025-10-02T03:19:09","guid":{"rendered":"https:\/\/www.europesays.com\/es\/151918\/"},"modified":"2025-10-02T03:19:09","modified_gmt":"2025-10-02T03:19:09","slug":"los-primeros-damnificados-del-once-ideal-que-ha-encontrado-almeyda","status":"publish","type":"post","link":"https:\/\/www.europesays.com\/es\/151918\/","title":{"rendered":"Los primeros &#8216;damnificados&#8217; del once ideal que ha encontrado Almeyda"},"content":{"rendered":"<p>01\/10\/2025<br \/>\n<br \/><strong><br \/>\nActualizado a las 20:42h.<br \/>\n<\/strong><\/p>\n<p class=\"voc-p\" style=\"\"><strong>Mat\u00edas Almeyda<\/strong> tiene claro que s\u00f3lo con la fuerza del grupo podr\u00e1 salir adelante. Necesita de todos los jugadores que tiene el Sevilla, puesto que llegar\u00e1n momentos del curso donde las lesiones (como la actual de <strong>Januzaj<\/strong>) obligar\u00e1n al entrenador a tomar decisiones o probar situaciones hasta la fecha desconocidas. Aun as\u00ed, el argentino va encontrando tanto el sistema de juego donde mejor se sienten sus hombres, como los futbolistas mejor preparados para ejecutarlo. Se vio, sin ir m\u00e1s lejos, en el \u00faltimo partido ante el <strong>Rayo<\/strong>. Porter\u00eda para <strong>Vlachodimos<\/strong>, quien se ha convertido en salvador.; defensa de tres con <strong>Azpilicueta y Marcao<\/strong>. <strong>Cardoso<\/strong> fue el parche mientras regresa <strong>Nianzou<\/strong>, el preferido; carriles para <strong>Carmona y Suazo<\/strong>, quienes m\u00e1s repiten; Doble pivote con <strong>Agoum\u00e9 y Mendy<\/strong>, quienes descansaron ante el <strong>Villarreal<\/strong> y el equipo se resinti\u00f3; mediaspuntas para <strong>Vargas y Alexis<\/strong>, con permiso del lesionado <strong>Alfon<\/strong>; delantera para<strong> Isaac<\/strong>.<\/p>\n<p class=\"voc-p\" style=\"\">Con estos protagonistas en un lado, otros hombres que podr\u00edan aspirar a la titularidad se van quedando de momento atr\u00e1s, damnificados por las primeras decisiones de <strong>Almeyda<\/strong>. Es lo que tiene encontrar pronto resultados y que esos fichajes de verano den desde el primer d\u00eda el nivel esperado por ellos, relegando a la suplencia a futbolistas que llevaban tiempo siendo titulares pese a que su nivel no les alcanzase para ello. Hay casos claros en Nervi\u00f3n, comenzando por <strong>Nyland<\/strong>. El meta noruego se ha visto relegado a la suplencia en los tres \u00faltimos partidos. Su gran actuaci\u00f3n en Girona le sirvi\u00f3 para aguantar una jornada m\u00e1s. <strong>Vlachodimos<\/strong> le ha dejado atr\u00e1s.<\/p>\n<p class=\"voc-p\" style=\"\">El primer capit\u00e1n del Sevilla, <strong>Nemanja Gudelj<\/strong>, hab\u00eda participado en los primeros seis compromisos, siendo titular en todos menos uno (Vitoria). <strong>Almeyda<\/strong> no recurri\u00f3 al serbio en <strong>Vallecas<\/strong>, dejando que los dos centrocampistas franceses cargasen con toda la responsabilidad en un encuentro de mucho choque, para que <strong>Sow<\/strong> apareciese en la segunda mitad. Tampoco tuvo su oportunidad <strong>Juanlu S\u00e1nchez<\/strong>, a quien le vuelve a salir mal la competencia con Carmona por la banda derecha.<\/p>\n<p class=\"voc-p\" style=\"\">El pasado a\u00f1o tuvo una participaci\u00f3n activa con <strong>Garc\u00eda Pimienta<\/strong> como interior, dejando el t\u00e9cnico catal\u00e1n a <strong>Carmona<\/strong> cerrando un costado. Nuevamente se ve superado por su compa\u00f1ero, aunque le sigan ofreciendo oportunidades. Sobre todo fuera de casa es evidente cu\u00e1l es la elecci\u00f3n. Por \u00faltimo, <strong>Chidera Ejuke<\/strong> se va cayendo antes incluso se demostrar si est\u00e1 para ser titular. El nigeriano tuvo su oportunidad y no la aprovech\u00f3. <strong>Almeyda<\/strong> tiene claro que <strong>Vargas<\/strong> es titular y entre <strong>Alfon y Alexis<\/strong> se jugar\u00e1n el otro costado. Todo esto mientras el <strong>5-2-2-1<\/strong> siga siendo la base del \u00e9xito. El entrenador siempre tiene la \u00faltima palabra.<\/p>\n<p>Reportar un error<\/p>\n","protected":false},"excerpt":{"rendered":"01\/10\/2025 Actualizado a las 20:42h. Mat\u00edas Almeyda tiene claro que s\u00f3lo con la fuerza del grupo podr\u00e1 salir&hellip;\n","protected":false},"author":2,"featured_media":151919,"comment_status":"","ping_status":"","sticky":false,"template":"","format":"standard","meta":{"footnotes":""},"categories":[268],"tags":[1364,45991,168,37848,25,24,280,282,17127,531,566,1171,281,23,167],"class_list":{"0":"post-151918","1":"post","2":"type-post","3":"status-publish","4":"format-standard","5":"has-post-thumbnail","7":"category-futbol","8":"tag-almeyda","9":"tag-damnificados","10":"tag-deportes","11":"tag-encontrado","12":"tag-es","13":"tag-espana","14":"tag-football","15":"tag-futbol","16":"tag-ideal","17":"tag-once","18":"tag-primeros","19":"tag-sevilla","20":"tag-soccer","21":"tag-spain","22":"tag-sports"},"share_on_mastodon":{"url":"","error":""},"_links":{"self":[{"href":"https:\/\/www.europesays.com\/es\/wp-json\/wp\/v2\/posts\/151918","targetHints":{"allow":["GET"]}}],"collection":[{"href":"https:\/\/www.europesays.com\/es\/wp-json\/wp\/v2\/posts"}],"about":[{"href":"https:\/\/www.europesays.com\/es\/wp-json\/wp\/v2\/types\/post"}],"author":[{"embeddable":true,"href":"https:\/\/www.europesays.com\/es\/wp-json\/wp\/v2\/users\/2"}],"replies":[{"embeddable":true,"href":"https:\/\/www.europesays.com\/es\/wp-json\/wp\/v2\/comments?post=151918"}],"version-history":[{"count":0,"href":"https:\/\/www.europesays.com\/es\/wp-json\/wp\/v2\/posts\/151918\/revisions"}],"wp:featuredmedia":[{"embeddable":true,"href":"https:\/\/www.europesays.com\/es\/wp-json\/wp\/v2\/media\/151919"}],"wp:attachment":[{"href":"https:\/\/www.europesays.com\/es\/wp-json\/wp\/v2\/media?parent=151918"}],"wp:term":[{"taxonomy":"category","embeddable":true,"href":"https:\/\/www.europesays.com\/es\/wp-json\/wp\/v2\/categories?post=151918"},{"taxonomy":"post_tag","embeddable":true,"href":"https:\/\/www.europesays.com\/es\/wp-json\/wp\/v2\/tags?post=151918"}],"curies":[{"name":"wp","href":"https:\/\/api.w.org\/{rel}","templated":true}]}}