{"id":151920,"date":"2025-10-02T03:20:09","date_gmt":"2025-10-02T03:20:09","guid":{"rendered":"https:\/\/www.europesays.com\/es\/151920\/"},"modified":"2025-10-02T03:20:09","modified_gmt":"2025-10-02T03:20:09","slug":"amaia-montero-reaparece-sin-maquillaje-y-todos-se-hacen-la-misma-pregunta","status":"publish","type":"post","link":"https:\/\/www.europesays.com\/es\/151920\/","title":{"rendered":"Amaia Montero reaparece sin maquillaje y todos se hacen la misma pregunta"},"content":{"rendered":"<p><a title=\"Amaia Montero\" href=\"https:\/\/www.larazon.es\/gente\/famosos\/amaia-montero-lealtad-reproche-foto-gonzalo-miro-que-deja-evidencia-cayetana-guillen-cuervo_20250508681c72a6e52da91ed53c49ff.html\" target=\"_blank\" rel=\"nofollow noopener\">Amaia Montero<\/a> no es muy dada a actualizar sus redes sociales, pues conoce el revuelo que se genera despu\u00e9s con cada interacci\u00f3n. Subir una fotograf\u00eda a sus perfiles p\u00fablicos es dar pie a que todos sus fans opinen sobre ella. Tambi\u00e9n los \u2018haters\u2019. Es una <b>medida de protecci\u00f3n a su autoestima y su salud mental<\/b>, que en los \u00faltimos a\u00f1os ha sido su principal preocupaci\u00f3n. Lo ha pasado muy mal y <b>ha trabajado duro para encontrar de nuevo la estabilidad, de ah\u00ed que no est\u00e9 dispuesta a poner en riesgo el esfuerzo empleado<\/b>. Aun as\u00ed, acaba de dar de nuevo el paso. <\/p>\n<p>La cantante se encuentra en el ojo del hurac\u00e1n y siendo objeto de un sinf\u00edn de especulaciones. Especialmente despu\u00e9s de <a title=\"la salida de Leire Mart\u00ednez de \u2018La oreja de Van Gogh\u2019\" href=\"https:\/\/www.larazon.es\/gente\/famosos\/leire-martinez-pronuncia-polemica-amaia-montero-cayetana-guillen-cuervo-todo-acabaria-hablara-claro_202504246809e26c319ae75da4b42edd.html\" target=\"_blank\" rel=\"nofollow noopener\">la salida de Leire Mart\u00ednez de \u2018La oreja de Van Gogh\u2019<\/a>, grupo musical al que podr\u00eda regresar en breve. Al menos eso es lo que muchos consideran, teniendo en cuenta no solo sus \u00faltimos movimientos p\u00fablicos, sino tambi\u00e9n <a title=\"la indiscreci\u00f3n de su buena amiga Cayetana Guill\u00e9n Cuervo\" href=\"https:\/\/www.larazon.es\/gente\/famosos\/cayetana-guillen-cuervo-corre-tupido-velo-distanciamiento-amaia-montero_20250812689af59d8180495aa5167a41.html\" target=\"_blank\" rel=\"nofollow noopener\">la indiscreci\u00f3n de su buena amiga Cayetana Guill\u00e9n Cuervo<\/a>, que al <b>dar por cierto los rumores sin confirmaci\u00f3n oficial<\/b> ha sido expulsada de su selecto club de amistades. Un l\u00edo que sigue generando r\u00edos de tinta y un sinf\u00edn de comentarios entres sus fans, que ella no sabe muy bien c\u00f3mo esquivar. <\/p>\n<p>Amaia Montero vuelve a brillar con luz propia<\/p>\n<p>La afamada artista que marc\u00f3 una generaci\u00f3n con su talento sobre los escenarios ha reaparecido con el inicio del mes de octubre. Lo hace para dar los buenos d\u00edas a sus seguidores, con una fotograf\u00eda que no ha dejado indiferente a nadie. Y es que en ella <b>aparece con la cara lavada, sin recurrir al maquillaje para cubrir imperfecciones o potenciar sus puntos fuertes<\/b>. Est\u00e1 recostada pl\u00e1cidamente en un sof\u00e1, tranquila y haciendo o\u00eddos sordos a lo que se dice y publica sobre ella en los \u00faltimos meses. <\/p>\n<p>Como cabr\u00eda esperar, la instant\u00e1nea pronto se ha convertido en un fen\u00f3meno viral. Y es que son muchos los fans que han dado al coraz\u00f3n de \u2018me gusta\u2019, as\u00ed como los que han dejado un comentario para mostrar su reacci\u00f3n. As\u00ed lo han hecho tambi\u00e9n muchos rostros conocidos de nuestro pa\u00eds, como <b>la cantante Mal\u00fa, la popular Rosa Benito o las actrices Elena Furiase o Cristina Casta\u00f1o, que aplauden su valent\u00eda<\/b>. No ha faltado un mensaje de su \u00edntima amiga, <b>Eugenia Mart\u00ednez de Irujo, que reconoce verla \u201cespectacular\u201d<\/b>. <\/p>\n<p>Sin embargo, lo que es recurrente en su cuenta personal de Instagram es la misma pregunta que todos se hacen: \u00bfvuelve con \u2018La oreja de Van Gogh\u2019? Aunque ella no ha querido pronunciarse p\u00fablicamente al respecto y deja abierta la posibilidad a que este paso se d\u00e9, sus fans siguen empe\u00f1ados en saber qu\u00e9 se trae entre manos. <b>Conf\u00edan en que su regreso a los escenarios est\u00e1 cerca, pero tambi\u00e9n fantasean con la posibilidad de que la salida de Leire Mart\u00ednez de la formaci\u00f3n vasca no sea una casualidad<\/b>. La pregunta y el expreso deseo que as\u00ed sea se puede leer hasta la saciedad. Ella no responde.<\/p>\n","protected":false},"excerpt":{"rendered":"Amaia Montero no es muy dada a actualizar sus redes sociales, pues conoce el revuelo que se genera&hellip;\n","protected":false},"author":2,"featured_media":151921,"comment_status":"","ping_status":"","sticky":false,"template":"","format":"standard","meta":{"footnotes":""},"categories":[174],"tags":[255,146,147,25,24,256,23],"class_list":{"0":"post-151920","1":"post","2":"type-post","3":"status-publish","4":"format-standard","5":"has-post-thumbnail","7":"category-famosos","8":"tag-celebrities","9":"tag-entertainment","10":"tag-entretenimiento","11":"tag-es","12":"tag-espana","13":"tag-famosos","14":"tag-spain"},"share_on_mastodon":{"url":"","error":""},"_links":{"self":[{"href":"https:\/\/www.europesays.com\/es\/wp-json\/wp\/v2\/posts\/151920","targetHints":{"allow":["GET"]}}],"collection":[{"href":"https:\/\/www.europesays.com\/es\/wp-json\/wp\/v2\/posts"}],"about":[{"href":"https:\/\/www.europesays.com\/es\/wp-json\/wp\/v2\/types\/post"}],"author":[{"embeddable":true,"href":"https:\/\/www.europesays.com\/es\/wp-json\/wp\/v2\/users\/2"}],"replies":[{"embeddable":true,"href":"https:\/\/www.europesays.com\/es\/wp-json\/wp\/v2\/comments?post=151920"}],"version-history":[{"count":0,"href":"https:\/\/www.europesays.com\/es\/wp-json\/wp\/v2\/posts\/151920\/revisions"}],"wp:featuredmedia":[{"embeddable":true,"href":"https:\/\/www.europesays.com\/es\/wp-json\/wp\/v2\/media\/151921"}],"wp:attachment":[{"href":"https:\/\/www.europesays.com\/es\/wp-json\/wp\/v2\/media?parent=151920"}],"wp:term":[{"taxonomy":"category","embeddable":true,"href":"https:\/\/www.europesays.com\/es\/wp-json\/wp\/v2\/categories?post=151920"},{"taxonomy":"post_tag","embeddable":true,"href":"https:\/\/www.europesays.com\/es\/wp-json\/wp\/v2\/tags?post=151920"}],"curies":[{"name":"wp","href":"https:\/\/api.w.org\/{rel}","templated":true}]}}