{"id":151922,"date":"2025-10-02T03:22:11","date_gmt":"2025-10-02T03:22:11","guid":{"rendered":"https:\/\/www.europesays.com\/es\/151922\/"},"modified":"2025-10-02T03:22:11","modified_gmt":"2025-10-02T03:22:11","slug":"el-sabado-4-marta-arrizabalaga-presenta-su-primer-libro-infantil-infolobos","status":"publish","type":"post","link":"https:\/\/www.europesays.com\/es\/151922\/","title":{"rendered":"EL SABADO 4 MARTA ARRIZABALAGA PRESENTA SU PRIMER LIBRO INFANTIL \u2013 Infolobos"},"content":{"rendered":"<p>La reconocida docente lobense Marta Arrizabalaga, con m\u00e1s de 40 a\u00f1os de trayectoria en el \u00e1mbito educativo, presentar\u00e1 el s\u00e1bado 4 a las 17 horas en el Teatro Italiano, su primer libro infantil titulado \u201cLa b\u00fasqueda del tesoro\u201d.<\/p>\n<p>\u201cLa b\u00fasqueda del tesoro\u201d es una historia donde los protagonistas son tres amigos muy especiales: un viol\u00edn, un piano y un chelo que emprenden juntos una aventura llena de m\u00fasica y aprendizaje. A trav\u00e9s de este relato, Marta propone un acercamiento a las inteligencias m\u00faltiples, destacando las capacidades innatas con las que nacemos y la importancia de que los adultos brinden a los ni\u00f1os experiencias que favorezcan su desarrollo integral.<\/p>\n<p>\u201cPara los chicos es un libro para jugar y dejarse llevar por la imaginaci\u00f3n, y para los adultos una invitaci\u00f3n a asumir el rol de facilitadores de experiencias en la vida de los ni\u00f1os\u201d, explica la autora.<\/p>\n<p>La obra cuenta con las ilustraciones de la artista pl\u00e1stica Andrea Avagnina, que aporta sensibilidad y color al universo narrativo, enriqueciendo la propuesta, tanto desde lo visual como desde lo simb\u00f3lico.<\/p>\n<p>La presentaci\u00f3n tendr\u00e1, adem\u00e1s, un momento muy especial: la participaci\u00f3n de la Orquesta Escuela de Lobos, bajo la direcci\u00f3n de Lucio Leiva, que sumar\u00e1 una intervenci\u00f3n audiovisual creada especialmente para este encuentro, que cuenta con el auspicio de la Direcci\u00f3n de Cultura del Municipio.<\/p>\n<p><strong>OTRA PRESENTACION<\/strong><\/p>\n<p>Tambi\u00e9n el s\u00e1bado 4, a las 16 horas, en la Biblioteca Popular H\u00e9roes de Malvinas, Mirta G\u00f3mes presentar\u00e1 su primer libro, \u201cLogrando Bienestar\u201d ense\u00f1anzas y herramientas para mejorar la vida en general.<\/p>\n<p>El ejemplar fue publicado por Luminosa Ediciones.<\/p>\n<p><img loading=\"lazy\" decoding=\"async\" class=\"alignnone size-medium wp-image-30697\" src=\"https:\/\/www.europesays.com\/es\/wp-content\/uploads\/2025\/10\/libro-gomes-212x300.jpg\" alt=\"\" width=\"212\" height=\"300\"  \/><\/p>\n","protected":false},"excerpt":{"rendered":"La reconocida docente lobense Marta Arrizabalaga, con m\u00e1s de 40 a\u00f1os de trayectoria en el \u00e1mbito educativo, presentar\u00e1&hellip;\n","protected":false},"author":2,"featured_media":151923,"comment_status":"","ping_status":"","sticky":false,"template":"","format":"standard","meta":{"footnotes":""},"categories":[172],"tags":[224,146,147,25,24,225,23],"class_list":{"0":"post-151922","1":"post","2":"type-post","3":"status-publish","4":"format-standard","5":"has-post-thumbnail","7":"category-libros","8":"tag-books","9":"tag-entertainment","10":"tag-entretenimiento","11":"tag-es","12":"tag-espana","13":"tag-libros","14":"tag-spain"},"share_on_mastodon":{"url":"","error":""},"_links":{"self":[{"href":"https:\/\/www.europesays.com\/es\/wp-json\/wp\/v2\/posts\/151922","targetHints":{"allow":["GET"]}}],"collection":[{"href":"https:\/\/www.europesays.com\/es\/wp-json\/wp\/v2\/posts"}],"about":[{"href":"https:\/\/www.europesays.com\/es\/wp-json\/wp\/v2\/types\/post"}],"author":[{"embeddable":true,"href":"https:\/\/www.europesays.com\/es\/wp-json\/wp\/v2\/users\/2"}],"replies":[{"embeddable":true,"href":"https:\/\/www.europesays.com\/es\/wp-json\/wp\/v2\/comments?post=151922"}],"version-history":[{"count":0,"href":"https:\/\/www.europesays.com\/es\/wp-json\/wp\/v2\/posts\/151922\/revisions"}],"wp:featuredmedia":[{"embeddable":true,"href":"https:\/\/www.europesays.com\/es\/wp-json\/wp\/v2\/media\/151923"}],"wp:attachment":[{"href":"https:\/\/www.europesays.com\/es\/wp-json\/wp\/v2\/media?parent=151922"}],"wp:term":[{"taxonomy":"category","embeddable":true,"href":"https:\/\/www.europesays.com\/es\/wp-json\/wp\/v2\/categories?post=151922"},{"taxonomy":"post_tag","embeddable":true,"href":"https:\/\/www.europesays.com\/es\/wp-json\/wp\/v2\/tags?post=151922"}],"curies":[{"name":"wp","href":"https:\/\/api.w.org\/{rel}","templated":true}]}}