{"id":151924,"date":"2025-10-02T03:23:19","date_gmt":"2025-10-02T03:23:19","guid":{"rendered":"https:\/\/www.europesays.com\/es\/151924\/"},"modified":"2025-10-02T03:23:19","modified_gmt":"2025-10-02T03:23:19","slug":"el-programa-de-motos-gana-todos-los-dias-de-septiembre-a-broncano","status":"publish","type":"post","link":"https:\/\/www.europesays.com\/es\/151924\/","title":{"rendered":"el programa de Motos gana todos los d\u00edas de septiembre a Broncano"},"content":{"rendered":"<p><img decoding=\"async\" class=\"voc-author__img\" src=\"https:\/\/www.europesays.com\/es\/wp-content\/uploads\/2025\/08\/autor-6683-foto-1.png\" alt=\"Clara Molla Pag\u00e1n\"\/><\/p>\n<p>01\/10\/2025<br \/>\n<br \/><strong><br \/>\nActualizado a las 17:23h.<br \/>\n<\/strong><\/p>\n<p class=\"voc-p\" style=\"\">El pasado septiembre de 2024 dej\u00f3 una de las im\u00e1genes m\u00e1s potentes que se recuerdan en la televisi\u00f3n reciente. En un panorama en el que muchos daban el medio casi por muerto, se libraba una de las contiendas m\u00e1s apasionantes: &#8216;La Revuelta&#8217; contra el imparable &#8216;El Hormiguero&#8217;. El programa de Broncano lleg\u00f3 con fuerza, dispuesto a plantar cara al veterano espacio de Motos en una batalla que durante semanas mantuvo la incertidumbre en el aire. Las cifras se mov\u00edan arriba y abajo, el duelo estaba servido. <a href=\"https:\/\/www.abc.es\/play\/television\/noticias\/agitacion-politica-dispara-audiencia-distancia-telecinco-20250930163959-nt.html\" target=\"_self\" data-voc-vtm-id=\"in-text-traffic\" title=\"Sin embargo, la historia ha cambiado en este arranque de segunda temporada\" data-mrf-link=\"www.abc.es\" rel=\"nofollow noopener\">Sin embargo, la historia ha cambiado en este arranque de segunda temporada<\/a>: ahora hay un vencedor claro y la distancia entre ambos ya no deja lugar a dudas. &#8216;El Hormiguero&#8217; (15,8% y 1.801.000 seguidores) se impone con claridad sobre &#8216;La Revuelta&#8217; (13,1% y 1.505.000 televidentes) y lo hace con casi tres puntos de ventaja. La victoria no es solo en n\u00fameros globales: el espacio de Motos ha derrotado a su rival en cada jornada de septiembre.<\/p>\n<p class=\"voc-p\" style=\"\">La trayectoria de &#8216;La Revuelta&#8217; hab\u00eda sido en un momento dado una historia de crecimiento. A lo largo del curso pasado, el programa de Broncano fue sumando apoyos y lleg\u00f3 a imponerse en octubre a &#8216;El Hormiguero&#8217;. Ese sorpasso encendi\u00f3 las alarmas y dibuj\u00f3 un escenario de m\u00e1xima tensi\u00f3n en el &#8216;acess prime time&#8217;. Pero el efecto fue ef\u00edmero. Con el paso de los meses, el formato de La 1 comenz\u00f3 a perder fuelle, mientras que el de Motos fue ampliando su ventaja con m\u00e1s contundencia. <\/p>\n<p class=\"voc-p\" style=\"\">La ca\u00edda se ha hecho evidente este septiembre, con un m\u00ednimo hist\u00f3rico para Broncano: un 11% con 1.291.000 espectadores el d\u00eda 25, frente al 14,5% y los 1.707.000 fieles que reuni\u00f3 &#8216;El Hormiguero&#8217; en esa misma noche. Esa noche, mientras &#8216;La Revuelta&#8217; recib\u00eda a Ra\u00fal Cimas, el programa de Motos tiraba de \u00c1lex Gonz\u00e1lez. <strong>La diferencia de alcance fue tan clara como las cifras lo reflejan.<\/strong> Adem\u00e1s, incluso en sus d\u00edas m\u00e1s flojos, el espacio de Motos sigue manteniendo mejores registros: su m\u00ednimo esta temporada ha sido un 13,8% y 1.567.000 incondicionales, el 4 de septiembre, con Ester Exp\u00f3sito como invitada.<\/p>\n<p class=\"voc-p\" style=\"\">Los estrenos siempre traen consigo expectaci\u00f3n, y en ese terreno, los mejores datos de &#8216;La Revuelta&#8217; llegaron en los dos primeros programas de esta temporada. El 8 de septiembre, con Brif de laza y Kiti &amp; \u00c1lvaro, firm\u00f3 un s\u00f3lido 16,1% y 1.852.000 seguidores. Un d\u00eda despu\u00e9s, el 9 de septiembre, Maril\u00f3 Montero mantuvo el pulso con un 15,1% y 1.720.000 telespectadores. Sin embargo, ni siquiera en su momento de m\u00e1xima fortaleza logr\u00f3 imponerse a su rival. &#8216;El Hormiguero&#8217; respond\u00eda con holgura: un 17,2% y 1.944.000 con Mar Flores y un 16,5% y 1.906.000 con Nacho Cano. Dos noches que, lejos de sembrar dudas, confirmaron la resistencia de un formato.<\/p>\n<p class=\"voc-p\" style=\"\">La gran baza de &#8216;El Hormiguero&#8217; estuvo tambi\u00e9n en su arranque de temporada. El programa de Motos no esper\u00f3 y, el mismo 1 de septiembre, abri\u00f3 con una combinaci\u00f3n segura: Bert\u00edn Osborne y Sergio Ramos. El resultado fue arrollador: un 21,1% y 2.347.000 personas frente al televisor, el dato m\u00e1s alto del mes. Le sigui\u00f3 una segunda noche tambi\u00e9n de lujo, con Joaqu\u00edn y Susana Saborido, que atrajeron a un 18,5% y 2.021.000 seguidores.<\/p>\n<p class=\"voc-p\" style=\"\">El contraste entre ambos formatos parece, al menos en este mes, evidente. Mientras &#8216;El Hormiguero&#8217; arranca su nueva etapa con energ\u00eda, batiendo r\u00e9cords y superando con solvencia a su contrincante. Lo que empez\u00f3 como una batalla vibrante entre dos gigantes de la televisi\u00f3n, este mes se ha convertido en un pulso en el que uno se desinfla y el otro se refuerza. <\/p>\n<p>Reportar un error<\/p>\n","protected":false},"excerpt":{"rendered":"01\/10\/2025 Actualizado a las 17:23h. El pasado septiembre de 2024 dej\u00f3 una de las im\u00e1genes m\u00e1s potentes que&hellip;\n","protected":false},"author":2,"featured_media":151925,"comment_status":"","ping_status":"","sticky":false,"template":"","format":"standard","meta":{"footnotes":""},"categories":[171],"tags":[13289,960,146,147,25,24,4355,17775,45992,13882,2145,528,1971,23,214],"class_list":{"0":"post-151924","1":"post","2":"type-post","3":"status-publish","4":"format-standard","5":"has-post-thumbnail","7":"category-tv","8":"tag-broncano","9":"tag-dias","10":"tag-entertainment","11":"tag-entretenimiento","12":"tag-es","13":"tag-espana","14":"tag-gana","15":"tag-hormiguero","16":"tag-imbatible","17":"tag-motos","18":"tag-programa","19":"tag-revuelta","20":"tag-septiembre","21":"tag-spain","22":"tag-tv"},"share_on_mastodon":{"url":"","error":""},"_links":{"self":[{"href":"https:\/\/www.europesays.com\/es\/wp-json\/wp\/v2\/posts\/151924","targetHints":{"allow":["GET"]}}],"collection":[{"href":"https:\/\/www.europesays.com\/es\/wp-json\/wp\/v2\/posts"}],"about":[{"href":"https:\/\/www.europesays.com\/es\/wp-json\/wp\/v2\/types\/post"}],"author":[{"embeddable":true,"href":"https:\/\/www.europesays.com\/es\/wp-json\/wp\/v2\/users\/2"}],"replies":[{"embeddable":true,"href":"https:\/\/www.europesays.com\/es\/wp-json\/wp\/v2\/comments?post=151924"}],"version-history":[{"count":0,"href":"https:\/\/www.europesays.com\/es\/wp-json\/wp\/v2\/posts\/151924\/revisions"}],"wp:featuredmedia":[{"embeddable":true,"href":"https:\/\/www.europesays.com\/es\/wp-json\/wp\/v2\/media\/151925"}],"wp:attachment":[{"href":"https:\/\/www.europesays.com\/es\/wp-json\/wp\/v2\/media?parent=151924"}],"wp:term":[{"taxonomy":"category","embeddable":true,"href":"https:\/\/www.europesays.com\/es\/wp-json\/wp\/v2\/categories?post=151924"},{"taxonomy":"post_tag","embeddable":true,"href":"https:\/\/www.europesays.com\/es\/wp-json\/wp\/v2\/tags?post=151924"}],"curies":[{"name":"wp","href":"https:\/\/api.w.org\/{rel}","templated":true}]}}