{"id":151926,"date":"2025-10-02T03:24:13","date_gmt":"2025-10-02T03:24:13","guid":{"rendered":"https:\/\/www.europesays.com\/es\/151926\/"},"modified":"2025-10-02T03:24:13","modified_gmt":"2025-10-02T03:24:13","slug":"madonna-confiesa-que-penso-en-suicidarse","status":"publish","type":"post","link":"https:\/\/www.europesays.com\/es\/151926\/","title":{"rendered":"Madonna confiesa que pens\u00f3 en suicidarse"},"content":{"rendered":"<p><strong>Madonna ha concedido una de sus entrevistas m\u00e1s sinceras.<\/strong> La cantante ha acudido como invitada al podcast On Purpose, donde ha repasado su vida y ha contado uno de los episodios m\u00e1s duros y que ha mantenido en secreto hasta ahora. Y es que, seg\u00fan ha revelado,<strong> hubo un momento en el que pens\u00f3 en quitarse la vida. <\/strong><\/p>\n<p>Madonna confiesa que pens\u00f3 en suicidarse <\/p>\n<p><img fetchpriority=\"high\" decoding=\"async\" width=\"1200\" height=\"675\" src=\"data:image\/svg+xml,%3Csvg%20xmlns=\" http:=\"\" alt=\"Madonna\" data-lazy- data-lazy- data-lazy-src=\"https:\/\/www.europesays.com\/es\/wp-content\/uploads\/2025\/10\/madonna-gtres.jpg\"\/><\/p>\n<p>La cantante revela que hubo un momento en el que pens\u00f3 en suicidarse (Foto: Gtres)<\/p>\n<p><a href=\"https:\/\/theluxonomist.20minutos.es\/famosos\/motivo-gwyneth-paltrow-no-soporta-madonna\" target=\"_blank\" rel=\"noreferrer noopener nofollow\">Madonna nunca se olvidar\u00e1 del a\u00f1o 2016<\/a>. Este fue uno de los m\u00e1s dif\u00edciles de su vida. Hac\u00eda ocho a\u00f1os que se hab\u00eda separado de Guy Ritchie, <strong>pero ambos estaban enfrentados por la custodia de su hijo Rocco. <\/strong>Una batalla que afect\u00f3 mucho a la cantante, hasta el punto que pens\u00f3 en suicidarse.<\/p>\n<p><strong>\u201cHubo momentos en mi vida en los que quise cortarme los brazos\u201d<\/strong>, confiesa Madonna. \u201cPens\u00e9 en suicidarme. Probablemente suene muy raro viniendo de m\u00ed\u2026 pero pens\u00e9: \u2018Ya no aguanto este dolor\u201d.<\/p>\n<p>\u201cFue uno de los momentos m\u00e1s dolorosos de mi vida\u201d, afirma. <strong>\u201cAunque mi matrimonio no funcion\u00f3, intentaba quitarme a mi hijo y pens\u00e9: \u2018Mejor que me maten\u201d. <\/strong><\/p>\n<p>La cantante sufri\u00f3 mucho en la batalla legal por la custodia de su hijo<\/p>\n<p><img loading=\"lazy\" decoding=\"async\" width=\"1200\" height=\"675\" src=\"data:image\/svg+xml,%3Csvg%20xmlns=\" http:=\"\" alt=\"Madonna y Rocco\" data-lazy- data-lazy- data-lazy-src=\"https:\/\/www.europesays.com\/es\/wp-content\/uploads\/2025\/10\/madonna-y-rocco-gtres.jpg\"\/><\/p>\n<p>La batalla por la custodia de su hijo Rocco dej\u00f3 a la cantante muy afectada (Foto: Gtres)<\/p>\n<p>En la conversaci\u00f3n, <a href=\"https:\/\/theluxonomist.20minutos.es\/famosos\/madonna-y-elton-john-firman-la-paz-dos-decadas-despues\" target=\"_blank\" rel=\"noreferrer noopener nofollow\">Madonna recuerda lo duro que fue para ella seguir su gira<\/a> y subirse al escenario mientras luchaba por la custodia de su hijo.<strong> \u201cMe quedaba tirada en el suelo de mi camerino, sollozando\u201d, <\/strong>recuerda. \u201c<strong>De verdad pens\u00e9 que era el fin del mundo. No pod\u00eda soportarlo\u201d.<\/strong><\/p>\n<p>Y es que<a href=\"https:\/\/theluxonomist.20minutos.es\/famosos\/rocco-el-hijo-de-madonna-y-guy-ritchie-triunfa-como-pintor\" target=\"_blank\" rel=\"noreferrer noopener nofollow\"> la batalla que vivi\u00f3 la cantante con su hijo Rocco y Guy Ritchie <\/a>acapar\u00f3 portadas en todo el mundo. El joven, que por aquel entonces ten\u00eda 15 a\u00f1os, <strong>quer\u00eda vivir con su padre en Reino Unido y se negaba a volver con su madre a Estados Unidos<\/strong>. Una complicada situaci\u00f3n que acabaron resolviendo los tribunales, que decidieron que Rocco viviera con su padre. <\/p>\n","protected":false},"excerpt":{"rendered":"Madonna ha concedido una de sus entrevistas m\u00e1s sinceras. La cantante ha acudido como invitada al podcast On&hellip;\n","protected":false},"author":2,"featured_media":151927,"comment_status":"","ping_status":"","sticky":false,"template":"","format":"standard","meta":{"footnotes":""},"categories":[170],"tags":[146,147,25,24,184,185,23],"class_list":{"0":"post-151926","1":"post","2":"type-post","3":"status-publish","4":"format-standard","5":"has-post-thumbnail","7":"category-musica","8":"tag-entertainment","9":"tag-entretenimiento","10":"tag-es","11":"tag-espana","12":"tag-music","13":"tag-musica","14":"tag-spain"},"share_on_mastodon":{"url":"","error":""},"_links":{"self":[{"href":"https:\/\/www.europesays.com\/es\/wp-json\/wp\/v2\/posts\/151926","targetHints":{"allow":["GET"]}}],"collection":[{"href":"https:\/\/www.europesays.com\/es\/wp-json\/wp\/v2\/posts"}],"about":[{"href":"https:\/\/www.europesays.com\/es\/wp-json\/wp\/v2\/types\/post"}],"author":[{"embeddable":true,"href":"https:\/\/www.europesays.com\/es\/wp-json\/wp\/v2\/users\/2"}],"replies":[{"embeddable":true,"href":"https:\/\/www.europesays.com\/es\/wp-json\/wp\/v2\/comments?post=151926"}],"version-history":[{"count":0,"href":"https:\/\/www.europesays.com\/es\/wp-json\/wp\/v2\/posts\/151926\/revisions"}],"wp:featuredmedia":[{"embeddable":true,"href":"https:\/\/www.europesays.com\/es\/wp-json\/wp\/v2\/media\/151927"}],"wp:attachment":[{"href":"https:\/\/www.europesays.com\/es\/wp-json\/wp\/v2\/media?parent=151926"}],"wp:term":[{"taxonomy":"category","embeddable":true,"href":"https:\/\/www.europesays.com\/es\/wp-json\/wp\/v2\/categories?post=151926"},{"taxonomy":"post_tag","embeddable":true,"href":"https:\/\/www.europesays.com\/es\/wp-json\/wp\/v2\/tags?post=151926"}],"curies":[{"name":"wp","href":"https:\/\/api.w.org\/{rel}","templated":true}]}}