{"id":151936,"date":"2025-10-02T03:31:08","date_gmt":"2025-10-02T03:31:08","guid":{"rendered":"https:\/\/www.europesays.com\/es\/151936\/"},"modified":"2025-10-02T03:31:08","modified_gmt":"2025-10-02T03:31:08","slug":"las-protestas-de-jovenes-en-marruecos-para-exigir-mejoras-en-sanidad-y-educacion-derivan-en-disturbios-en-varias-ciudades-el-pais","status":"publish","type":"post","link":"https:\/\/www.europesays.com\/es\/151936\/","title":{"rendered":"Las protestas de j\u00f3venes en Marruecos para exigir mejoras en sanidad y educaci\u00f3n derivan en disturbios en varias ciudades &#8211; EL PA\u00cdS"},"content":{"rendered":"<ol>\n<li><a href=\"https:\/\/news.google.com\/rss\/articles\/CBMi_wFBVV95cUxNbTRHbmJ4WGNlTkdlcFRaWEM5RlRVQzVVQWU4QnFsbjRpTk9rTVY4QlgwMDJZb3dzbFhIQjdMN29UV0E3Y1JjNjZVbnJnUXZxTFEtQ1BTUnAyUDdYSWd0RDlweTVxMVlkUklwX3dwNTdMR3I5eXliUXQ4cVc3eVAwdVk5aE9XOFRTaUhUV040ek5LYl9SOXU1UTFUTjcxaVVBMmVlcWJITmNaQVhsQUJxV1JmRWVMNTBwbU02bFc0aHk5QjBFOWJxTjVnRzJvaEJtVjdSSF9RcDJ5ZlBTNEFaeEFZSGp1YjJkUlhvQWRJYXdRN1c5ZlZCaFphQWg5UVnSAZMCQVVfeXFMUEFNcV9yV3poVUN1OGtndmdTQ0ZGblFDRURfMk9BaVpEWEVWQlpNT3haZi1SV2NNUF9UNHI2VU51Wk8yTGROLTlkRkx3RlBUUXZYc25XakNuVzFicEtMd2UyQWYwOW5tb2hLTzRZRHRqdnlwM0RpaEYtTzhuR3JlRTlkeE8zYV96alVwZHZmQ3ZhTDM3WTZWaFNaTG9LSDRIYVFPdUlOU2x4V3dGMFlPbVdhMlBDajdpR0wyY0dFb1VYclA4ZE1VOFU5ZkQ3M2RUbG5aZkQ5eXhZeTFQd25SV0xTMUVMamRCWXNkUkMyd2NqSkZUa3lLbWdIMWRpQVNGQnpxRXZBb2ZYY2p2Njhfdzl3WWc?oc=5\" target=\"_blank\" rel=\"nofollow noopener\">Las protestas de j\u00f3venes en Marruecos para exigir mejoras en sanidad y educaci\u00f3n derivan en disturbios en varias ciudades<\/a>&nbsp;&nbsp;EL PA\u00cdS<\/li>\n<li><a href=\"https:\/\/news.google.com\/rss\/articles\/CBMixwFBVV95cUxNZDRFaUNzb1VxQXlXNmRTeHVXN2piV2lDTFp1QUFtaElvT215UHVnTzJ3M3RXRzlZY3RWb0E3bWtlR1YzNWlnZ3hYWXhUZDA3LWsxeVd0RnItUUZDT1ZTaHB0bjhrSzBlemdGQkVxUjlQSkE2ZTFoMzRxbk5vcnNyQ2hQa0tfdVQtb0luS3ktQzVvWkNuV3hxTWxlVWtlRlhVajlFbTNvUnlrMkhrNEFSbzZzSi1NU1dTWjNNNUp4cGg2RjFWbUw40gHHAUFVX3lxTFBoXzdmT3RMdUVoYXZoUzdwai1PcWg3WlpaVDBnYUotcTdMbGdhd1dZU1h3a1U3M2FDS0xZR3ZuYUhtVlJ3N250SXVnVloxZC1fc0xuTUpiVmZkUTN3a2duS081b2owNlh1UVJ0d2J5R1lGMkdyam8zb0UtaFZMTDNzeGlTQkFtRll5M1RwSVdzMFA3X3lKOEtGNFFzb3owdHRnVE85dFUxZ05nQ0hQUFU5ZjBkV0RPRWNGWUtQYU1Kc2lTWENGQzA?oc=5\" target=\"_blank\" rel=\"nofollow noopener\">Las protestas de la generaci\u00f3n Z en Marruecos se vuelven violentas y dejan 400 detenidos y 300 heridos<\/a>&nbsp;&nbsp;RTVE.es<\/li>\n<li><a href=\"https:\/\/news.google.com\/rss\/articles\/CBMiogFBVV95cUxQNVl5VEU5RlRxcEl0YnJ2VF82azduZEh6cHJWZDZlZFRueDE1ZmEtSk1Sc1p2dTVHSW02NnRwMm5waGlIZFlWdXpTUDZFU241anIyZHVKQldNLTJnWXctaVpnLU9WSXllenBoS3BYb3owbDl5SGdwZXhhQVE2Yk9zMkFFUXZQTk12aU1LWWl6MDVyYkVYX1RWaGhtNUtUTEt3QnfSAacBQVVfeXFMTTFzSXlOa0w0V3dheTlkYzdydXlrT2ZpR1ZackI5a1FZZk95VmxuaWZGNDYzQXBoMEhVcU1uMFlpcDJ2Wm00UE9Vc09UV3Y5UWJpcmhZSUpvX1NCMGVYa1NZcklQYlM0YW02UHJMNDM3Q2pLbjFtekNqOG9YR0syTm9mNjhQVE9qdHI3N2pQQmVubXd0X2otcU56MmdjdjZGREdiQl9mWTQ?oc=5\" target=\"_blank\" rel=\"nofollow noopener\">La manzana envenenada de las protestas en Marruecos: el Gobierno aprovecha para tacharlas de &#8216;violentas&#8217;<\/a>&nbsp;&nbsp;El Confidencial<\/li>\n<li><a href=\"https:\/\/news.google.com\/rss\/articles\/CBMiuAFBVV95cUxQdWIyay1TZFFoaTMxYThyQ2lCNk9tbFQ5aHpVTDRET1hZVTVONWJRazVrUXRialYxWHJ4UTcyUDRkNFJBY2UzbDJKZGM4TnA3LVdKNHpUR2tuZlZ2X01YSHF6Um5FeVNJUElvYlVSZFlxY3RWbXhJSkRTNlp5aEVOQkYtVlBfODBpR2hJUEhsUjBfa1VKS1kyQk1FVGZsNjA3OWNmN2pBcmZXeF9TaERPM3F1R1Z4R2dZ?oc=5\" target=\"_blank\" rel=\"nofollow noopener\">Las protestas juveniles en Marruecos agudizan la crisis del reinado de Mohamed VI<\/a>&nbsp;&nbsp;ABC<\/li>\n<li><a href=\"https:\/\/news.google.com\/rss\/articles\/CBMisAFBVV95cUxPVmdnTzFGUkF4bm1tNkJENm8yYzMtcVpUUUJrSTJCcklPM0hMQUJwV2xub2ZDNUlnbnlYSWp4emJ4VzBVTU5YcU42VDZuWllSdGpWRnZIYk5wbU5oaXdIZEVtaUtLcjNMdWotWmFtZVY5dTJiNDNrRmdEaHZONGhjS3ZjcVlFTnNVa0tVYi12TXQ4d3VrR19TdTJLVmhUbVhySzF3X1VieW1FQ0p3S3F2V9IBtgFBVV95cUxQT09seThpcGtZZzdrallTREFtQnA4cnliNVFKZWRzbzVVZlk1VUFpcGtYNDVISXNyNHVfX1lBcG1vS2pOOFNqYndxS2UydF9FUEJzUTV4Qkpva1BqQXZrRUgxdEtsSE1EQzlFUjZXQURxTkI4MXFKN04xRTlfYzBZODZqUHFtUlQtel93MHRZekttSU5mREw2TjEwSXpJQmZ1MmFyd1JlcDR5Y0Ywbm9EWmVsZHJkUQ?oc=5\" target=\"_blank\" rel=\"nofollow noopener\">1.300 \u20ac por tu casa o t\u00fa ver\u00e1s: Marruecos desaloja a la fuerza entre protestas contra el Mundial<\/a>&nbsp;&nbsp;El Confidencial<\/li>\n<\/ol>\n","protected":false},"excerpt":{"rendered":"Las protestas de j\u00f3venes en Marruecos para exigir mejoras en sanidad y educaci\u00f3n derivan en disturbios en varias&hellip;\n","protected":false},"author":2,"featured_media":151937,"comment_status":"","ping_status":"","sticky":false,"template":"","format":"standard","meta":{"footnotes":""},"categories":[42],"tags":[17,18,13,14,11,61,62,63,64,19,20,9,10,15,16,12,21,22,65,66,67],"class_list":{"0":"post-151936","1":"post","2":"type-post","3":"status-publish","4":"format-standard","5":"has-post-thumbnail","7":"category-internacional","8":"tag-breaking-news","9":"tag-breakingnews","10":"tag-featured-news","11":"tag-featurednews","12":"tag-headlines","13":"tag-internacional","14":"tag-international","15":"tag-international-news","16":"tag-internationalnews","17":"tag-latest-news","18":"tag-latestnews","19":"tag-news","20":"tag-noticias","21":"tag-noticias-destacadas","22":"tag-noticiasdestacadas","23":"tag-titulares","24":"tag-ultimas-noticias","25":"tag-ultimasnoticias","26":"tag-world","27":"tag-world-news","28":"tag-worldnews"},"share_on_mastodon":{"url":"","error":""},"_links":{"self":[{"href":"https:\/\/www.europesays.com\/es\/wp-json\/wp\/v2\/posts\/151936","targetHints":{"allow":["GET"]}}],"collection":[{"href":"https:\/\/www.europesays.com\/es\/wp-json\/wp\/v2\/posts"}],"about":[{"href":"https:\/\/www.europesays.com\/es\/wp-json\/wp\/v2\/types\/post"}],"author":[{"embeddable":true,"href":"https:\/\/www.europesays.com\/es\/wp-json\/wp\/v2\/users\/2"}],"replies":[{"embeddable":true,"href":"https:\/\/www.europesays.com\/es\/wp-json\/wp\/v2\/comments?post=151936"}],"version-history":[{"count":0,"href":"https:\/\/www.europesays.com\/es\/wp-json\/wp\/v2\/posts\/151936\/revisions"}],"wp:featuredmedia":[{"embeddable":true,"href":"https:\/\/www.europesays.com\/es\/wp-json\/wp\/v2\/media\/151937"}],"wp:attachment":[{"href":"https:\/\/www.europesays.com\/es\/wp-json\/wp\/v2\/media?parent=151936"}],"wp:term":[{"taxonomy":"category","embeddable":true,"href":"https:\/\/www.europesays.com\/es\/wp-json\/wp\/v2\/categories?post=151936"},{"taxonomy":"post_tag","embeddable":true,"href":"https:\/\/www.europesays.com\/es\/wp-json\/wp\/v2\/tags?post=151936"}],"curies":[{"name":"wp","href":"https:\/\/api.w.org\/{rel}","templated":true}]}}