{"id":151938,"date":"2025-10-02T03:32:15","date_gmt":"2025-10-02T03:32:15","guid":{"rendered":"https:\/\/www.europesays.com\/es\/151938\/"},"modified":"2025-10-02T03:32:15","modified_gmt":"2025-10-02T03:32:15","slug":"para-ela-es-compatible-defender-un-marco-vasco-propio-y-movilizarse-para-denunciar-el-genocidio-de-palestina-ela-sindikatua","status":"publish","type":"post","link":"https:\/\/www.europesays.com\/es\/151938\/","title":{"rendered":"\u00abPara ELA es compatible defender un marco vasco propio y movilizarse para denunciar el genocidio de Palestina\u00bb \u2014 ELA Sindikatua"},"content":{"rendered":"<p>\n              En el programa Faktoria de Euskadi Irratia, preguntado por  las movilizaciones para denunciar el genocidio palestino, el secretario general de ELA ha destacado la importancia de defender un marco vasco propio: \u00abEl sindicalismo vasco as\u00ed lo ha hecho en los \u00faltimos 30 a\u00f1os, porque no somos un subsistema del Estado espa\u00f1ol, y defender esa voz propia es importante\u00bb. Por ello, \u00abpara ELA es totalmente compatible defender esa voz propia con movilizarse contra el genocidio de Palestina\u00bb.\n              <\/p>\n<p>Sin embargo, LAB ha optado por \u201cotra v\u00eda\u201d, en palabras del secretario general, puesto que ha preferido sumarse a las movilizaciones convocadas por los sindicatos estatales CCOO y UGT, frente a la propuesta de ELA. A pesar de ello, ELA tambi\u00e9n se movilizar\u00e1 el 15 de octubre para que la clase trabajadora vasca no se encuentre ante la disyuntiva de tener que elegir entre distintas convocatorias.<\/p>\n<p>En este sentido, Lakuntza ha acusado a la direcci\u00f3n de CAF de rechazar el emplazamiento a reunirse con el sindicato. \u00abLa direcci\u00f3n de CAF sabe que el proyecto del tranv\u00eda de Jerusal\u00e9n es ilegal\u00bb, ha asegurado, por lo que para el secretario general los argumentos esgrimidos por la direcci\u00f3n carecen de fundamento.<\/p>\n<p>En cuanto a la pol\u00edtica industrial, se ha mostrado cr\u00edtico, porque el Gobierno Vasco no incrementar\u00e1 la recaudaci\u00f3n mediante impuestos, pero opta por endeudarse para ayudar a la industria sin establecer condiciones estrictas a dicho dinero p\u00fablico.<\/p>\n<p>Preguntado por la Iniciativa Legislativa Popular que est\u00e1 en marcha a favor del Salario M\u00ednimo Interprofesional propio, Lakuntza ha recordado que hay una mayor\u00eda abertzale en el Parlamento de Gasteiz que tienen \u00abmuy dif\u00edcil\u00bb decir no a la ILP, porque supondr\u00eda renunciar a exigir una competencia.<\/p>\n<p><a data-linktype=\"external\" data-val=\"https:\/\/guau.eus\/m\/faktoriako-gonbidatua-faktoriako-gonbidatua-8879647\" href=\"https:\/\/guau.eus\/m\/faktoriako-gonbidatua-faktoriako-gonbidatua-8879647\" rel=\"nofollow noopener\" target=\"_blank\">La entrevista aqu\u00ed<\/a><\/p>\n","protected":false},"excerpt":{"rendered":"En el programa Faktoria de Euskadi Irratia, preguntado por las movilizaciones para denunciar el genocidio palestino, el secretario&hellip;\n","protected":false},"author":2,"featured_media":151939,"comment_status":"","ping_status":"","sticky":false,"template":"","format":"standard","meta":{"footnotes":""},"categories":[8],"tags":[17,18,25,24,13,14,11,19,20,9,10,15,16,23,12,21,22],"class_list":{"0":"post-151938","1":"post","2":"type-post","3":"status-publish","4":"format-standard","5":"has-post-thumbnail","7":"category-espana","8":"tag-breaking-news","9":"tag-breakingnews","10":"tag-es","11":"tag-espana","12":"tag-featured-news","13":"tag-featurednews","14":"tag-headlines","15":"tag-latest-news","16":"tag-latestnews","17":"tag-news","18":"tag-noticias","19":"tag-noticias-destacadas","20":"tag-noticiasdestacadas","21":"tag-spain","22":"tag-titulares","23":"tag-ultimas-noticias","24":"tag-ultimasnoticias"},"share_on_mastodon":{"url":"","error":""},"_links":{"self":[{"href":"https:\/\/www.europesays.com\/es\/wp-json\/wp\/v2\/posts\/151938","targetHints":{"allow":["GET"]}}],"collection":[{"href":"https:\/\/www.europesays.com\/es\/wp-json\/wp\/v2\/posts"}],"about":[{"href":"https:\/\/www.europesays.com\/es\/wp-json\/wp\/v2\/types\/post"}],"author":[{"embeddable":true,"href":"https:\/\/www.europesays.com\/es\/wp-json\/wp\/v2\/users\/2"}],"replies":[{"embeddable":true,"href":"https:\/\/www.europesays.com\/es\/wp-json\/wp\/v2\/comments?post=151938"}],"version-history":[{"count":0,"href":"https:\/\/www.europesays.com\/es\/wp-json\/wp\/v2\/posts\/151938\/revisions"}],"wp:featuredmedia":[{"embeddable":true,"href":"https:\/\/www.europesays.com\/es\/wp-json\/wp\/v2\/media\/151939"}],"wp:attachment":[{"href":"https:\/\/www.europesays.com\/es\/wp-json\/wp\/v2\/media?parent=151938"}],"wp:term":[{"taxonomy":"category","embeddable":true,"href":"https:\/\/www.europesays.com\/es\/wp-json\/wp\/v2\/categories?post=151938"},{"taxonomy":"post_tag","embeddable":true,"href":"https:\/\/www.europesays.com\/es\/wp-json\/wp\/v2\/tags?post=151938"}],"curies":[{"name":"wp","href":"https:\/\/api.w.org\/{rel}","templated":true}]}}