{"id":15194,"date":"2025-07-31T01:26:08","date_gmt":"2025-07-31T01:26:08","guid":{"rendered":"https:\/\/www.europesays.com\/es\/15194\/"},"modified":"2025-07-31T01:26:08","modified_gmt":"2025-07-31T01:26:08","slug":"el-cb-zamora-caja-rural-solo-tendra-16-rivales","status":"publish","type":"post","link":"https:\/\/www.europesays.com\/es\/15194\/","title":{"rendered":"El CB Zamora Caja Rural solo tendr\u00e1 16 rivales"},"content":{"rendered":"<p class=\"ft-text ft-helper-align-justify\">El CB Zamora Caja Rural tendr\u00e1 un rival menos de los previstos en su segunda participaci\u00f3n en Primera FEB tras la renuncia del Baloncesto Sevilla (antiguo Betis) a inscribirse, una vez que tambi\u00e9n renunci\u00f3 por problemas presupuestarios a participar en la Liga ACB, un derecho que consigui\u00f3 al ascender en la pasada campa\u00f1a. Tras la comunicaci\u00f3n del Real Betis a la Federaci\u00f3n Espa\u00f1ola de Baloncesto informando de la no formalizaci\u00f3n de su inscripci\u00f3n en la Primera FEB 2025\/26, la competici\u00f3n quedar\u00e1 finalmente compuesta por un total de 17 equipos.<\/p>\n<p class=\"ft-text ft-helper-align-justify\">La competici\u00f3n queda cerrada con los 17 equipos con derechos deportivos para la disputa de la Liga fijando el sorteo de su calendario de competici\u00f3n en la ma\u00f1ana del pr\u00f3ximo viernes d\u00eda 1 de agosto.<\/p>\n<p class=\"ft-text ft-helper-align-justify\">Finalmente, esto implica un cambio en la organizaci\u00f3n de la Copa Espa\u00f1a FEB 2025\/26 y ser\u00e1n 15 los equipos de Segunda FEB que se clasifiquen para las eliminatorias por el t\u00edtulo tras la disputa de la Fase de Grupos en lugar de los 14 previstos inicialmente. Estos 15 equipos se unir\u00e1n as\u00ed a los 17 de Primera FEB dando forma a una ronda de dieciseisavos de final compuesta por 32 equipos.<\/p>\n","protected":false},"excerpt":{"rendered":"El CB Zamora Caja Rural tendr\u00e1 un rival menos de los previstos en su segunda participaci\u00f3n en Primera&hellip;\n","protected":false},"author":2,"featured_media":15195,"comment_status":"","ping_status":"","sticky":false,"template":"","format":"standard","meta":{"footnotes":""},"categories":[269],"tags":[299,298,8221,2611,2609,2610,168,25,24,2612,2918,3917,2241,23,167,602,2946],"class_list":{"0":"post-15194","1":"post","2":"type-post","3":"status-publish","4":"format-standard","5":"has-post-thumbnail","7":"category-baloncesto","8":"tag-baloncesto","9":"tag-basketball","10":"tag-caja","11":"tag-caja-rural","12":"tag-cb","13":"tag-cb-zamora","14":"tag-deportes","15":"tag-es","16":"tag-espana","17":"tag-feb","18":"tag-la-liga","19":"tag-primera-feb","20":"tag-rural","21":"tag-spain","22":"tag-sports","23":"tag-tendra","24":"tag-zamora"},"share_on_mastodon":{"url":"","error":""},"_links":{"self":[{"href":"https:\/\/www.europesays.com\/es\/wp-json\/wp\/v2\/posts\/15194","targetHints":{"allow":["GET"]}}],"collection":[{"href":"https:\/\/www.europesays.com\/es\/wp-json\/wp\/v2\/posts"}],"about":[{"href":"https:\/\/www.europesays.com\/es\/wp-json\/wp\/v2\/types\/post"}],"author":[{"embeddable":true,"href":"https:\/\/www.europesays.com\/es\/wp-json\/wp\/v2\/users\/2"}],"replies":[{"embeddable":true,"href":"https:\/\/www.europesays.com\/es\/wp-json\/wp\/v2\/comments?post=15194"}],"version-history":[{"count":0,"href":"https:\/\/www.europesays.com\/es\/wp-json\/wp\/v2\/posts\/15194\/revisions"}],"wp:featuredmedia":[{"embeddable":true,"href":"https:\/\/www.europesays.com\/es\/wp-json\/wp\/v2\/media\/15195"}],"wp:attachment":[{"href":"https:\/\/www.europesays.com\/es\/wp-json\/wp\/v2\/media?parent=15194"}],"wp:term":[{"taxonomy":"category","embeddable":true,"href":"https:\/\/www.europesays.com\/es\/wp-json\/wp\/v2\/categories?post=15194"},{"taxonomy":"post_tag","embeddable":true,"href":"https:\/\/www.europesays.com\/es\/wp-json\/wp\/v2\/tags?post=15194"}],"curies":[{"name":"wp","href":"https:\/\/api.w.org\/{rel}","templated":true}]}}