{"id":151940,"date":"2025-10-02T03:33:17","date_gmt":"2025-10-02T03:33:17","guid":{"rendered":"https:\/\/www.europesays.com\/es\/151940\/"},"modified":"2025-10-02T03:33:17","modified_gmt":"2025-10-02T03:33:17","slug":"portal-de-noticias-del-gobierno-de-canarias-156","status":"publish","type":"post","link":"https:\/\/www.europesays.com\/es\/151940\/","title":{"rendered":"Portal de Noticias del Gobierno de Canarias"},"content":{"rendered":"<blockquote>\n<p>El anteproyecto de la nueva normativa, que engloba Transparencia y Participaci\u00f3n Ciudadana, pasar\u00e1 ahora a ser sometido a audiencia p\u00fablica<\/p>\n<\/blockquote>\n<p>La Consejer\u00eda de Presidencia, Administraciones P\u00fablicas, Justicia y Seguridad, que dirige Nieves Lady Barreto, ha clausurado hoy en La Palma la segunda ronda de consultas del anteproyecto de la Ley de Gobierno Abierto, que integrar\u00e1 Transparencia y Participaci\u00f3n Ciudadana. La jornada cont\u00f3 con la asistencia del consejero insular de Participaci\u00f3n Ciudadana del Cabildo, Yurgen Hern\u00e1ndez.<\/p>\n<p>Los encuentros, organizados por la Direcci\u00f3n General de Transparencia y Participaci\u00f3n Ciudadana, se han celebrado en siete islas, con el objetivo acercar la Administraci\u00f3n a la ciudadan\u00eda canaria y fomentar su participaci\u00f3n activa dentro del proceso de redacci\u00f3n del futuro marco normativo.<\/p>\n<p>El compromiso del Ejecutivo regional pasa por seguir creando espacios para que las personas puedan participar de forma activa y garantizar una Administraci\u00f3n m\u00e1s transparente y accesible. En este sentido, la consejera ha resaltado que las actuales leyes han quedado obsoletas y hay que incorporar aspectos relacionados con los avances tecnol\u00f3gicos y poner \u00edndices de transparencia m\u00e1s exigentes.<\/p>\n<p>Por su parte, la directora general de Transparencia y Participaci\u00f3n Ciudadana, Carmen Delia Alberto, ha destacado que esta segunda ronda de consulta ha tenido muy buena acogida por parte de los colectivos de Canarias y de la ciudadan\u00eda en general. \u201cConsideramos que con estas sesiones se ha podido poner en valor las aportaciones que ya realiz\u00f3 la poblaci\u00f3n en la ronda anterior\u201d, apunta.<\/p>\n<p>A partir de este momento, se trabajar\u00e1 en terminar la redacci\u00f3n del borrador definitivo antes de que finalice el a\u00f1o, que ser\u00e1 sometido a audiencia p\u00fablica para recibir las alegaciones pertinentes y, posteriormente, se trasladar\u00e1 al Parlamento de Canarias.<\/p>\n","protected":false},"excerpt":{"rendered":"El anteproyecto de la nueva normativa, que engloba Transparencia y Participaci\u00f3n Ciudadana, pasar\u00e1 ahora a ser sometido a&hellip;\n","protected":false},"author":2,"featured_media":151941,"comment_status":"","ping_status":"","sticky":false,"template":"","format":"standard","meta":{"footnotes":""},"categories":[5],"tags":[17,18,25,24,13,14,11,19,20,9,10,15,16,23,12,21,22],"class_list":{"0":"post-151940","1":"post","2":"type-post","3":"status-publish","4":"format-standard","5":"has-post-thumbnail","7":"category-titulares","8":"tag-breaking-news","9":"tag-breakingnews","10":"tag-es","11":"tag-espana","12":"tag-featured-news","13":"tag-featurednews","14":"tag-headlines","15":"tag-latest-news","16":"tag-latestnews","17":"tag-news","18":"tag-noticias","19":"tag-noticias-destacadas","20":"tag-noticiasdestacadas","21":"tag-spain","22":"tag-titulares","23":"tag-ultimas-noticias","24":"tag-ultimasnoticias"},"share_on_mastodon":{"url":"","error":""},"_links":{"self":[{"href":"https:\/\/www.europesays.com\/es\/wp-json\/wp\/v2\/posts\/151940","targetHints":{"allow":["GET"]}}],"collection":[{"href":"https:\/\/www.europesays.com\/es\/wp-json\/wp\/v2\/posts"}],"about":[{"href":"https:\/\/www.europesays.com\/es\/wp-json\/wp\/v2\/types\/post"}],"author":[{"embeddable":true,"href":"https:\/\/www.europesays.com\/es\/wp-json\/wp\/v2\/users\/2"}],"replies":[{"embeddable":true,"href":"https:\/\/www.europesays.com\/es\/wp-json\/wp\/v2\/comments?post=151940"}],"version-history":[{"count":0,"href":"https:\/\/www.europesays.com\/es\/wp-json\/wp\/v2\/posts\/151940\/revisions"}],"wp:featuredmedia":[{"embeddable":true,"href":"https:\/\/www.europesays.com\/es\/wp-json\/wp\/v2\/media\/151941"}],"wp:attachment":[{"href":"https:\/\/www.europesays.com\/es\/wp-json\/wp\/v2\/media?parent=151940"}],"wp:term":[{"taxonomy":"category","embeddable":true,"href":"https:\/\/www.europesays.com\/es\/wp-json\/wp\/v2\/categories?post=151940"},{"taxonomy":"post_tag","embeddable":true,"href":"https:\/\/www.europesays.com\/es\/wp-json\/wp\/v2\/tags?post=151940"}],"curies":[{"name":"wp","href":"https:\/\/api.w.org\/{rel}","templated":true}]}}