{"id":151948,"date":"2025-10-02T03:37:15","date_gmt":"2025-10-02T03:37:15","guid":{"rendered":"https:\/\/www.europesays.com\/es\/151948\/"},"modified":"2025-10-02T03:37:15","modified_gmt":"2025-10-02T03:37:15","slug":"la-ryder-cup-un-triunfo-dulce-para-europa-en-terreno-hostil","status":"publish","type":"post","link":"https:\/\/www.europesays.com\/es\/151948\/","title":{"rendered":"La Ryder Cup, un triunfo dulce para Europa en terreno hostil"},"content":{"rendered":"<p data-gtm-element-container=\"modulo-texto-link\" class=\"paragraph\"><strong>\u00abNo he escuchado muchos \u00e1nimos para Scottie, pero s\u00ed que he escuchado muchos gritos contra m\u00ed\u201d<\/strong>, expresaba el l\u00edder europeo <strong>Rory McIlroy <\/strong>tras la conclusi\u00f3n de la<strong> Ryder Cup. <\/strong>La victoria lograda por Europa el domingo en Bethpage State Park no solamente deja las mieles de la gloria del triunfo en s\u00ed, sino tambi\u00e9n el plus de haberse conseguido en un ambiente contrario a los valores que un deporte como el golf y que una competici\u00f3n como esta deber\u00edan transmitir.<\/p>\n<p>        Lee tambi\u00e9n<\/p>\n<p>    Xavier D\u00edez<\/p>\n<p>             <img loading=\"lazy\" decoding=\"async\" data-full-src=\"https:\/\/www.mundodeportivo.com\/uploads\/2025\/09\/29\/68da66f674462.jpeg\" alt=\"El jugador norirland\u00e9s fue increpado durante toda la competici\u00f3n\" src=\"https:\/\/www.europesays.com\/es\/wp-content\/uploads\/2025\/10\/68da66f674462.jpeg\" class=\"lazy\" width=\"104\" height=\"108\"\/><\/p>\n<p>        Lee tambi\u00e9n<\/p>\n<p>    Marta P\u00e9rez<\/p>\n<p>             <img loading=\"lazy\" decoding=\"async\" data-full-src=\"https:\/\/www.mundodeportivo.com\/uploads\/2025\/09\/29\/68dab6225eeb3.jpeg\" alt=\"Horizontal\" src=\"https:\/\/www.europesays.com\/es\/wp-content\/uploads\/2025\/09\/68dab6225eeb3.jpeg\" class=\"lazy\" width=\"104\" height=\"108\"\/><\/p>\n<p>        Lee tambi\u00e9n<\/p>\n<p>    Marta P\u00e9rez<\/p>\n<p>             <img loading=\"lazy\" decoding=\"async\" data-full-src=\"https:\/\/www.mundodeportivo.com\/uploads\/2025\/09\/29\/68dac47855489.jpeg\" alt=\"Horizontal\" src=\"https:\/\/www.europesays.com\/es\/wp-content\/uploads\/2025\/09\/1759211469_145_68dac47855489.jpeg\" class=\"lazy\" width=\"104\" height=\"108\"\/><\/p>\n<p data-gtm-element-container=\"modulo-texto-link\" class=\"paragraph\">Porque una cosa es la rivalidad y otra es la tensi\u00f3n por ella. La sensaci\u00f3n del equipo azul es que fue ese segundo aspecto el que marc\u00f3 el transcurso de la semana, especialmente en los tres d\u00edas finales. \u201c<strong>No podr\u00eda estar m\u00e1s orgulloso de estos chicos por lo que vivieron, por c\u00f3mo estuvieron juntos<\/strong>, c\u00f3mo jugaron para hacer historia, c\u00f3mo jugaron para la gente que vino a verlos\u201d, declaraba el capit\u00e1n <strong>Luke Donald<\/strong> tras el triunfo.<\/p>\n<p data-gtm-element-container=\"modulo-texto-link\" class=\"paragraph\">Europa cont\u00f3 con apoyo de los suyos, s\u00ed, pero tambi\u00e9n con<strong> las reticencias de muchos aficionados locales<\/strong>. Estas, en algunos momentos, sobrepasaron los l\u00edmites. El s\u00e1bado, despu\u00e9s de que McIlroy y Shane Lowry hubieran derrotado por 2 arriba a Justin Thomas y a Cameron Young en la sesi\u00f3n de fourballs vespertina, los dos jugadores se dirigieron al hoyo 17 para agradecer el apoyo de los aficionados europeos. Entonces,<strong> una cerveza vol\u00f3 desde la grada para caer sobre la esposa de Rory.<\/strong><\/p>\n<p data-gtm-element-container=\"modulo-texto-link\" class=\"paragraph\">McIlroy, con varios encontronazos con el p\u00fablico durante la semana, lo denunci\u00f3 en la rueda de prensa de los campeones del domingo. <strong>\u201cLo que ha sucedido no es aceptable en la Ryder Cup\u201d<\/strong>, lament\u00f3. No fue la \u00fanica situaci\u00f3n tensa que vivi\u00f3, como reflej\u00f3 tras denunciar esos gritos en su contra tras su partido individual del domingo contra Scottie Scheffler.<\/p>\n<p data-gtm-element-container=\"modulo-texto-link\" class=\"paragraph\">Las voces no solamente se dirigieron contra \u00e9l, sino tambi\u00e9n contra su esposa. <strong>Heather McMahan<\/strong>, maestra de ceremonias de PGA Am\u00e9rica para el tee del hoyo 1, alent\u00f3 a la afici\u00f3n local para que dirigiera gritos de <strong>\u201cFucking Rory!\u201d<\/strong> al norirland\u00e9s. NCLR GOLF anunci\u00f3 que fue destituida de su puesto durante el torneo por este hecho.<\/p>\n<p>Recuerdos para Trump<\/p>\n<p data-gtm-element-container=\"modulo-texto-link\" class=\"paragraph\">Toda rivalidad es bienvenida, pero hay l\u00edmites que no deber\u00edan sobrepasarse. Al equipo europeo no pareci\u00f3 sentarle nada bien que en el pa\u00eds norteamericano nadie tratara de impedir un ambiente repleto de faltas de respeto. Quiz\u00e1 por ello fueron apunt\u00e1ndolas en su interior.<\/p>\n<p data-gtm-element-container=\"modulo-texto-link\" class=\"paragraph\">Uno de los puntos de motivaci\u00f3n de los estadounidenses durante la semana (as\u00ed lo hab\u00edan repetido en sala de prensa) era la visita que iba a rendirles <strong>Donald Trump<\/strong> durante el torneo. Esta lleg\u00f3 el viernes por la ma\u00f1ana.<\/p>\n<p data-gtm-element-container=\"modulo-texto-link\" class=\"paragraph\">El presidente acudi\u00f3 al tee del hoyo 1 y salud\u00f3 a todos los miembros del combinado estadounidense. Los europeos, impasibles, pasaron de largo mientras los aficionados locales gritaban enardecidos. Pero su motivaci\u00f3n creci\u00f3.<\/p>\n<p data-gtm-element-container=\"modulo-texto-link\" class=\"paragraph\">As\u00ed, callando fuera, hablaron sobre el campo viernes y s\u00e1bado. Europa lleg\u00f3 con ventaja al domingo. Remat\u00f3, celebr\u00f3 y, entonces s\u00ed, sac\u00f3 a pasear algunas facturas, como dej\u00f3 claro con un v\u00eddeo liderado por Rory. <strong>\u201c\u00bfLo est\u00e1s viendo? \u00bfLo est\u00e1s viendo, Donald Trump?\u201d<\/strong>, cantaba el equipo a una. Se resign\u00f3 el presidente. \u201cS\u00ed, lo estoy viendo. \u00a1Felicidades!\u201d, dijo.<\/p>\n<p data-gtm-element-container=\"modulo-texto-link\" class=\"paragraph\">Explicaba McIlroy c\u00f3mo se hab\u00eda sentido el equipo. \u201cHa sido una semana dura para todos, pero al mismo tiempo <strong>les hemos silenciado con nuestro juego y hemos intentado responder con clase. Creo que lo hemos conseguido<\/strong>\u201d, cerraba, plet\u00f3rico. Las victorias siempre son celebradas, pero<strong> resultan todav\u00eda m\u00e1s dulces si se logran en terreno hostil.<\/strong><\/p>\n","protected":false},"excerpt":{"rendered":"\u00abNo he escuchado muchos \u00e1nimos para Scottie, pero s\u00ed que he escuchado muchos gritos contra m\u00ed\u201d, expresaba el&hellip;\n","protected":false},"author":2,"featured_media":151949,"comment_status":"","ping_status":"","sticky":false,"template":"","format":"standard","meta":{"footnotes":""},"categories":[275],"tags":[168,25,24,329,23,167],"class_list":{"0":"post-151948","1":"post","2":"type-post","3":"status-publish","4":"format-standard","5":"has-post-thumbnail","7":"category-golf","8":"tag-deportes","9":"tag-es","10":"tag-espana","11":"tag-golf","12":"tag-spain","13":"tag-sports"},"share_on_mastodon":{"url":"","error":""},"_links":{"self":[{"href":"https:\/\/www.europesays.com\/es\/wp-json\/wp\/v2\/posts\/151948","targetHints":{"allow":["GET"]}}],"collection":[{"href":"https:\/\/www.europesays.com\/es\/wp-json\/wp\/v2\/posts"}],"about":[{"href":"https:\/\/www.europesays.com\/es\/wp-json\/wp\/v2\/types\/post"}],"author":[{"embeddable":true,"href":"https:\/\/www.europesays.com\/es\/wp-json\/wp\/v2\/users\/2"}],"replies":[{"embeddable":true,"href":"https:\/\/www.europesays.com\/es\/wp-json\/wp\/v2\/comments?post=151948"}],"version-history":[{"count":0,"href":"https:\/\/www.europesays.com\/es\/wp-json\/wp\/v2\/posts\/151948\/revisions"}],"wp:featuredmedia":[{"embeddable":true,"href":"https:\/\/www.europesays.com\/es\/wp-json\/wp\/v2\/media\/151949"}],"wp:attachment":[{"href":"https:\/\/www.europesays.com\/es\/wp-json\/wp\/v2\/media?parent=151948"}],"wp:term":[{"taxonomy":"category","embeddable":true,"href":"https:\/\/www.europesays.com\/es\/wp-json\/wp\/v2\/categories?post=151948"},{"taxonomy":"post_tag","embeddable":true,"href":"https:\/\/www.europesays.com\/es\/wp-json\/wp\/v2\/tags?post=151948"}],"curies":[{"name":"wp","href":"https:\/\/api.w.org\/{rel}","templated":true}]}}