{"id":151950,"date":"2025-10-02T03:40:15","date_gmt":"2025-10-02T03:40:15","guid":{"rendered":"https:\/\/www.europesays.com\/es\/151950\/"},"modified":"2025-10-02T03:40:15","modified_gmt":"2025-10-02T03:40:15","slug":"red-bull-mete-en-un-lio-a-verstappen-con-hamilton","status":"publish","type":"post","link":"https:\/\/www.europesays.com\/es\/151950\/","title":{"rendered":"Red Bull mete en un l\u00edo a Verstappen con Hamilton"},"content":{"rendered":"<p class=\"parrafo\">Las comparaciones siempre son odiosas y si encima ata\u00f1en a la vida personal, lo normal es que no sienten nada bien. Por eso, <strong>Helmut Marko ha podido generar con sus \u00faltimas declaraciones un aut\u00e9ntico incendio innecesario entre Max Verstappen y Lewis Hamilton.<\/strong> El asesor de Red Bull ha querido ensalzar tanto la figura del tetracampe\u00f3n que ha comparado lo que hacen tanto el neerland\u00e9s como el brit\u00e1nico fuera de las pistas.<\/p>\n<p class=\"parrafo\">Lo ha hecho en una entrevista concedida en Viaplay y el tema en s\u00ed ha salido cuando le han preguntado por el nuevo \u00e9xito de Max el pasado fin de semana, donde se logr\u00f3 su primera victoria en la primera vez que disputaba una carrera de GT3 en el N\u00fcrburgring, dentro de la NLS 9: \u00abS\u00ed, fue impresionante. <strong>Y eso muestra lo comprometido que est\u00e1. Y, ya sabe, los dem\u00e1s van a, no s\u00e9, desfiles de moda o algo as\u00ed<\/strong>. Y \u00e9l va al Nordschleife, uno de los circuitos m\u00e1s exigentes que tenemos\u00bb.<\/p>\n<p class=\"parrafo\"><strong>Pese a que no mencion\u00f3 directamente al piloto de Ferrari<\/strong>, todos en el mundo del motor saben que Lewis Hamilton es una apasionado del mundo de la moda y, de hecho, estaba confirmado para el desfile de moda de Ferrari en Mil\u00e1n.<\/p>\n<p><a class=\"elementos-rel-t2\" href=\"https:\/\/www.estadiodeportivo.com\/motor\/formula-1\/representante-verstappen-lia-con-futuro-20250920-512887.html\" title=\"El representante de Verstappen la l\u00eda con su futuro\" rel=\"nofollow noopener\" target=\"_blank\">El representante de Verstappen la l\u00eda con su futuro<img decoding=\"async\" src=\"https:\/\/www.europesays.com\/es\/wp-content\/uploads\/2025\/10\/4feb129b-b854-4caa-b013-bf233408337f_320x180.jpeg\" alt=\"El representante de Verstappen la l\u00eda con su futuro\"\/><\/a><\/p>\n<p class=\"parrafo\"><strong>Habr\u00e1 que ver ahora si este fin de semana le contesta Hamilton o no<\/strong>. Aunque conociendo al piloto de Ferrari, seguramente haga o\u00eddos sordos. Para \u00e9l el automovilismo s\u00f3lo es su trabajo, pero siempre ha confesado que tiene otros hobbies que le hacen ser m\u00e1s feliz fuera de los circuitos.<\/p>\n<p class=\"parrafo\">Mientras<strong> Verstappen fuera del Gran Circo es un aut\u00e9ntico animal competitivo<\/strong>, compitiendo en simuladores con el Team Redline, participando en competiciones online e incluso transmitiendo sesiones por el canal de Twitch del equipo, Hamilton prefiere evadirse de la presi\u00f3n de las carreras de otra forma.<\/p>\n<p><a class=\"elementos-rel-t2\" href=\"https:\/\/www.estadiodeportivo.com\/motor\/formula-1\/lewis-hamilton-una-alegria-ferrari-monza-20250905-510685.html\" title=\"Lewis Hamilton le da una alegr\u00eda a Ferrari en Monza\" rel=\"nofollow noopener\" target=\"_blank\">Lewis Hamilton le da una alegr\u00eda a Ferrari en Monza<img decoding=\"async\" src=\"https:\/\/www.europesays.com\/es\/wp-content\/uploads\/2025\/10\/4f7e0f49-05d7-4e94-93f0-67c3d4eee5d5_320x180.jpeg\" alt=\"Lewis Hamilton le da una alegr\u00eda a Ferrari en Monza\"\/><\/a><\/p>\n<p class=\"parrafo\"><strong>El piloto brit\u00e1nico es un aut\u00e9ntico influencer <\/strong>y, a trav\u00e9s de sus redes sociales, se ha convertido en un aut\u00e9ntico embajador de marcas. Por eso, las declaraciones de Helmut Marko no deber\u00edan afectarle mucho, aunque hayan sido fuera de lugar.<\/p>\n<p>Una cr\u00edtica en un momento delicado<\/p>\n<p class=\"parrafo\">Este ataque gratuito, adem\u00e1s, le llega a Hamilton en un momento personal muy delicado. El brit\u00e1nico le <strong>ha tenido que decir adi\u00f3s esta semana a Roscoe, su bulldog ingl\u00e9s, tras 12 a\u00f1os<\/strong> de aut\u00e9ntica compa\u00f1\u00eda y cari\u00f1o. Por dicho motivo Hamilton no pudo asistir al Milan Ferrari Fashion Show y el piloto de Ferrari ha recibido numerosas muestras de cari\u00f1o por parte de todos sus seguidores y compa\u00f1eros de profesi\u00f3n.<\/p>\n","protected":false},"excerpt":{"rendered":"Las comparaciones siempre son odiosas y si encima ata\u00f1en a la vida personal, lo normal es que no&hellip;\n","protected":false},"author":2,"featured_media":151951,"comment_status":"","ping_status":"","sticky":false,"template":"","format":"standard","meta":{"footnotes":""},"categories":[270],"tags":[1763,168,25,24,284,306,271,272,2097,2099,2362,23,167],"class_list":{"0":"post-151950","1":"post","2":"type-post","3":"status-publish","4":"format-standard","5":"has-post-thumbnail","7":"category-formula-1","8":"tag-automovilismo","9":"tag-deportes","10":"tag-es","11":"tag-espana","12":"tag-estadio-deportivo","13":"tag-f1","14":"tag-formula-1","15":"tag-formula1","16":"tag-lewis-hamilton","17":"tag-max-verstappen","18":"tag-motor","19":"tag-spain","20":"tag-sports"},"share_on_mastodon":{"url":"","error":""},"_links":{"self":[{"href":"https:\/\/www.europesays.com\/es\/wp-json\/wp\/v2\/posts\/151950","targetHints":{"allow":["GET"]}}],"collection":[{"href":"https:\/\/www.europesays.com\/es\/wp-json\/wp\/v2\/posts"}],"about":[{"href":"https:\/\/www.europesays.com\/es\/wp-json\/wp\/v2\/types\/post"}],"author":[{"embeddable":true,"href":"https:\/\/www.europesays.com\/es\/wp-json\/wp\/v2\/users\/2"}],"replies":[{"embeddable":true,"href":"https:\/\/www.europesays.com\/es\/wp-json\/wp\/v2\/comments?post=151950"}],"version-history":[{"count":0,"href":"https:\/\/www.europesays.com\/es\/wp-json\/wp\/v2\/posts\/151950\/revisions"}],"wp:featuredmedia":[{"embeddable":true,"href":"https:\/\/www.europesays.com\/es\/wp-json\/wp\/v2\/media\/151951"}],"wp:attachment":[{"href":"https:\/\/www.europesays.com\/es\/wp-json\/wp\/v2\/media?parent=151950"}],"wp:term":[{"taxonomy":"category","embeddable":true,"href":"https:\/\/www.europesays.com\/es\/wp-json\/wp\/v2\/categories?post=151950"},{"taxonomy":"post_tag","embeddable":true,"href":"https:\/\/www.europesays.com\/es\/wp-json\/wp\/v2\/tags?post=151950"}],"curies":[{"name":"wp","href":"https:\/\/api.w.org\/{rel}","templated":true}]}}