{"id":151956,"date":"2025-10-02T03:43:10","date_gmt":"2025-10-02T03:43:10","guid":{"rendered":"https:\/\/www.europesays.com\/es\/151956\/"},"modified":"2025-10-02T03:43:10","modified_gmt":"2025-10-02T03:43:10","slug":"daniel-diges-bromea-con-su-pleno-en-el-donde-estan-asi-somos-los-rubios","status":"publish","type":"post","link":"https:\/\/www.europesays.com\/es\/151956\/","title":{"rendered":"Daniel Diges bromea con su pleno en el \u00bfD\u00f3nde Est\u00e1n?: \u201cAs\u00ed somos los rubios\u201d"},"content":{"rendered":"<p><b>Daniel Diges <\/b>ha hecho un hueco en su agenda y se ha quitado la m\u00e1scara de \u2018El fantasma de la \u00f3pera\u2019 para visitar <b>Pasapalabra. <\/b>Ha tardado en regresar al concurso, tanto que a\u00fan no conoc\u00eda ni a <b>Manu<\/b> ni a <b>Rosa, <\/b>pero se ha puesto las pilas r\u00e1pidamente. De hecho, ha ido de menos a m\u00e1s en este programa, con gazapos tan divertidos como el que ha dejado en <b>Palabras Cruzadas<\/b> con una respuesta sobre Pamela Anderson. \u201cTengo una mente muy sucia\u201d, ha bromeado.<\/p>\n<p>Sin embargo, se ha desquitado en el <b>\u00bfD\u00f3nde Est\u00e1n?,<\/b> una prueba con dos opciones que parec\u00edan un homenaje a Epi y Blas en Barrio S\u00e9samo: cerca y lejos. Primero ha jugado el equipo naranja, aunque Manu ha resuelto su panel de forma tan fugaz que ha vuelto a sorprender a todos, por m\u00e1s que sea habitual en \u00e9l esta destreza nemot\u00e9cnica.<\/p>\n<p>El equipo azul ha jugado con esa presi\u00f3n. Tras sus n\u00fameros aparec\u00edan pa\u00edses que est\u00e1n situados lejos de Espa\u00f1a y este panel se les estaba resistiendo hasta que Dani, en su segundo turno, ha dado la sorpresa. Con mucha calma, ha ido hilando hasta resolver la prueba. Compar\u00e1ndose con Manu, el actor ha bromeado: \u201cAs\u00ed somos los rubios\u201d. <b>\u00a1Revive este momento en el v\u00eddeo!<\/b><\/p>\n","protected":false},"excerpt":{"rendered":"Daniel Diges ha hecho un hueco en su agenda y se ha quitado la m\u00e1scara de \u2018El fantasma&hellip;\n","protected":false},"author":2,"featured_media":151957,"comment_status":"","ping_status":"","sticky":false,"template":"","format":"standard","meta":{"footnotes":""},"categories":[174],"tags":[255,146,147,25,24,256,23],"class_list":{"0":"post-151956","1":"post","2":"type-post","3":"status-publish","4":"format-standard","5":"has-post-thumbnail","7":"category-famosos","8":"tag-celebrities","9":"tag-entertainment","10":"tag-entretenimiento","11":"tag-es","12":"tag-espana","13":"tag-famosos","14":"tag-spain"},"share_on_mastodon":{"url":"","error":""},"_links":{"self":[{"href":"https:\/\/www.europesays.com\/es\/wp-json\/wp\/v2\/posts\/151956","targetHints":{"allow":["GET"]}}],"collection":[{"href":"https:\/\/www.europesays.com\/es\/wp-json\/wp\/v2\/posts"}],"about":[{"href":"https:\/\/www.europesays.com\/es\/wp-json\/wp\/v2\/types\/post"}],"author":[{"embeddable":true,"href":"https:\/\/www.europesays.com\/es\/wp-json\/wp\/v2\/users\/2"}],"replies":[{"embeddable":true,"href":"https:\/\/www.europesays.com\/es\/wp-json\/wp\/v2\/comments?post=151956"}],"version-history":[{"count":0,"href":"https:\/\/www.europesays.com\/es\/wp-json\/wp\/v2\/posts\/151956\/revisions"}],"wp:featuredmedia":[{"embeddable":true,"href":"https:\/\/www.europesays.com\/es\/wp-json\/wp\/v2\/media\/151957"}],"wp:attachment":[{"href":"https:\/\/www.europesays.com\/es\/wp-json\/wp\/v2\/media?parent=151956"}],"wp:term":[{"taxonomy":"category","embeddable":true,"href":"https:\/\/www.europesays.com\/es\/wp-json\/wp\/v2\/categories?post=151956"},{"taxonomy":"post_tag","embeddable":true,"href":"https:\/\/www.europesays.com\/es\/wp-json\/wp\/v2\/tags?post=151956"}],"curies":[{"name":"wp","href":"https:\/\/api.w.org\/{rel}","templated":true}]}}