{"id":151958,"date":"2025-10-02T03:45:09","date_gmt":"2025-10-02T03:45:09","guid":{"rendered":"https:\/\/www.europesays.com\/es\/151958\/"},"modified":"2025-10-02T03:45:09","modified_gmt":"2025-10-02T03:45:09","slug":"el-premio-planeta-bate-un-nuevo-record-de-participacion","status":"publish","type":"post","link":"https:\/\/www.europesays.com\/es\/151958\/","title":{"rendered":"El Premio Planeta bate un nuevo r\u00e9cord de participaci\u00f3n"},"content":{"rendered":"<p>La LXXIV edici\u00f3n del Premio Planeta de novela alcanz\u00f3 un nuevo r\u00e9cord de participaci\u00f3n al recibir 1.320 manuscritos originales que aspiran a convertirse en la obra ganadora del galard\u00f3n literario con mayor dotaci\u00f3n econ\u00f3mica del mundo ya que otorga 1 mill\u00f3n de euros al primer premio y 200.000 euros al finalista.<\/p>\n<p>Seg\u00fan ha informado la editorial Planeta en un comunicado, esta es la primera ocasi\u00f3n en que los escritores pudieron enviar sus trabajos a trav\u00e9s de un formulario digital en la web de la compa\u00f1\u00eda, lo que facilit\u00f3 el acceso al concurso. En total, 1.287 novelas fueron remitidas por esta v\u00eda, mientras que solo 33 llegaron en papel por correo postal.<\/p>\n<p>El jurado de esta edici\u00f3n est\u00e1 integrado por el fil\u00f3logo Jos\u00e9 Manuel Blecua, los escritores Juan Eslava Gal\u00e1n, Luz Gab\u00e1s, Pere Gimferrer y Carmen Posadas, adem\u00e1s de Eva Giner, rectora de la Universidad Internacional de Valencia, y Bel\u00e9n L\u00f3pez, directora de Editorial Planeta, que oficia como secretaria con voto.<\/p>\n<p>La diversidad geogr\u00e1fica de las obras presentadas vuelve a confirmar el alcance internacional del certamen. Desde Espa\u00f1a se enviaron 687 novelas, mientras que Am\u00e9rica del Sur aport\u00f3 378. Argentina sobresale con 152 originales, seguida por M\u00e9xico (122), Colombia (94), Chile (45) y Per\u00fa (32). Tambi\u00e9n se recibieron textos desde Estados Unidos, Am\u00e9rica Central (41), Europa sin incluir Espa\u00f1a (36), Asia (4) y \u00c1frica (2).<\/p>\n<p>El fallo del jurado se dar\u00e1 a conocer el pr\u00f3ximo 15 de octubre en la ya habitual ceremonia de entrega en el Museo Nacional de Arte de Catalu\u00f1a, ubicado en Barcelona, en el contexto de una cena literaria, como marca la tradici\u00f3n.<\/p>\n","protected":false},"excerpt":{"rendered":"La LXXIV edici\u00f3n del Premio Planeta de novela alcanz\u00f3 un nuevo r\u00e9cord de participaci\u00f3n al recibir 1.320 manuscritos&hellip;\n","protected":false},"author":2,"featured_media":151959,"comment_status":"","ping_status":"","sticky":false,"template":"","format":"standard","meta":{"footnotes":""},"categories":[172],"tags":[224,146,147,25,24,225,23],"class_list":{"0":"post-151958","1":"post","2":"type-post","3":"status-publish","4":"format-standard","5":"has-post-thumbnail","7":"category-libros","8":"tag-books","9":"tag-entertainment","10":"tag-entretenimiento","11":"tag-es","12":"tag-espana","13":"tag-libros","14":"tag-spain"},"share_on_mastodon":{"url":"","error":""},"_links":{"self":[{"href":"https:\/\/www.europesays.com\/es\/wp-json\/wp\/v2\/posts\/151958","targetHints":{"allow":["GET"]}}],"collection":[{"href":"https:\/\/www.europesays.com\/es\/wp-json\/wp\/v2\/posts"}],"about":[{"href":"https:\/\/www.europesays.com\/es\/wp-json\/wp\/v2\/types\/post"}],"author":[{"embeddable":true,"href":"https:\/\/www.europesays.com\/es\/wp-json\/wp\/v2\/users\/2"}],"replies":[{"embeddable":true,"href":"https:\/\/www.europesays.com\/es\/wp-json\/wp\/v2\/comments?post=151958"}],"version-history":[{"count":0,"href":"https:\/\/www.europesays.com\/es\/wp-json\/wp\/v2\/posts\/151958\/revisions"}],"wp:featuredmedia":[{"embeddable":true,"href":"https:\/\/www.europesays.com\/es\/wp-json\/wp\/v2\/media\/151959"}],"wp:attachment":[{"href":"https:\/\/www.europesays.com\/es\/wp-json\/wp\/v2\/media?parent=151958"}],"wp:term":[{"taxonomy":"category","embeddable":true,"href":"https:\/\/www.europesays.com\/es\/wp-json\/wp\/v2\/categories?post=151958"},{"taxonomy":"post_tag","embeddable":true,"href":"https:\/\/www.europesays.com\/es\/wp-json\/wp\/v2\/tags?post=151958"}],"curies":[{"name":"wp","href":"https:\/\/api.w.org\/{rel}","templated":true}]}}