{"id":151960,"date":"2025-10-02T03:46:11","date_gmt":"2025-10-02T03:46:11","guid":{"rendered":"https:\/\/www.europesays.com\/es\/151960\/"},"modified":"2025-10-02T03:46:11","modified_gmt":"2025-10-02T03:46:11","slug":"tres-anos-despues-vuelve-uno-de-los-animes-mas-oscuros-del-estudio-de-jujustsu-kaisen-noticias-de-series","status":"publish","type":"post","link":"https:\/\/www.europesays.com\/es\/151960\/","title":{"rendered":"Tres a\u00f1os despu\u00e9s, vuelve uno de los animes m\u00e1s oscuros del estudio de &#8216;Jujustsu Kaisen&#8217; &#8211; Noticias de series"},"content":{"rendered":"<p class=\"bo-p\">El estudio <b>MAPPA<\/b> se ha consolidado como una de las productoras m\u00e1s influyentes de la industria del anime en los \u00faltimos a\u00f1os. Tras hacerse cargo de \u00e9xitos de gran renombre como<a href=\"https:\/\/www.sensacine.com\/series\/serie-26679\/\" class=\"bo-link\" rel=\"nofollow noopener\" target=\"_blank\"> Jujutsu Kaisen, <\/a>la \u00faltima temporada de <a href=\"https:\/\/www.sensacine.com\/series\/serie-17425\/\" class=\"bo-link\" rel=\"nofollow noopener\" target=\"_blank\">Shingeki no Kyojin<\/a> o<a href=\"https:\/\/www.sensacine.com\/series\/serie-28193\/\" class=\"bo-link\" rel=\"nofollow noopener\" target=\"_blank\"> Chainsaw Man<\/a>, la compa\u00f1\u00eda japonesa tambi\u00e9n realiz\u00f3 uno de sus trabajos m\u00e1s oscuros y violentos hasta la fecha: <a href=\"https:\/\/www.sensacine.com\/series\/serie-31014\/\" class=\"bo-link\" rel=\"nofollow noopener\" target=\"_blank\">Hell&#8217;s Paradise.<\/a><\/p>\n<p class=\"bo-p\">Tres a\u00f1os despu\u00e9s de su estreno, vuelve con una<a href=\"https:\/\/www.sensacine.com\/series\/serie-31014\/temporada-52076\/\" class=\"bo-link\" rel=\"nofollow noopener\" target=\"_blank\"> temporada 2 <\/a>en <b>enero de 2026 <\/b>bajo el t\u00edtulo <b>Hell&#8217;s Paradise: Jigokuraku.<\/b> Con motivo de ello, el estudio ha lanzado un tr\u00e1iler, que puedes ver encima de estas l\u00edneas, donde vemos nuevos personajes, retos y un escenario m\u00e1s hostil plagado de criaturas y peligros.<\/p>\n<p class=\"bo-p\">El adelanto revela que varios rostros in\u00e9ditos se sumar\u00e1n a la historia. El reparto de voces incluye a <a href=\"https:\/\/www.sensacine.com\/actores\/actor-902713\/\" class=\"bo-link\" rel=\"nofollow noopener\" target=\"_blank\">Ryota Suzuki<\/a> como Shugen<a href=\"https:\/\/www.sensacine.com\/actores\/actor-256061\/\" class=\"bo-link\" rel=\"nofollow noopener\" target=\"_blank\">, Koji Yusa<\/a> como Jikka,<a href=\"https:\/\/www.sensacine.com\/actores\/actor-631897\/\" class=\"bo-link\" rel=\"nofollow noopener\" target=\"_blank\"> Maaya Uchida<\/a> como Kiyomaru y <a href=\"https:\/\/www.sensacine.com\/actores\/actor-244232\/\" class=\"bo-link\" rel=\"nofollow noopener\" target=\"_blank\">Sayaka Ohara<\/a> como Isuzu.<\/p>\n<p class=\"bo-p\">La <a href=\"https:\/\/www.sensacine.com\/series\/serie-31014\/temporada-45857\/\" class=\"bo-link\" rel=\"nofollow noopener\" target=\"_blank\">temporada 1<\/a> dej\u00f3 a Gabimaru en una situaci\u00f3n l\u00edmite. El ninja de fuego comenz\u00f3 a experimentar los efectos psicol\u00f3gicos de la isla, mientras \u00e9l y otros personajes intentaban derrotar a los Tensen, seres inmortales casi imposibles de abatir.<\/p>\n<p class=\"bo-p\">Estos villanos pod\u00edan transformarse y resistir a casi cualquier ataque, lo que elevaba la tensi\u00f3n en la b\u00fasqueda del elixir de la vida. El tr\u00e1iler de la temporada 2 sugiere que las batallas ser\u00e1n a\u00fan m\u00e1s intensas y que <b>la supervivencia de Gabimaru sigue en juego.<\/b><\/p>\n<p>    <a class=\"cms-see-also\" data-title=\"Link relacionado\" href=\"https:\/\/www.sensacine.com\/noticias\/series\/noticia-1000166504\/\" rel=\"nofollow noopener\" target=\"_blank\">Taz Skylar: \u201cApoyo que que nuestra generaci\u00f3n tenga su propio s\u00edmbolo que signifique &#8216;No m\u00e1s. &#8216;C\u00e1mbialo\u201d<\/a><\/p>\n<p class=\"bo-p\">El calendario de MAPPA para 2026 est\u00e1 especialmente cargado. En enero, Hell&#8217;s Paradise competir\u00e1 directamente con otro de los grandes proyectos de la productora: Jujutsu Kaisen regresar\u00e1 con su <a href=\"https:\/\/www.sensacine.com\/series\/serie-26679\/temporada-53487\/\" class=\"bo-link\" rel=\"nofollow noopener\" target=\"_blank\">temporada 3<\/a> a inicios de 2026, convirtiendo a Gabimaru y Yuji Itadori en rivales indirectos por la atenci\u00f3n del p\u00fablico.<\/p>\n","protected":false},"excerpt":{"rendered":"El estudio MAPPA se ha consolidado como una de las productoras m\u00e1s influyentes de la industria del anime&hellip;\n","protected":false},"author":2,"featured_media":151961,"comment_status":"","ping_status":"","sticky":false,"template":"","format":"standard","meta":{"footnotes":""},"categories":[171],"tags":[21889,146,147,25,24,45998,45997,45996,45999,23,23657,214],"class_list":{"0":"post-151960","1":"post","2":"type-post","3":"status-publish","4":"format-standard","5":"has-post-thumbnail","7":"category-tv","8":"tag-anime","9":"tag-entertainment","10":"tag-entretenimiento","11":"tag-es","12":"tag-espana","13":"tag-hells_paradise","14":"tag-jigokuraku","15":"tag-jujutsu_kaisen","16":"tag-mappa","17":"tag-spain","18":"tag-temporada_2","19":"tag-tv"},"share_on_mastodon":{"url":"","error":""},"_links":{"self":[{"href":"https:\/\/www.europesays.com\/es\/wp-json\/wp\/v2\/posts\/151960","targetHints":{"allow":["GET"]}}],"collection":[{"href":"https:\/\/www.europesays.com\/es\/wp-json\/wp\/v2\/posts"}],"about":[{"href":"https:\/\/www.europesays.com\/es\/wp-json\/wp\/v2\/types\/post"}],"author":[{"embeddable":true,"href":"https:\/\/www.europesays.com\/es\/wp-json\/wp\/v2\/users\/2"}],"replies":[{"embeddable":true,"href":"https:\/\/www.europesays.com\/es\/wp-json\/wp\/v2\/comments?post=151960"}],"version-history":[{"count":0,"href":"https:\/\/www.europesays.com\/es\/wp-json\/wp\/v2\/posts\/151960\/revisions"}],"wp:featuredmedia":[{"embeddable":true,"href":"https:\/\/www.europesays.com\/es\/wp-json\/wp\/v2\/media\/151961"}],"wp:attachment":[{"href":"https:\/\/www.europesays.com\/es\/wp-json\/wp\/v2\/media?parent=151960"}],"wp:term":[{"taxonomy":"category","embeddable":true,"href":"https:\/\/www.europesays.com\/es\/wp-json\/wp\/v2\/categories?post=151960"},{"taxonomy":"post_tag","embeddable":true,"href":"https:\/\/www.europesays.com\/es\/wp-json\/wp\/v2\/tags?post=151960"}],"curies":[{"name":"wp","href":"https:\/\/api.w.org\/{rel}","templated":true}]}}