{"id":151962,"date":"2025-10-02T03:47:11","date_gmt":"2025-10-02T03:47:11","guid":{"rendered":"https:\/\/www.europesays.com\/es\/151962\/"},"modified":"2025-10-02T03:47:11","modified_gmt":"2025-10-02T03:47:11","slug":"paul-mccartney-rescata-help-en-directo-tras-seis-decadas-de-ausencia-kiss-fm","status":"publish","type":"post","link":"https:\/\/www.europesays.com\/es\/151962\/","title":{"rendered":"Paul McCartney rescata \u201cHelp!\u201d en directo tras seis d\u00e9cadas de ausencia \u2013 KISS FM"},"content":{"rendered":"<p>&#13;<br \/>\n\t\t&#13;<br \/>\n&#13;<br \/>\n\t&#13;<\/p>\n<p><strong>Paul McCartney <\/strong>sigue demostrando que su legado no tiene fecha de caducidad. El ex Beatle sorprendi\u00f3 este fin de semana en el inicio de su nueva gira estadounidense, celebrado en el <strong>Santa Barbara Bowl de California<\/strong>, al recuperar un cl\u00e1sico que llevaba seis d\u00e9cadas sin sonar completo en sus conciertos: <strong>\u201cHelp!\u201d<\/strong>, la pieza que John Lennon escribi\u00f3 en 1965 y que dio nombre a uno de los \u00e1lbumes m\u00e1s emblem\u00e1ticos de The Beatles.<\/p>\n<p>La \u00faltima vez que McCartney hab\u00eda tocado la canci\u00f3n en su integridad fue el <strong>12 de diciembre de 1965<\/strong>, en un concierto de los Fab Four en Cardiff, Gales. A lo largo de su carrera en solitario, solo hab\u00eda incluido breves fragmentos dentro de <strong>un popurr\u00ed en homenaje a Lennon <\/strong>durante los a\u00f1os 80, pero nunca se hab\u00eda atrevido a interpretarla de principio a fin hasta ahora.<\/p>\n<p>El recital, con un aforo reducido de apenas <strong>4.500 personas<\/strong>, ya part\u00eda de un ambiente especial: fue anunciado apenas dos semanas antes y cont\u00f3 con estrictas medidas para evitar filtraciones, entre ellas la obligaci\u00f3n de <strong>guardar los tel\u00e9fonos m\u00f3viles en fundas de seguridad<\/strong>. Aunque no existen v\u00eddeos oficiales de la actuaci\u00f3n, un registro del ensayo confirma el momento hist\u00f3rico, que dej\u00f3 at\u00f3nitos a los asistentes.<\/p>\n<p>Con este gesto, McCartney no solo recupera un tema ic\u00f3nico, sino que tambi\u00e9n <strong>conecta con la memoria colectiva de varias generaciones<\/strong>. En un espacio \u00edntimo y cargado de simbolismo, logr\u00f3 devolver a la actualidad una de las composiciones m\u00e1s queridas de la era Beatle, recordando que la historia del grupo de Liverpool sigue viva cada vez que uno de sus miembros decide mirar atr\u00e1s.<\/p>\n<p>Redacci\u00f3n (Agencias)<\/p>\n<p>\t&#13;<br \/>\n&#13;<\/p>\n<p>            <a href=\"http:\/\/www.facebook.com\/sharer\/sharer.php?u=https:\/\/www.kissfm.es\/2025\/10\/01\/paul-mccartney-rescata-help-en-directo-tras-seis-decadas-de-ausencia\/&amp;t=Paul McCartney rescata \u201cHelp!\u201d en directo tras seis d\u00e9cadas de ausencia\" target=\"_blank\" rel=\"noopener noreferrer nofollow\"><img decoding=\"async\" src=\"https:\/\/www.europesays.com\/es\/wp-content\/uploads\/2025\/08\/Facebook.png\" alt=\"\"\/><\/a><br \/>\n            <a href=\"#\" onclick=\"essb_window('https:\/\/twitter.com\/intent\/tweet?text=Paul McCartney rescata \u201cHelp!\u201d en directo tras seis d\u00e9cadas de ausencia&amp;url=https:\/\/www.kissfm.es\/2025\/10\/01\/paul-mccartney-rescata-help-en-directo-tras-seis-decadas-de-ausencia\/\/&amp;counturl=https:\/\/www.kissfm.es\/2025\/10\/01\/paul-mccartney-rescata-help-en-directo-tras-seis-decadas-de-ausencia\/&amp;hashtags=\" return=\"\" false=\"\" rel=\"noopener noreferrer\"><img decoding=\"async\" src=\"https:\/\/www.europesays.com\/es\/wp-content\/uploads\/2025\/08\/Twitter.png\" alt=\"\"\/><\/a><br \/>\n        &#13;<br \/>\n        &#13;<br \/>\n<script async src=\"https:\/\/platform.twitter.com\/widgets.js\" charset=\"utf-8\"><\/script><\/p>\n","protected":false},"excerpt":{"rendered":"&#13; &#13; &#13; &#13; Paul McCartney sigue demostrando que su legado no tiene fecha de caducidad. El ex&hellip;\n","protected":false},"author":2,"featured_media":151963,"comment_status":"","ping_status":"","sticky":false,"template":"","format":"standard","meta":{"footnotes":""},"categories":[170],"tags":[146,147,25,24,184,185,23],"class_list":{"0":"post-151962","1":"post","2":"type-post","3":"status-publish","4":"format-standard","5":"has-post-thumbnail","7":"category-musica","8":"tag-entertainment","9":"tag-entretenimiento","10":"tag-es","11":"tag-espana","12":"tag-music","13":"tag-musica","14":"tag-spain"},"share_on_mastodon":{"url":"","error":""},"_links":{"self":[{"href":"https:\/\/www.europesays.com\/es\/wp-json\/wp\/v2\/posts\/151962","targetHints":{"allow":["GET"]}}],"collection":[{"href":"https:\/\/www.europesays.com\/es\/wp-json\/wp\/v2\/posts"}],"about":[{"href":"https:\/\/www.europesays.com\/es\/wp-json\/wp\/v2\/types\/post"}],"author":[{"embeddable":true,"href":"https:\/\/www.europesays.com\/es\/wp-json\/wp\/v2\/users\/2"}],"replies":[{"embeddable":true,"href":"https:\/\/www.europesays.com\/es\/wp-json\/wp\/v2\/comments?post=151962"}],"version-history":[{"count":0,"href":"https:\/\/www.europesays.com\/es\/wp-json\/wp\/v2\/posts\/151962\/revisions"}],"wp:featuredmedia":[{"embeddable":true,"href":"https:\/\/www.europesays.com\/es\/wp-json\/wp\/v2\/media\/151963"}],"wp:attachment":[{"href":"https:\/\/www.europesays.com\/es\/wp-json\/wp\/v2\/media?parent=151962"}],"wp:term":[{"taxonomy":"category","embeddable":true,"href":"https:\/\/www.europesays.com\/es\/wp-json\/wp\/v2\/categories?post=151962"},{"taxonomy":"post_tag","embeddable":true,"href":"https:\/\/www.europesays.com\/es\/wp-json\/wp\/v2\/tags?post=151962"}],"curies":[{"name":"wp","href":"https:\/\/api.w.org\/{rel}","templated":true}]}}