{"id":151968,"date":"2025-10-02T03:50:08","date_gmt":"2025-10-02T03:50:08","guid":{"rendered":"https:\/\/www.europesays.com\/es\/151968\/"},"modified":"2025-10-02T03:50:08","modified_gmt":"2025-10-02T03:50:08","slug":"descubren-que-los-casos-de-autismo-que-se-diagnostican-pronto-y-los-que-se-ven-tarde-son-subgrupos-geneticos-diferentes","status":"publish","type":"post","link":"https:\/\/www.europesays.com\/es\/151968\/","title":{"rendered":"Descubren que los casos de autismo que se diagnostican pronto y los que se ven tarde son subgrupos gen\u00e9ticos diferentes"},"content":{"rendered":"<p class=\"article-text\">\n        Desde hace tiempo los especialistas observan diferencias entre los ni\u00f1os a los que diagnostican el <a href=\"https:\/\/www.eldiario.es\/temas\/autismo\/\" target=\"_blank\" data-mrf-recirculation=\"links-noticia\" class=\"link\" rel=\"nofollow noopener\">autismo<\/a> pronto y los que el sistema detecta m\u00e1s tarde, generalmente a partir de la infancia tard\u00eda. Un nuevo trabajo publicado <a href=\"https:\/\/www.nature.com\/articles\/s41586-025-09542-6\" target=\"_blank\" data-mrf-recirculation=\"links-noticia\" class=\"link\" rel=\"nofollow noopener\">en la revista\u00a0<\/a><a href=\"https:\/\/www.nature.com\/articles\/s41586-025-09542-6\" target=\"_blank\" data-mrf-recirculation=\"links-noticia\" class=\"link\" rel=\"nofollow noopener\">Nature<\/a>\u00a0ha identificado por primera vez patrones gen\u00e9ticos y de desarrollo distintivos entre estos dos grupos, lo que tiene implicaciones para comprender las afecciones de salud mental coexistentes.\n    <\/p>\n<p>    <a href=\"https:\/\/www.eldiario.es\/sociedad\/no-no-hay-pruebas-paracetamol-sea-causa-autismo-cura-medicamento-patochada_1_12622910.html\" data-mrf-recirculation=\"saber-mas\" data-dl-event=\"saber-mas\" rel=\"nofollow noopener\" target=\"_blank\"><\/p>\n<p class=\"know-more__title\">No, no hay pruebas de que el paracetamol sea la causa del autismo ni se cura con un medicamento: \u00abEs una patochada\u00bb<\/p>\n<p>            <img decoding=\"async\" class=\"lazy\" loading=\"lazy\" data-src=\"https:\/\/static.eldiario.es\/clip\/1ef6e170-6d82-48b9-a236-5378afeba8ad_16-9-aspect-ratio_default_0.jpg\" src=\"data:image\/svg+xml,%3Csvg xmlns=\" http:=\"\" viewbox=\"0 0 880 495\" alt=\"No, no hay pruebas de que el paracetamol sea la causa del autismo ni se cura con un medicamento: &quot;Es una patochada&quot;\"\/><\/p>\n<p>                        <\/a><\/p>\n<p class=\"article-text\">\n        Utilizando datos de comportamiento de 4 cohortes de nacimiento, que van desde 89 a 188 individuos, y datos gen\u00e9ticos de dos grandes estudios, <a href=\"http:\/\/autismresearchcentre.com\/people\/dr-varun-warrier\/\" target=\"_blank\" data-mrf-recirculation=\"links-noticia\" class=\"link\" rel=\"nofollow noopener\">Varun Warrier<\/a> y su equipo han identificado dos grupos con diferentes trayectorias de comportamiento con perfiles gen\u00e9ticos separados: uno donde\u00a0las dificultades sociales y de comunicaci\u00f3n, como la ansiedad, la hiperactividad y las dificultades con la interacci\u00f3n social, aparecen temprano pero se mantienen estables, y otro donde dichas dificultades aumentan durante la adolescencia y que son m\u00e1s propensos a sufrir problemas de salud mental a lo largo de sus vidas.\n    <\/p>\n<p class=\"article-text\">\n        Aquellos que fueron diagnosticados a partir de la infancia tard\u00eda en adelante fueron m\u00e1s propensos a experimentar afecciones de salud mental como la depresi\u00f3n en comparaci\u00f3n con aquellos que recibieron un diagn\u00f3stico a una edad m\u00e1s temprana. Los autores encontraron que las diferencias gen\u00e9ticas entre estos diferentes grupos eran comparables a las de las afecciones psiqui\u00e1tricas.\n    <\/p>\n<p class=\"article-text\">\n        En opini\u00f3n de los investigadores, estos hallazgos proporcionan una forma m\u00e1s clara de comprender la variaci\u00f3n dentro del autismo y\u00a0podr\u00edan orientar futuras investigaciones y estrategias, aunque consideran que se necesita m\u00e1s investigaci\u00f3n sobre la diversidad gen\u00e9tica ancestral.\n    <\/p>\n<p class=\"article-text\">\n        El autismo es un t\u00e9rmino general que abarca muchas diferencias dentro del trastorno del neurodesarrollo, pero las maneras claras de distinguir estas diferencias siguen siendo limitadas. Si bien se han vinculado factores sociales y demogr\u00e1ficos a la edad en el momento del diagn\u00f3stico, el papel de la gen\u00e9tica no se ha estudiado a fondo. A medida que m\u00e1s personas reciben el diagn\u00f3stico en etapas m\u00e1s avanzadas de la vida, a menudo junto con trastornos como la ansiedad, el trastorno por d\u00e9ficit de atenci\u00f3n e hiperactividad (TDAH) y la depresi\u00f3n, comprender estas diferencias es cada vez m\u00e1s importante.\n    <\/p>\n<p>    Edad de diagn\u00f3stico hereditaria<\/p>\n<p class=\"article-text\">\n        <a href=\"https:\/\/es.wikipedia.org\/wiki\/Celso_Arango_L%C3%B3pez\" target=\"_blank\" data-mrf-recirculation=\"links-noticia\" class=\"link\" rel=\"nofollow noopener\">Celso Arango<\/a>,\u00a0jefe de Servicio de Psiquiatr\u00eda Infantil en La Paz, considera que este estudio es muy interesante, ya que eval\u00faa c\u00f3mo la varianza gen\u00e9tica com\u00fan (no la rara, que explica muchos casos de autismo como las mutaciones poco frecuentes) predice que se tenga un autismo diagnosticado de forma m\u00e1s temprana (con mayor afectaci\u00f3n) o m\u00e1s tard\u00edamente. \u201cDicho de otra forma, las trayectorias del desarrollo y la arquitectura polig\u00e9nica del autismo var\u00edan seg\u00fan la edad al momento del diagn\u00f3stico\u201d, explica a <a href=\"http:\/\/elDiario.es\" target=\"_blank\" data-mrf-recirculation=\"links-noticia\" class=\"link\" rel=\"nofollow noopener\">elDiario.es<\/a>.\u00a0\n    <\/p>\n<blockquote class=\"quote\">\n<p class=\"quote-text\">Estos resultados refuerzan la idea de que el t\u00e9rmino autismo abarca diversos fen\u00f3menos con or\u00edgenes, trayectorias de desarrollo y relaciones con la salud mental distintas<\/p>\n<p>\n                        Celso Arango<br \/>\n                                        \u2014 Jefe de Servicio de Psiquiatr\u00eda Infantil en La Paz\n                      <\/p>\n<\/blockquote>\n<p class=\"article-text\">\n        En opini\u00f3n del experto, esto tiene sentido desde el punto de vista cl\u00ednico, pues el grado de afectaci\u00f3n y las necesidades (por ejemplo, la comorbilidad con discapacidad intelectual) influyen en que se diagnostique antes o despu\u00e9s. \u201cEstos resultados refuerzan la idea de que el t\u00e9rmino autismo abarca diversos fen\u00f3menos con or\u00edgenes, trayectorias de desarrollo y relaciones con la salud mental distintas, todo lo contrario a <a href=\"https:\/\/www.eldiario.es\/sociedad\/no-no-hay-pruebas-paracetamol-sea-causa-autismo-cura-medicamento-patochada_1_12622910.html\" target=\"_blank\" data-mrf-recirculation=\"links-noticia\" class=\"link\" rel=\"nofollow noopener\">lo que dijo Trump el otro d\u00eda<\/a>\u201d.\u00a0\n    <\/p>\n<p class=\"article-text\">\n        <a href=\"https:\/\/kclpure.kcl.ac.uk\/portal\/en\/persons\/michael-absoud\" target=\"_blank\" data-mrf-recirculation=\"links-noticia\" class=\"link\" rel=\"nofollow noopener\">Michael Absoud<\/a>, investigador del King&#8217;s College de Londres (Reino Unido), cree que el estudio \u201cconfirma que el autismo no solo es altamente hereditario y un espectro de trastornos, sino que la edad en la que se diagnostica tambi\u00e9n es hereditaria\u201d, aunque es necesario estudiar poblaciones m\u00e1s diversas para replicar los resultados, explica al <a href=\"https:\/\/sciencemediacentre.es\/\" target=\"_blank\" data-mrf-recirculation=\"links-noticia\" class=\"link\" rel=\"nofollow noopener\">SMC<\/a>.\u00a0<a href=\"https:\/\/profiles.ucl.ac.uk\/9294-uta-frith\" target=\"_blank\" data-mrf-recirculation=\"links-noticia\" class=\"link\" rel=\"nofollow noopener\">Uta Frith<\/a>, del University College London, cree que demuestra que el autismo no es una condici\u00f3n unitaria. \u201cDeja claro que los menores diagnosticados tempranamente y los diagnosticados tard\u00edamente forman dos subgrupos muy diferentes\u201d, asegura. \u201cHay pocos puntos en com\u00fan entre ellos en cuanto a caracter\u00edsticas cl\u00ednicas o gen\u00e9ticas. Me da esperanzas de que salgan a la luz a\u00fan m\u00e1s subgrupos, y que cada uno encuentre una etiqueta diagn\u00f3stica adecuada\u201d.\u00a0\n    <\/p>\n<blockquote class=\"quote\">\n<p class=\"quote-text\">Vamos a tener una visi\u00f3n mucho m\u00e1s adecuada, porque ahora casi nada se aplica para todas las personas, probablemente porque estamos mezclando demasiadas cosas en un \u00fanico grupo<\/p>\n<p>\n                        Jos\u00e9 Ram\u00f3n Alonso<br \/>\n                                        \u2014 Catedr\u00e1tico de la Universidad de Salamanca (USAL) experto en autismo\n                      <\/p>\n<\/blockquote>\n<p class=\"article-text\">\n        Para <a href=\"https:\/\/produccioncientifica.usal.es\/investigadores\/56543\/detalle\" target=\"_blank\" data-mrf-recirculation=\"links-noticia\" class=\"link\" rel=\"nofollow noopener\">Jos\u00e9 Ram\u00f3n Alonso<\/a>, catedr\u00e1tico de la Universidad de Salamanca (USAL) experto en autismo,\u00a0este resultado encaja en algo que se estaba viendo ya en los \u00faltimos a\u00f1os sobre la heterogeneidad del trastorno del espectro del autismo. \u201cCreo que gracias a este art\u00edculo vamos a tener una visi\u00f3n mucho m\u00e1s adecuada, porque ahora casi nada se aplica para todas las personas, probablemente porque estamos mezclando demasiadas cosas en un \u00fanico grupo\u201d.\u00a0\n    <\/p>\n<p>    <a href=\"https:\/\/www.eldiario.es\/sociedad\/diagnosticos-autismo-han-cuadruplicado-diez-anos-familias-no-esperan_1_12112735.html\" data-mrf-recirculation=\"saber-mas-abajo\" data-dl-event=\"saber-mas-abajo\" rel=\"nofollow noopener\" target=\"_blank\"><\/p>\n<p class=\"know-more__title\">Los diagn\u00f3sticos de autismo se han cuadruplicado en diez a\u00f1os: \u201cMuchas familias no se lo esperan\u201d<\/p>\n<p>            <img decoding=\"async\" class=\"lazy\" loading=\"lazy\" data-src=\"https:\/\/static.eldiario.es\/clip\/958c70a2-e2e8-4d33-8d53-8516c1047dd5_16-9-aspect-ratio_default_0.jpg\" src=\"data:image\/svg+xml,%3Csvg xmlns=\" http:=\"\" viewbox=\"0 0 880 495\" alt=\"Los diagn\u00f3sticos de autismo se han cuadruplicado en diez a\u00f1os: \u201cMuchas familias no se lo esperan\u201d\"\/><\/p>\n<p>                        <\/a><\/p>\n<p class=\"article-text\">\n        Aunque ya era conocido que hay ni\u00f1os que muestran s\u00edntomas mucho antes que otros, apunta Alonso, este nuevo descubrimiento va a afectar a la forma en que se hace el diagn\u00f3stico. \u201cHasta ahora el diagn\u00f3stico se basaba en comportamientos, por eso hab\u00eda ese inter\u00e9s por los biomarcadores, encontrar algo que no dependa de algo que siempre es complicado, ya que el ni\u00f1o est\u00e1 en un ambiente que no conoce y que no entiende\u201d, afirma. \u201cLo que nos dice este estudio es que probablemente no vaya a ser un procedimiento \u00fanico, sino que va a haber como dos distintas poblaciones o dos perfiles gen\u00e9ticos con evoluciones diferentes\u201d.\n    <\/p>\n","protected":false},"excerpt":{"rendered":"Desde hace tiempo los especialistas observan diferencias entre los ni\u00f1os a los que diagnostican el autismo pronto y&hellip;\n","protected":false},"author":2,"featured_media":151969,"comment_status":"","ping_status":"","sticky":false,"template":"","format":"standard","meta":{"footnotes":""},"categories":[92],"tags":[3349,858,5213,18486,9943,25,24,46001,165,18844,166,2877,23,46000,11054,36624],"class_list":{"0":"post-151968","1":"post","2":"type-post","3":"status-publish","4":"format-standard","5":"has-post-thumbnail","7":"category-salud","8":"tag-autismo","9":"tag-casos","10":"tag-descubren","11":"tag-diagnostican","12":"tag-diferentes","13":"tag-es","14":"tag-espana","15":"tag-geneticos","16":"tag-health","17":"tag-pronto","18":"tag-salud","19":"tag-son","20":"tag-spain","21":"tag-subgrupos","22":"tag-tarde","23":"tag-ven"},"share_on_mastodon":{"url":"","error":""},"_links":{"self":[{"href":"https:\/\/www.europesays.com\/es\/wp-json\/wp\/v2\/posts\/151968","targetHints":{"allow":["GET"]}}],"collection":[{"href":"https:\/\/www.europesays.com\/es\/wp-json\/wp\/v2\/posts"}],"about":[{"href":"https:\/\/www.europesays.com\/es\/wp-json\/wp\/v2\/types\/post"}],"author":[{"embeddable":true,"href":"https:\/\/www.europesays.com\/es\/wp-json\/wp\/v2\/users\/2"}],"replies":[{"embeddable":true,"href":"https:\/\/www.europesays.com\/es\/wp-json\/wp\/v2\/comments?post=151968"}],"version-history":[{"count":0,"href":"https:\/\/www.europesays.com\/es\/wp-json\/wp\/v2\/posts\/151968\/revisions"}],"wp:featuredmedia":[{"embeddable":true,"href":"https:\/\/www.europesays.com\/es\/wp-json\/wp\/v2\/media\/151969"}],"wp:attachment":[{"href":"https:\/\/www.europesays.com\/es\/wp-json\/wp\/v2\/media?parent=151968"}],"wp:term":[{"taxonomy":"category","embeddable":true,"href":"https:\/\/www.europesays.com\/es\/wp-json\/wp\/v2\/categories?post=151968"},{"taxonomy":"post_tag","embeddable":true,"href":"https:\/\/www.europesays.com\/es\/wp-json\/wp\/v2\/tags?post=151968"}],"curies":[{"name":"wp","href":"https:\/\/api.w.org\/{rel}","templated":true}]}}