{"id":151975,"date":"2025-10-02T03:55:32","date_gmt":"2025-10-02T03:55:32","guid":{"rendered":"https:\/\/www.europesays.com\/es\/151975\/"},"modified":"2025-10-02T03:55:32","modified_gmt":"2025-10-02T03:55:32","slug":"del-centro-de-la-capital-a-entrenucleos","status":"publish","type":"post","link":"https:\/\/www.europesays.com\/es\/151975\/","title":{"rendered":"del Centro de la capital a Entren\u00facleos"},"content":{"rendered":"<p><img decoding=\"async\" class=\"voc-author__img\" src=\"https:\/\/www.europesays.com\/es\/wp-content\/uploads\/2025\/09\/autor-5179-foto-1.jpeg\" alt=\"Manuel Luna\"\/><\/p>\n<p class=\"voc-p\" style=\"\">La Junta de Andaluc\u00eda ha creado una bolsa de suelos disponibles en los municipios andaluces para la construcci\u00f3n de viviendas protegidas y asequibles e impulsar los distintos mecanismos de colaboraci\u00f3n p\u00fablico-privada. Se trata de <strong>un inventario de parcelas p\u00fablicas o privadas disponibles<\/strong> destinadas por el planeamiento urban\u00edstico a vivienda protegida, parcelas dotacionales de equipamientos, parcelas de los patrimonios p\u00fablicos de suelo y otras de titularidad p\u00fablica susceptibles de acoger vivienda protegida.<\/p>\n<p class=\"voc-p\" style=\"\">En la suma total, destacan las 14.000 viviendas posibles que se podr\u00edan construir entre la capital hispalense y Dos Hermanas donde existen m\u00faltiples suelos susceptibles para construir viviendas. En Sevilla, existen parcelas incluso en el Centro de la ciudad mientras que otras partes donde podr\u00edan hacerse pisos de protecci\u00f3n oficial se reparten entre <strong>Pino Montano, Torreblanca o Sevilla Este<\/strong>. <\/p>\n<p class=\"voc-p\" style=\"\"><strong>Hay parcelas en la parte norte del Casco Antiguo<\/strong> como es el caso de una existente en la calle Gonz\u00e1lez Cuadrado, en pleno barrio de la calle Feria; al lado de la parroquia de San Gil, en la Macarena; en Montesi\u00f3n, o al lado de la iglesia de San Mart\u00edn. Luego, hay otros suelos en la barriada del Carmen; en el entorno de la avenida de Miraflores; en Pino Montano o en San Jer\u00f3nimo. <\/p>\n<p class=\"voc-p\" style=\"\">Cerca de Luis Montoto, tambi\u00e9n hay <strong>otras dos parcelas justo al lado del nuevo barrio de la Cruz del Campo<\/strong> y otro suelo que mira hacia la avenida de Andaluc\u00eda. Al otro lado del r\u00edo, enfrente de Torre Sevilla, hay varios espacios para edificar en un futuro seg\u00fan la Junta de Andaluc\u00eda. Mientras, en el distrito Este &#8211; Alcosa &#8211; Torreblanca, hay enclaves en la antigua algodonera, al lado del canal de la Ranilla o en la calle Leonardo del Castillo. <\/p>\n<p>\nSuelos en la parte sur de Sevilla Este y Torreblanca\n<\/p>\n<p class=\"voc-p\" style=\"\">Asimismo, hay suelos en la avenida del Deporte del mencionado distrito, en la calle Aeroplano, al lado del cortijo de Santa B\u00e1rbara y en el barrio de Torreblanca, en v\u00edas como Panadero Jos\u00e9 Garc\u00eda Lucas, <strong>por detr\u00e1s de la plaza del Platanero<\/strong>, en Bamb\u00fa, Acebo, as\u00ed como en el barrio de la Hacienda del Rosario. <\/p>\n<ul class=\"oc-d-c-list__list\">\n<li class=\"voc-d-c-list__item\">\n<p class=\"voc-d-c-list__paragraph\">Parte norte del Casco Antiguo de Sevilla<\/p>\n<\/li>\n<li class=\"voc-d-c-list__item\">\n<p class=\"voc-d-c-list__paragraph\">Barriada del Carmen, entorno de la avenida de Miraflores, Pino Montano y San Jer\u00f3nimo<\/p>\n<\/li>\n<li class=\"voc-d-c-list__item\">\n<p class=\"voc-d-c-list__paragraph\">Al lado de la calle Luis Montoto, nuevo barrio de la Cruz del Campo, antigua algodonera del Parque Alcosa, Sevilla Este y Torreblanca<\/p>\n<\/li>\n<li class=\"voc-d-c-list__item\">\n<p class=\"voc-d-c-list__paragraph\">Hacienda del Rosario, distrito Cerro Amate junto a la SE-30, o al lado de la estaci\u00f3n de metro de Cocheras<\/p>\n<\/li>\n<li class=\"voc-d-c-list__item\">\n<p class=\"voc-d-c-list__paragraph\">Palmas Altas, Entren\u00facleos, barriada de las Portadas y entorno de la calle Torre de Do\u00f1a Mar\u00eda<\/p>\n<\/li>\n<\/ul>\n<p class=\"voc-p\" style=\"\">Por otro lado, mirando hacia la parte sur de la capital hispalense, hay suelos en el distrito Cerro Amate junto a la ronda de circunvalaci\u00f3n SE-30 o en la calle Binefar, junto a la estaci\u00f3n de metro de Cocheras. Otro suelos dotacionales se han se\u00f1alado por parte de la Junta de Andaluc\u00eda junto al parque Celestino Mutis y a la barriada de la Oliva. <\/p>\n<p class=\"voc-p\" style=\"\">En <strong>Palmas Altas<\/strong>, otro nuevo barrio que se est\u00e1 construyendo entre el cauce del r\u00edo Guadaira, la A-4 y la SE-30, tambi\u00e9n hay suelos para viviendas protegidas y que se est\u00e1n ofertando por parte de los promotores. <\/p>\n<p class=\"voc-p\" style=\"\">Ya en Dos Hermanas, la gran mayor\u00eda de suelos disponibles o que se est\u00e1n ofertando se encuentran en Entren\u00facleos: algunos de ellos est\u00e1n en el extremo norte y lindando con Olivar de Quintos, en concreto, en la calle Francisco S\u00e1nchez Moreno. En la parte sur y casi al lado de la SE-40, muchas parcelas est\u00e1n en el bulevar Rafael Escuredo. <\/p>\n<p class=\"voc-p\" style=\"\">Por \u00faltimo, otras que est\u00e1n en el mapa de la Junta de Andaluc\u00eda se encuentran cerca de la barriada de las Portadas (en concreto en la avenida Carlos Amigo Vallejo) y en el entorno de la v\u00eda denominada como Torre de Do\u00f1a Mar\u00eda. <\/p>\n<p>Reportar un error<\/p>\n","protected":false},"excerpt":{"rendered":"La Junta de Andaluc\u00eda ha creado una bolsa de suelos disponibles en los municipios andaluces para la construcci\u00f3n&hellip;\n","protected":false},"author":2,"featured_media":151976,"comment_status":"","ping_status":"","sticky":false,"template":"","format":"standard","meta":{"footnotes":""},"categories":[8],"tags":[46005,10740,17,18,46004,25,24,13,14,11,19,20,9,10,15,16,2860,1171,23,2419,12,21,22,20101],"class_list":{"0":"post-151975","1":"post","2":"type-post","3":"status-publish","4":"format-standard","5":"has-post-thumbnail","7":"category-espana","8":"tag-46005","9":"tag-bolsas","10":"tag-breaking-news","11":"tag-breakingnews","12":"tag-construiran","13":"tag-es","14":"tag-espana","15":"tag-featured-news","16":"tag-featurednews","17":"tag-headlines","18":"tag-latest-news","19":"tag-latestnews","20":"tag-news","21":"tag-noticias","22":"tag-noticias-destacadas","23":"tag-noticiasdestacadas","24":"tag-nuevas","25":"tag-sevilla","26":"tag-spain","27":"tag-suelo","28":"tag-titulares","29":"tag-ultimas-noticias","30":"tag-ultimasnoticias","31":"tag-vpo"},"share_on_mastodon":{"url":"","error":""},"_links":{"self":[{"href":"https:\/\/www.europesays.com\/es\/wp-json\/wp\/v2\/posts\/151975","targetHints":{"allow":["GET"]}}],"collection":[{"href":"https:\/\/www.europesays.com\/es\/wp-json\/wp\/v2\/posts"}],"about":[{"href":"https:\/\/www.europesays.com\/es\/wp-json\/wp\/v2\/types\/post"}],"author":[{"embeddable":true,"href":"https:\/\/www.europesays.com\/es\/wp-json\/wp\/v2\/users\/2"}],"replies":[{"embeddable":true,"href":"https:\/\/www.europesays.com\/es\/wp-json\/wp\/v2\/comments?post=151975"}],"version-history":[{"count":0,"href":"https:\/\/www.europesays.com\/es\/wp-json\/wp\/v2\/posts\/151975\/revisions"}],"wp:featuredmedia":[{"embeddable":true,"href":"https:\/\/www.europesays.com\/es\/wp-json\/wp\/v2\/media\/151976"}],"wp:attachment":[{"href":"https:\/\/www.europesays.com\/es\/wp-json\/wp\/v2\/media?parent=151975"}],"wp:term":[{"taxonomy":"category","embeddable":true,"href":"https:\/\/www.europesays.com\/es\/wp-json\/wp\/v2\/categories?post=151975"},{"taxonomy":"post_tag","embeddable":true,"href":"https:\/\/www.europesays.com\/es\/wp-json\/wp\/v2\/tags?post=151975"}],"curies":[{"name":"wp","href":"https:\/\/api.w.org\/{rel}","templated":true}]}}