{"id":151977,"date":"2025-10-02T03:56:10","date_gmt":"2025-10-02T03:56:10","guid":{"rendered":"https:\/\/www.europesays.com\/es\/151977\/"},"modified":"2025-10-02T03:56:10","modified_gmt":"2025-10-02T03:56:10","slug":"la-ley-de-memoria-democratica-ha-otorgado-ya-la-nacionalidad-espanola-a-174-277-descendientes-de-exiliados-en-argentina","status":"publish","type":"post","link":"https:\/\/www.europesays.com\/es\/151977\/","title":{"rendered":"La Ley de Memoria Democr\u00e1tica ha otorgado ya la nacionalidad espa\u00f1ola a 174.277 descendientes de exiliados en Argentina"},"content":{"rendered":"<p class=\"main-image\">&#13;<br \/>\n                     &#13;<br \/>\n                        &#13;<br \/>\n                        <img decoding=\"async\" alt=\"El ministro \u00c1ngel V\u00edctor Torres preside el homenaje a los espa\u00f1oles v\u00edctimas de la dictadura argentina\" title=\"El ministro \u00c1ngel V\u00edctor Torres preside el homenaje a los espa\u00f1oles v\u00edctimas de la dictadura argentina\" src=\"https:\/\/www.europesays.com\/es\/wp-content\/uploads\/2025\/10\/011025-ley-memoria-nacionalidad-argentina.jpg\"\/>&#13;<br \/>\n                        El ministro de Pol\u00edtica Territorial y Memoria Democr\u00e1tica, \u00c1ngel V\u00edctor Torres, preside, en los jardines de la Embajada de Espa\u00f1a en Argentina, el homenaje a los espa\u00f1oles v\u00edctimas de la dictadura argentina.&#13;<br \/>\n                    &#13;\n                <\/p>\n<p>El ministro de Pol\u00edtica Territorial y Memoria Democr\u00e1tica, \u00c1ngel V\u00edctor Torres, ha se\u00f1alado que la Ley 20\/2022 de Memoria Democr\u00e1tica ha posibilitado que, hasta el momento, 174.277 descendientes de exiliados y exiliadas espa\u00f1oles en Argentina hayan adquirido el derecho a la nacionalidad espa\u00f1ola.<\/p>\n<p>El ministro, que ha presidido, en los jardines de la Embajada de Espa\u00f1a en Argentina, el acto homenaje que se celebra anualmente en el monumento a los espa\u00f1oles v\u00edctimas de la dictadura argentina (1976 y 1983), ha explicado que, con datos a 31 de julio, ya son 876.321 las personas que han solicitado la ciudadan\u00eda espa\u00f1ola en todo el mundo. De ellos, ya tienen consolidado su derecho 414.652 descendientes. De ellos, 237.145 ya est\u00e1n inscritos y con su pasaporte entregado.<\/p>\n<p>La Ley de Memoria Democr\u00e1tica, cuyo gran objetivo es reparar y reconocer a las personas que fueron v\u00edctimas de la Guerra y la dictadura, incluye la posibilidad de que los nacidos fuera de Espa\u00f1a, de padre o madre, abuelo o abuela, originariamente espa\u00f1oles, puedan reclamar la nacionalidad de nuestro pa\u00eds. \u00abSe trataba y se trata\u00bb, ha indicado, \u00abde reparar, en parte, las consecuencias del exilio por razones pol\u00edticas, sociales ideol\u00f3gicas, de creencia u orientaci\u00f3n e identidad sexual\u00bb.<\/p>\n<p>\u00abEra de justicia que hubiera una ley que diera respuesta a todos aquellos y aquellas que tuvieron que salir de Espa\u00f1a por la llegada del totalitarismo\u00bb, ha afirmado.<\/p>\n<p>Argentina, con los datos oficiales a 31 de julio, es el pa\u00eds que ha registrado un mayor n\u00famero de solicitudes, con 366.579, lo que representa el 40% del total de peticiones. De ellos, como se ha dicho, 174.277 ya tienen aprobado el tr\u00e1mite y 61.499 ya constan como inscritos.<\/p>\n<p>Torres ha recordado que el plazo para solicitar la nacionalidad expira el pr\u00f3ximo 22 de octubre, tras aprobarse una pr\u00f3rroga el 9 de julio de 2024.<\/p>\n<p>Ofrenda floral a los desaparecidos<\/p>\n<p>Durante la ofrenda floral a los espa\u00f1oles y espa\u00f1olas desaparecidos en la dictadura argentina, \u00c1ngel V\u00edctor Torres ha indicado que existe un primer listado de 135 v\u00edctimas, que se ir\u00e1 ampliando a medida que se vayan conociendo.<\/p>\n<p>El ministro ha estado acompa\u00f1ado de la presidenta de la Asociaci\u00f3n de Familiares de V\u00edctimas Espa\u00f1olas, Consuelo Casta\u00f1o; el secretario de Estado de Memoria Democr\u00e1tica, Fernando Mart\u00ednez; el secretario de Estado de Pol\u00edtica Territorial, Arcadi Espa\u00f1a, y el embajador de Espa\u00f1a en Argentina, Joaqu\u00edn de Ar\u00edstegui.<\/p>\n<p>Encuentro con la colectividad espa\u00f1ola<\/p>\n<p>En la tarde de este mi\u00e9rcoles, el ministro tambi\u00e9n visita el Museo de la Inmigraci\u00f3n de Buenos Aires y celebra una reuni\u00f3n con los colectivos de descendientes espa\u00f1oles que est\u00e1n inmersos en el proceso de nacionalizaci\u00f3n.<\/p>\n","protected":false},"excerpt":{"rendered":"&#13; &#13; &#13; &#13; El ministro de Pol\u00edtica Territorial y Memoria Democr\u00e1tica, \u00c1ngel V\u00edctor Torres, preside, en los&hellip;\n","protected":false},"author":2,"featured_media":151978,"comment_status":"","ping_status":"","sticky":false,"template":"","format":"standard","meta":{"footnotes":""},"categories":[5],"tags":[17,18,25,24,13,14,11,19,20,9,10,15,16,23,12,21,22],"class_list":{"0":"post-151977","1":"post","2":"type-post","3":"status-publish","4":"format-standard","5":"has-post-thumbnail","7":"category-titulares","8":"tag-breaking-news","9":"tag-breakingnews","10":"tag-es","11":"tag-espana","12":"tag-featured-news","13":"tag-featurednews","14":"tag-headlines","15":"tag-latest-news","16":"tag-latestnews","17":"tag-news","18":"tag-noticias","19":"tag-noticias-destacadas","20":"tag-noticiasdestacadas","21":"tag-spain","22":"tag-titulares","23":"tag-ultimas-noticias","24":"tag-ultimasnoticias"},"share_on_mastodon":{"url":"","error":""},"_links":{"self":[{"href":"https:\/\/www.europesays.com\/es\/wp-json\/wp\/v2\/posts\/151977","targetHints":{"allow":["GET"]}}],"collection":[{"href":"https:\/\/www.europesays.com\/es\/wp-json\/wp\/v2\/posts"}],"about":[{"href":"https:\/\/www.europesays.com\/es\/wp-json\/wp\/v2\/types\/post"}],"author":[{"embeddable":true,"href":"https:\/\/www.europesays.com\/es\/wp-json\/wp\/v2\/users\/2"}],"replies":[{"embeddable":true,"href":"https:\/\/www.europesays.com\/es\/wp-json\/wp\/v2\/comments?post=151977"}],"version-history":[{"count":0,"href":"https:\/\/www.europesays.com\/es\/wp-json\/wp\/v2\/posts\/151977\/revisions"}],"wp:featuredmedia":[{"embeddable":true,"href":"https:\/\/www.europesays.com\/es\/wp-json\/wp\/v2\/media\/151978"}],"wp:attachment":[{"href":"https:\/\/www.europesays.com\/es\/wp-json\/wp\/v2\/media?parent=151977"}],"wp:term":[{"taxonomy":"category","embeddable":true,"href":"https:\/\/www.europesays.com\/es\/wp-json\/wp\/v2\/categories?post=151977"},{"taxonomy":"post_tag","embeddable":true,"href":"https:\/\/www.europesays.com\/es\/wp-json\/wp\/v2\/tags?post=151977"}],"curies":[{"name":"wp","href":"https:\/\/api.w.org\/{rel}","templated":true}]}}