{"id":151980,"date":"2025-10-02T03:59:09","date_gmt":"2025-10-02T03:59:09","guid":{"rendered":"https:\/\/www.europesays.com\/es\/151980\/"},"modified":"2025-10-02T03:59:09","modified_gmt":"2025-10-02T03:59:09","slug":"john-cena-anuncia-la-fecha-y-el-lugar-de-su-ultimo-combate-como-profesional","status":"publish","type":"post","link":"https:\/\/www.europesays.com\/es\/151980\/","title":{"rendered":"John Cena anuncia la fecha y el lugar de su \u00faltimo combate como profesional"},"content":{"rendered":"<p data-gtm-element-container=\"modulo-texto-link\" class=\"paragraph\">Los fan\u00e1ticos de las artes marciales mixtas lo estaban esperando: <strong><a href=\"https:\/\/www.mundodeportivo.com\/us\/mas-deporte\/20250807\/727572\/john-cena-revela-cambio-fisico-radical-redefinio-vida.html\" title=\"John Cena revela el cambio f\u00edsico y radical que redefini\u00f3 su vida\" rel=\"nofollow noopener\" target=\"_blank\">John Cena<\/a><\/strong> finalmente <strong>anunci\u00f3 cu\u00e1ndo ser\u00e1 su \u00faltimo combate<\/strong> como profesional de <strong>WWE<\/strong>. Luego de varios meses de viajes por diferentes puntos del mundo, el tour de despedida tendr\u00e1 su culminaci\u00f3n en <strong>Estados Unidos<\/strong>.<\/p>\n<p>\u00daltimo combate de John Cena: fecha, lugar y posible rival<\/p>\n<p data-gtm-element-container=\"modulo-texto-link\" class=\"paragraph\">La cuenta oficial de Twitter de <strong>WWE<\/strong> anunci\u00f3 que <strong>el \u00faltimo combate de John Cena<\/strong> ser\u00e1 el s\u00e1bado <strong>13 de diciembre<\/strong> en el estadio <strong>Capital One Arena de Washington D.C.<\/strong> En tanto, las entradas saldr\u00e1n a la venta el 17 de octubre.<\/p>\n<blockquote class=\"twitter-tweet\" data-lang=\"es\"><p>\n<a href=\"https:\/\/twitter.com\/WWE\/status\/1972995795340382290\" rel=\"nofollow noopener\" target=\"_blank\">\n<\/p><\/blockquote>\n<p data-gtm-element-container=\"modulo-texto-link\" class=\"paragraph\">Esta contienda se enmarcar\u00e1 dentro del <strong>Saturday Night\u2019s Main Event<\/strong>, aunque por el momento el 17 veces campe\u00f3n mundial <strong>no confirm\u00f3 qui\u00e9n ser\u00e1 su rival<\/strong>. Sin embargo, en las redes sociales ya se especula con algunos nombres en particular.<\/p>\n<p data-gtm-element-container=\"modulo-texto-link\" class=\"paragraph\"><strong>AJ Styles, Seth Rollins y hasta Bron Breakker<\/strong> son algunas de las figuras que m\u00e1s menciones tuvieron en las \u00faltimas horas como <strong>posibles contendientes de John Cena<\/strong>. No obstante, solamente se trata de especulaciones.<\/p>\n<p data-gtm-element-container=\"modulo-texto-link\" class=\"paragraph\">Lo que s\u00ed es seguro es que <strong>WWE perder\u00e1 a uno de sus m\u00e1ximos referentes<\/strong>, alguien que durante los tiempos de mayor crisis se puso al frente de todo y permiti\u00f3 que la empresa pudiera subsistir con la <strong>venta de entradas<\/strong> y con <strong>excelentes n\u00fameros de audiencia en televisi\u00f3n<\/strong>.<\/p>\n<p>        Lee tambi\u00e9n<\/p>\n<p>    Gustavo Rubio<\/p>\n<p>             <img loading=\"lazy\" decoding=\"async\" data-full-src=\"https:\/\/www.mundodeportivo.com\/us\/uploads\/2025\/09\/19\/68cddc6b59ae9.jpeg\" alt=\"Horizontal\" width=\"334\" height=\"164\" src=\"https:\/\/www.europesays.com\/es\/wp-content\/uploads\/2025\/10\/68cddc6b59ae9.jpeg\" class=\"lazy\"\/><\/p>\n<p data-gtm-element-container=\"modulo-texto-link\" class=\"paragraph\">Adem\u00e1s de los 17 t\u00edtulos en campeonatos mundiales, John cena fue <strong>5 veces campe\u00f3n de Estados Unidos<\/strong> y sum\u00f3 <strong>2 victorias en Royal Rumble<\/strong>, en 2008 y en 2013, m\u00e1s <strong>1 victoria en Money in the Bank<\/strong>\u00a0en 2012.<\/p>\n<p><script async src=\"https:\/\/platform.twitter.com\/widgets.js\" charset=\"utf-8\"><\/script><\/p>\n","protected":false},"excerpt":{"rendered":"Los fan\u00e1ticos de las artes marciales mixtas lo estaban esperando: John Cena finalmente anunci\u00f3 cu\u00e1ndo ser\u00e1 su \u00faltimo&hellip;\n","protected":false},"author":2,"featured_media":151981,"comment_status":"","ping_status":"","sticky":false,"template":"","format":"standard","meta":{"footnotes":""},"categories":[276],"tags":[168,25,24,23,167,343],"class_list":{"0":"post-151980","1":"post","2":"type-post","3":"status-publish","4":"format-standard","5":"has-post-thumbnail","7":"category-ufc","8":"tag-deportes","9":"tag-es","10":"tag-espana","11":"tag-spain","12":"tag-sports","13":"tag-ufc"},"share_on_mastodon":{"url":"","error":""},"_links":{"self":[{"href":"https:\/\/www.europesays.com\/es\/wp-json\/wp\/v2\/posts\/151980","targetHints":{"allow":["GET"]}}],"collection":[{"href":"https:\/\/www.europesays.com\/es\/wp-json\/wp\/v2\/posts"}],"about":[{"href":"https:\/\/www.europesays.com\/es\/wp-json\/wp\/v2\/types\/post"}],"author":[{"embeddable":true,"href":"https:\/\/www.europesays.com\/es\/wp-json\/wp\/v2\/users\/2"}],"replies":[{"embeddable":true,"href":"https:\/\/www.europesays.com\/es\/wp-json\/wp\/v2\/comments?post=151980"}],"version-history":[{"count":0,"href":"https:\/\/www.europesays.com\/es\/wp-json\/wp\/v2\/posts\/151980\/revisions"}],"wp:featuredmedia":[{"embeddable":true,"href":"https:\/\/www.europesays.com\/es\/wp-json\/wp\/v2\/media\/151981"}],"wp:attachment":[{"href":"https:\/\/www.europesays.com\/es\/wp-json\/wp\/v2\/media?parent=151980"}],"wp:term":[{"taxonomy":"category","embeddable":true,"href":"https:\/\/www.europesays.com\/es\/wp-json\/wp\/v2\/categories?post=151980"},{"taxonomy":"post_tag","embeddable":true,"href":"https:\/\/www.europesays.com\/es\/wp-json\/wp\/v2\/tags?post=151980"}],"curies":[{"name":"wp","href":"https:\/\/api.w.org\/{rel}","templated":true}]}}