{"id":152009,"date":"2025-10-02T04:18:08","date_gmt":"2025-10-02T04:18:08","guid":{"rendered":"https:\/\/www.europesays.com\/es\/152009\/"},"modified":"2025-10-02T04:18:08","modified_gmt":"2025-10-02T04:18:08","slug":"el-pp-de-madrid-fuerza-a-feijoo-a-reabrir-el-debate-del-aborto-que-evito-en-su-congreso-espana","status":"publish","type":"post","link":"https:\/\/www.europesays.com\/es\/152009\/","title":{"rendered":"El PP de Madrid fuerza a Feij\u00f3o a reabrir el debate del aborto que evit\u00f3 en su congreso | Espa\u00f1a"},"content":{"rendered":"<p><img fetchpriority=\"high\" decoding=\"auto\" class=\"_re  a_m-h\" height=\"276\"  width=\"414\"  src=\"https:\/\/www.europesays.com\/es\/wp-content\/uploads\/2025\/10\/74KA3A2XARMVZLMQR7BK2LH26U.jpg\" loading=\"eager\"\/>La portavoz del PP en el Congreso, Ester Mu\u00f1oz, en una rueda de prensa este mi\u00e9rcoles.Ananda Manj\u00f3n &#8211; Europa Press (Europa Press)<\/p>\n<p class=\"\">\u201cEn ning\u00fan lugar donde gobierne el PP se puede coaccionar a una mujer durante su embarazo\u201d, sentenci\u00f3 Alberto N\u00fa\u00f1ez Feij\u00f3o en enero de 2023. \u201cNing\u00fan m\u00e9dico, y mucho menos un pol\u00edtico, puede interferir en este contexto\u201d, incidi\u00f3 en una entrevista en Telemadrid. El l\u00edder del PP respond\u00eda con esas palabras a la pol\u00e9mica de alcance nacional que Vox hab\u00eda provocado entonces al PP en Castilla y Le\u00f3n,<a href=\"https:\/\/elpais.com\/espana\/2023-01-17\/la-direccion-del-pp-presiono-a-manueco-para-que-zanjara-la-crisis-por-el-protocolo-antiabortista.html\" target=\"_self\" rel=\"nofollow noopener\" title=\"https:\/\/elpais.com\/espana\/2023-01-17\/la-direccion-del-pp-presiono-a-manueco-para-que-zanjara-la-crisis-por-el-protocolo-antiabortista.html\"> cuando forz\u00f3 a los populares a obligar a las mujeres que quer\u00edan abortar a escuchar antes el latido del feto. <\/a>El PP castellanoleon\u00e9s termin\u00f3 dando marcha atr\u00e1s por el revuelo, pero tambi\u00e9n forzado por G\u00e9nova, que no quer\u00eda pisar charcos en un terreno tan delicado como el aborto, hist\u00f3ricamente divisivo para el PP. Sin embargo, ahora, dos a\u00f1os despu\u00e9s, la direcci\u00f3n nacional ha avalado otra iniciativa que los ultras han colado al PP en el Ayuntamiento de Madrid sobre un supuesto s\u00edndrome posaborto no avalado por la comunidad cient\u00edfica. El PP de Madrid ha obligado a Feij\u00f3o a reabrir el debate del aborto, <a href=\"https:\/\/elpais.com\/espana\/2025-06-17\/la-ponencia-del-pp-deja-la-puerta-abierta-a-los-pactos-con-vox-a-escala-nacional.html\" target=\"_blank\" rel=\"nofollow noopener\" title=\"https:\/\/elpais.com\/espana\/2025-06-17\/la-ponencia-del-pp-deja-la-puerta-abierta-a-los-pactos-con-vox-a-escala-nacional.html\">que hab\u00eda sorteado con \u00e9xito hace solo dos meses en el congreso que le reeligi\u00f3 como l\u00edder.<\/a><\/p>\n<p class=\"\">La direcci\u00f3n nacional del PP <a href=\"https:\/\/elpais.com\/espana\/madrid\/2025-09-30\/almeida-aprueba-la-propuesta-de-vox-que-obliga-a-informar-a-las-mujeres-sobre-el-supuesto-sindrome-post-aborto.html\" rel=\"nofollow noopener\" title=\"https:\/\/elpais.com\/espana\/madrid\/2025-09-30\/almeida-aprueba-la-propuesta-de-vox-que-obliga-a-informar-a-las-mujeres-sobre-el-supuesto-sindrome-post-aborto.html\" target=\"_blank\">aval\u00f3 este mi\u00e9rcoles la decisi\u00f3n del PP del Ayuntamiento de Madrid de aprobar una propuesta de Vox<\/a> para que sea obligatorio informar a las mujeres que quieren abortar de las consecuencias de un supuesto s\u00edndrome posaborto. Seg\u00fan Vox, autor de la iniciativa, la interrupci\u00f3n voluntaria del embarazo puede causar a las mujeres, entre otros efectos, un trauma que conlleva \u201cdepresi\u00f3n, un profundo sentimiento de culpa, aislamiento, alcoholismo, anorexia y bulimia\u201d. El supuesto s\u00edndrome no est\u00e1 recogido como tal en los dos cat\u00e1logos de clasificaci\u00f3n de trastornos mentales de referencia: el DSM-5, m\u00e1s usado en Estados Unidos, o el CIE-11, en Europa.<\/p>\n<p class=\"\">Pese a que <a href=\"https:\/\/elpais.com\/espana\/2025-06-17\/la-ponencia-del-pp-deja-la-puerta-abierta-a-los-pactos-con-vox-a-escala-nacional.html\" rel=\"nofollow noopener\" title=\"https:\/\/elpais.com\/espana\/2025-06-17\/la-ponencia-del-pp-deja-la-puerta-abierta-a-los-pactos-con-vox-a-escala-nacional.html\" target=\"_blank\">el PP de Feij\u00f3o dej\u00f3 fuera el aborto de la ponencia ideol\u00f3gica del congreso<\/a>, G\u00e9nova ha optado por respaldar ahora al PP de Jos\u00e9 Luis Mart\u00ednez-Almeida, con el argumento de que \u201cla informaci\u00f3n nunca es un problema\u201d, seg\u00fan defendi\u00f3 ayer la portavoz parlamentaria, Ester Mu\u00f1oz. <\/p>\n<p class=\"\">Para los expertos y la oposici\u00f3n en Madrid, informar obligatoriamente a las mujeres de un supuesto s\u00edndrome no avalado por la ciencia es en realidad una medida \u201cideol\u00f3gica\u201d y antiabortista que busca coaccionar a las mujeres que quieran abortar. <\/p>\n<p class=\"\">La estrategia de la c\u00fapula popular avalando esta iniciativa de los ultras se aparta de la que hab\u00eda sido hasta ahora la l\u00ednea del PP de Feij\u00f3o. Despu\u00e9s de que el l\u00edder del PP asumiera en febrero de 2023 la ley de plazos del aborto, no sin revuelo interno, G\u00e9nova decidi\u00f3 soslayar este espinoso asunto en la ponencia ideol\u00f3gica que se aprob\u00f3 en el congreso del pasado mes de julio. <\/p>\n<p class=\"\">Ese texto, el ideario vigente del PP aprobado por todo el partido ni siquiera menciona la interrupci\u00f3n voluntaria del embarazo. Tras la sentencia del Tribunal Constitucional que aval\u00f3 la ley de plazos, Feij\u00f3o dijo p\u00fablicamente que respetar\u00eda la norma vigente, y acept\u00f3, por tanto, que el aborto es un derecho (aunque \u201cno un derecho fundamental\u201d, defendi\u00f3). <\/p>\n<p class=\"\">Fuentes del equipo directo del l\u00edder popular aseguran que la postura del PP \u201ces clara\u201d y \u201cno ha cambiado\u201d, pero defienden que es compatible con lo que ha defendido la portavoz parlamentaria, Ester Mu\u00f1oz, \u201cque no le incomoda que se d\u00e9 informaci\u00f3n\u201d sobre ese supuesto trauma posaborto. \u201cNuestra postura con la ley de plazos es conocida y no ha cambiado\u201d, remachan estas fuentes, tratando de zanjar el asunto. <\/p>\n<p class=\"\">En el partido no queda claro por qu\u00e9 el PP madrile\u00f1o ha reabierto un mel\u00f3n sin tener una necesidad pol\u00edtica, ya que los populares cuentan con mayor\u00eda absoluta en el Ayuntamiento de la capital y no necesitan los votos de Vox. El alcalde de Madrid, Jos\u00e9 Luis Mart\u00ednez Almeida, justific\u00f3 este mi\u00e9rcoles la decisi\u00f3n, que ha desconcertado a sectores del PP. \u201cYo no tengo por qu\u00e9 compartir el discurso que hizo ayer Vox y, de hecho, hay muchas partes de ese discurso que no comparto\u201d, dijo desde M\u00e1laga, aunque insisti\u00f3 en que el PP s\u00ed defiende que las mujeres reciban informaci\u00f3n \u201ccuando se tiene que tomar una decisi\u00f3n tan complicada y tan dif\u00edcil\u201d. En el entorno del regidor inciden en que el movimiento no ha estado condicionado por Vox, un partido con el que tiene muchas discrepancias en el Ayuntamiento, ni tampoco por la izquierda, sino que es lo que piensa que es mejor para las mujeres. <\/p>\n<p class=\"\">Los populares pactaron una enmienda transaccional con Vox en el Ayuntamiento que dice lo siguiente, seg\u00fan el texto al que ha accedido EL PA\u00cdS: \u201cQue el Ayuntamiento de Madrid, a trav\u00e9s de las diferentes \u00c1reas implicadas, y previamente estudiado por los servicios jur\u00eddicos del Ayuntamiento de Madrid, proporcionen informaci\u00f3n a las mujeres sobre el trauma posaborto en la ciudad de Madrid. La informaci\u00f3n ser\u00e1 de manera verbal y escrita y estar\u00e1 de manera permanente y visible en los Centros Municipales de Madrid Salud, Espacios de Igualdad (futuros Centros de Atenci\u00f3n Integrales a la Mujer CIAM), Samur Social y Centros de Servicios Sociales. Dicha informaci\u00f3n estar\u00e1 incluida en las p\u00e1ginas web oficiales, carteler\u00eda y folletos informativos de los recursos mencionados\u201d. <\/p>\n<p class=\"\">La iniciativa del PP madrile\u00f1o ha provocado desconcierto y malestar en algunos sectores del partido. G\u00e9nova hab\u00eda definido como prioritaria la pelea por el voto femenino despu\u00e9s del problema que ha provocado al Gobierno progresista el fallo de las pulseras anti maltrato. El PP consigui\u00f3 la semana pasada la reprobaci\u00f3n en el Congreso de la ministra de Igualdad, Ana Redondo y, despu\u00e9s de abrirle una v\u00eda de agua al PSOE por este asunto, ha pisado una c\u00e1scara de pl\u00e1tano con el aborto. <\/p>\n","protected":false},"excerpt":{"rendered":"La portavoz del PP en el Congreso, Ester Mu\u00f1oz, en una rueda de prensa este mi\u00e9rcoles.Ananda Manj\u00f3n &#8211;&hellip;\n","protected":false},"author":2,"featured_media":152010,"comment_status":"","ping_status":"","sticky":false,"template":"","format":"standard","meta":{"footnotes":""},"categories":[8],"tags":[17020,6069,17,18,23914,25,24,13,14,11,19,20,27545,46009,9,10,15,16,18514,23,12,21,22,624],"class_list":{"0":"post-152009","1":"post","2":"type-post","3":"status-publish","4":"format-standard","5":"has-post-thumbnail","7":"category-espana","8":"tag-aborto","9":"tag-alberto-nunez-feijoo","10":"tag-breaking-news","11":"tag-breakingnews","12":"tag-derechos-mujer","13":"tag-es","14":"tag-espana","15":"tag-featured-news","16":"tag-featurednews","17":"tag-headlines","18":"tag-latest-news","19":"tag-latestnews","20":"tag-legislacion","21":"tag-ley-del-aborto","22":"tag-news","23":"tag-noticias","24":"tag-noticias-destacadas","25":"tag-noticiasdestacadas","26":"tag-pp-madrid","27":"tag-spain","28":"tag-titulares","29":"tag-ultimas-noticias","30":"tag-ultimasnoticias","31":"tag-vox"},"share_on_mastodon":{"url":"","error":""},"_links":{"self":[{"href":"https:\/\/www.europesays.com\/es\/wp-json\/wp\/v2\/posts\/152009","targetHints":{"allow":["GET"]}}],"collection":[{"href":"https:\/\/www.europesays.com\/es\/wp-json\/wp\/v2\/posts"}],"about":[{"href":"https:\/\/www.europesays.com\/es\/wp-json\/wp\/v2\/types\/post"}],"author":[{"embeddable":true,"href":"https:\/\/www.europesays.com\/es\/wp-json\/wp\/v2\/users\/2"}],"replies":[{"embeddable":true,"href":"https:\/\/www.europesays.com\/es\/wp-json\/wp\/v2\/comments?post=152009"}],"version-history":[{"count":0,"href":"https:\/\/www.europesays.com\/es\/wp-json\/wp\/v2\/posts\/152009\/revisions"}],"wp:featuredmedia":[{"embeddable":true,"href":"https:\/\/www.europesays.com\/es\/wp-json\/wp\/v2\/media\/152010"}],"wp:attachment":[{"href":"https:\/\/www.europesays.com\/es\/wp-json\/wp\/v2\/media?parent=152009"}],"wp:term":[{"taxonomy":"category","embeddable":true,"href":"https:\/\/www.europesays.com\/es\/wp-json\/wp\/v2\/categories?post=152009"},{"taxonomy":"post_tag","embeddable":true,"href":"https:\/\/www.europesays.com\/es\/wp-json\/wp\/v2\/tags?post=152009"}],"curies":[{"name":"wp","href":"https:\/\/api.w.org\/{rel}","templated":true}]}}