{"id":152013,"date":"2025-10-02T04:20:08","date_gmt":"2025-10-02T04:20:08","guid":{"rendered":"https:\/\/www.europesays.com\/es\/152013\/"},"modified":"2025-10-02T04:20:08","modified_gmt":"2025-10-02T04:20:08","slug":"santi-lopez-en-el-siete-ideal-de-la-jornada","status":"publish","type":"post","link":"https:\/\/www.europesays.com\/es\/152013\/","title":{"rendered":"Santi L\u00f3pez, en el siete ideal de la jornada"},"content":{"rendered":"<p class=\"ft-text ft-helper-closenews\">El <strong>extraordinario rendimiento de Santi L\u00f3pez <\/strong>en la <a class=\"ft-link ft-link--decoration\" href=\"https:\/\/www.farodevigo.es\/deportes\/morrazo\/2025\/09\/28\/primera-quique-dominguez-122031228.html\" rel=\"nofollow noopener\" target=\"_blank\">victoria del Frigor\u00edficos del Morrazo ante el Bada Huesca <\/a>le ha supuesto entrar en el siete ideal de la jornada en la Liga Nexus Asobal. El central madrile\u00f1o complet\u00f3 un registro de<strong> ocho goles de nueve lanzamientos, a los que sum\u00f3 otros intangibles<\/strong> como los penaltis provocados y, sobre todo, su aportaci\u00f3n defensiva.<\/p>\n<p class=\"ft-text\">L\u00f3pez comparte privilegio en esta tercera jornada del campeonato con el portero Leo Maciel (Bidasoa Ir\u00fan), el lateral izquierdo Perbelini (Rebi Cuenca), el lateral derecho Aar\u00f3n Guti\u00e9rrez (EON Horneo Alicante), el extremo derecho Tao Gey-Emparan (Atl\u00e9tico Valladolid), el pivote Adri\u00e1 Figueras (Granollers) y <strong>un excangu\u00e9s como el extremo izquierdo Mario Dorado,<\/strong> ahora en las filas del \u00c1ngel Xim\u00e9nez Puente Genil. Precisamente este \u00faltimo se llev\u00f3 el <strong>reconocimiento como MVP del fin de semana<\/strong> gracias a sus 10 goles de 11 lanzamientos.<\/p>\n<p class=\"ft-text\">La Asobal tambi\u00e9n ha seleccionado otra acci\u00f3n del Cangas en los highlights de la jornada. Fue el <strong>gol de fly anotado por el central Manu P\u00e9rez<\/strong> a pase de Nicolo D\u2019Antino. Corr\u00eda el minuto 27 de juego del primer tiempo y ese tanto supuso el 17-13 para el conjunto local.<\/p>\n<p data-close=\"closedContent\" class=\"subscribeHideForDisplay\">Suscr\u00edbete para seguir leyendo<\/p>\n","protected":false},"excerpt":{"rendered":"El extraordinario rendimiento de Santi L\u00f3pez en la victoria del Frigor\u00edficos del Morrazo ante el Bada Huesca le&hellip;\n","protected":false},"author":2,"featured_media":152014,"comment_status":"","ping_status":"","sticky":false,"template":"","format":"standard","meta":{"footnotes":""},"categories":[278],"tags":[1672,376,168,25,24,1673,375,1675,44483,23,167],"class_list":{"0":"post-152013","1":"post","2":"type-post","3":"status-publish","4":"format-standard","5":"has-post-thumbnail","7":"category-balonmano","8":"tag-balonman-cangas","9":"tag-balonmano","10":"tag-deportes","11":"tag-es","12":"tag-espana","13":"tag-frigorificos-del-morrazo","14":"tag-handball","15":"tag-liga-asobal","16":"tag-santi-lopez","17":"tag-spain","18":"tag-sports"},"share_on_mastodon":{"url":"","error":""},"_links":{"self":[{"href":"https:\/\/www.europesays.com\/es\/wp-json\/wp\/v2\/posts\/152013","targetHints":{"allow":["GET"]}}],"collection":[{"href":"https:\/\/www.europesays.com\/es\/wp-json\/wp\/v2\/posts"}],"about":[{"href":"https:\/\/www.europesays.com\/es\/wp-json\/wp\/v2\/types\/post"}],"author":[{"embeddable":true,"href":"https:\/\/www.europesays.com\/es\/wp-json\/wp\/v2\/users\/2"}],"replies":[{"embeddable":true,"href":"https:\/\/www.europesays.com\/es\/wp-json\/wp\/v2\/comments?post=152013"}],"version-history":[{"count":0,"href":"https:\/\/www.europesays.com\/es\/wp-json\/wp\/v2\/posts\/152013\/revisions"}],"wp:featuredmedia":[{"embeddable":true,"href":"https:\/\/www.europesays.com\/es\/wp-json\/wp\/v2\/media\/152014"}],"wp:attachment":[{"href":"https:\/\/www.europesays.com\/es\/wp-json\/wp\/v2\/media?parent=152013"}],"wp:term":[{"taxonomy":"category","embeddable":true,"href":"https:\/\/www.europesays.com\/es\/wp-json\/wp\/v2\/categories?post=152013"},{"taxonomy":"post_tag","embeddable":true,"href":"https:\/\/www.europesays.com\/es\/wp-json\/wp\/v2\/tags?post=152013"}],"curies":[{"name":"wp","href":"https:\/\/api.w.org\/{rel}","templated":true}]}}