{"id":152019,"date":"2025-10-02T04:26:06","date_gmt":"2025-10-02T04:26:06","guid":{"rendered":"https:\/\/www.europesays.com\/es\/152019\/"},"modified":"2025-10-02T04:26:06","modified_gmt":"2025-10-02T04:26:06","slug":"formula-1-motogp-y-formula-e-impulsan-a-espana-como-epicentro-del-automovilismo-con-una-millonaria-inversion","status":"publish","type":"post","link":"https:\/\/www.europesays.com\/es\/152019\/","title":{"rendered":"F\u00f3rmula 1, MotoGP y F\u00f3rmula E impulsan a Espa\u00f1a como epicentro del automovilismo, con una millonaria inversi\u00f3n"},"content":{"rendered":"\n<p><strong> Espa\u00f1a <\/strong>se consolid\u00f3 como un im\u00e1n para las grandes competiciones deportivas mundiales, especialmente en el universo del <strong>automovilismo.<\/strong> El inminente desembarco del <strong>Gran Premio de <a href=\"https:\/\/www.ambito.com\/deportes\/acuerdo-adidas-y-la-escuderia-audi-que-otras-marcas-visten-los-equipos-formula-1-n6189239\" target=\"_blank\" rel=\"follow nofollow noopener\">F\u00f3rmula 1<\/a><\/strong> en su capital, <strong>Madrid,<\/strong> m\u00e1s la llegada de la <strong>F\u00f3rmula E <\/strong>y a la espera del <strong>MotoGP,<\/strong> ahora bajo el paraguas de Liberty Media, sit\u00faan a los espa\u00f1oles en una posici\u00f3n de liderazgo sin precedentes. Todo ello con un gran impacto econ\u00f3mico.<\/p>\n<p>Los m\u00e1ximos responsables de <strong>IFEMA Madrid, Dorna Sports, Match Hospitality <\/strong> y la<strong> F\u00f3rmula E<\/strong> coinciden en el momento que vive el pa\u00eds ib\u00e9rico para atraer grandes competiciones, que ya se traduce en cifras r\u00e9cord de negocio.<\/p>\n<p>El proyecto m\u00e1s ambicioso y medi\u00e1tico es la llegada de la<strong> F\u00f3rmula 1<\/strong> a <strong>Madrid<\/strong> a partir de <strong>2026. Daniel Mart\u00ednez<\/strong>, vicepresidente ejecutivo de <strong>IFEMA Madrid<\/strong>, ha subrayado que el atractivo de <strong>Espa\u00f1a<\/strong> se basa en la infrastructura, el turismo y, a la vez, ser un referente en el mundo del deporte.<\/p>\n<p>El impacto del proyecto promete ser enorme, con una inversi\u00f3n de <strong>451 millones de euros<\/strong> y m\u00e1s de <strong>10.000 puestos de trabajo directos<\/strong>. La construcci\u00f3n del circuito de <strong>F\u00f3rmula 1<\/strong> de <strong>Madrid<\/strong> tendr\u00e1 un costo de <strong>83 millones de euros<\/strong>.<\/p>\n<p>El circuito, dise\u00f1ado bajo los est\u00e1ndares de la homologaci\u00f3n de Grado 1 de <strong>FIA<\/strong> (Federaci\u00f3n Internacional del Autom\u00f3vil), tendr\u00e1 5.400 metros de longitud, de los cuales 4.100 transcurrir\u00e1n por el interior de parcelas de IFEMA Madrid, y 1.300 en tramo de viales p\u00fablicos.<\/p>\n<p>image   <\/p>\n<p>  <img decoding=\"async\" src=\"https:\/\/www.ambito.com\/css-custom\/239\/lazy.svg\" data-td-src-property=\"https:\/\/media.ambito.com\/p\/2d829e3c2f926de8ddde45ec76e72b8c\/adjuntos\/239\/imagenes\/042\/814\/0042814997\/730x0\/smart\/image.png\" alt=\"\" title=\"\" width=\"730\" height=\"undefined\" id=\"8134327-Libre-1369646746_embed\"\/>     <\/p>\n<p>La expectativa va a tono y est\u00e1 a tope, lo cual genera un flujo monetario exitoso. <strong>\u00abLanzamos la preventa y ya hemos vendido 25.000 entradas en unos poquitos d\u00edas, lo cual es sensacional\u00bb<\/strong>, revel\u00f3 <strong> Mart\u00ednez.<\/strong><\/p>\n<p> Se estima que el evento atraer\u00e1 a <strong>120.000 visitantes<\/strong>, 45% de ellos extranjeros, y tendr\u00e1 una repercusi\u00f3n del 0,2% en el Producto Interior Bruto (PIB) de la comunidad.<\/p>\n<p>El <strong>Gran Premio de Madrid<\/strong> de la<strong> F\u00f3rmula 1<\/strong> no solo ser\u00e1 una carrera, sino un espect\u00e1culo integral. <strong>Carlos Tecles<\/strong>, chief commercial officer de Match Hospitality, ha detallado c\u00f3mo se est\u00e1 dise\u00f1ando la que ser\u00e1 <strong>\u00abla mayor oferta de lujo de un Gran Premio\u00bb<\/strong>, con m\u00e1s de <strong> 20.000 plazas VIP diarias<\/strong>. La recaudaci\u00f3n ser\u00e1 in\u00e9dita.<\/p>\n<p>\u00bfC\u00f3mo lograr\u00e1n esto? <strong>\u00abEsto no es solo ver una carrera, es una experiencia que dura entre 8 y 12 horas, con espect\u00e1culos, DJs, leyendas y after-parties. Creamos diferentes ambientes para diferentes p\u00fablicos, desde el corporativo hasta el familiar o el festivo\u00bb<\/strong>, detall\u00f3 Tecles.<\/p>\n<p> A su vez, se est\u00e1 explorando la posibilidad de que <strong>MotoGP<\/strong> se celebre, a partir de <strong>2027,<\/strong> en el mismo circuito urbano que se est\u00e1 construyendo para la F\u00f3rmula 1.<\/p>\n<p>F\u00f3rmula E apuesta al p\u00fablico joven y urbano de Madrid <\/p>\n<p>La <strong>F\u00f3rmula E <\/strong>celebrar\u00e1 su primer <strong>ePrix<\/strong> de Madrid oficial el <strong>21 de marzo de 2026<\/strong> en el hist\u00f3rico <strong>Circuito de Madrid<\/strong>.<\/p>\n<p>As\u00ed, ser\u00e1 el primer ePrix de la <strong>F\u00f3rmula E <\/strong>con p\u00fablico en <strong>Espa\u00f1a<\/strong> y una de las siete ciudades del mundo que albergar\u00e1 tanto carreras de F\u00f3rmula E como de <strong>F\u00f3rmula 1<\/strong> en <strong>2026.<\/strong><\/p>\n<p><strong> Alberto Longo<\/strong>, cofundador de la<strong> F\u00f3rmula E<\/strong>, ha explicado por qu\u00e9 su campeonato, tras once a\u00f1os de historia, ha elegido <strong>Madrid.<\/strong> <strong>\u00abFue amor a primera vista\u00bb<\/strong>, subray\u00f3.<\/p>\n<p>image   <\/p>\n<p>  <img decoding=\"async\" src=\"https:\/\/www.ambito.com\/css-custom\/239\/lazy.svg\" data-td-src-property=\"https:\/\/media.ambito.com\/p\/0e5070eb9c383bccce321e7d6443eba5\/adjuntos\/239\/imagenes\/042\/814\/0042814996\/730x0\/smart\/image.png\" alt=\"\" title=\"\" width=\"730\" height=\"undefined\" id=\"8134326-Libre-267483801_embed\"\/>     <\/p>\n<p>Los n\u00fameros del acuerdo no se han hechos p\u00fablicos, pero se solventar\u00e1n con ingresos por sponsors, derechos de imagen y turismo. La celebraci\u00f3n del ePrix madrile\u00f1o atraer\u00e1 a visitantes, tanto nacionales como internacionales, lo que generar\u00e1 un incremento en el consumo en hoteles, restaurantes, transporte y otros servicios tur\u00edsticos.<\/p>\n<p>La comparativa con la inversi\u00f3n de la Ciudad de Buenos Aires para el regreso del MotoGP <\/p>\n<p>El <strong>MotoGP<\/strong> volver\u00e1 a <strong>Buenos Aires <\/strong>en <strong>2027<\/strong> despu\u00e9s de 28 a\u00f1os. La \u00faltima edici\u00f3n del <strong>Gran Premio de Argentina<\/strong> se realiz\u00f3 en el Aut\u00f3dromo Termas de R\u00edo Hondo, en <strong>Santiago del Estero<\/strong>, en <strong>2023.<\/strong> De hecho, la plaza argentina cambiar\u00e1 de sede.<\/p>\n<p>La inversi\u00f3n para las<a href=\"https:\/\/www.ambito.com\/deportes\/las-remodelaciones-que-se-haran-el-autodromo-buenos-aires-el-motogp-y-la-formula-1-n6169422\" target=\"_blank\" rel=\"follow nofollow noopener\"> obras de remodelaci\u00f3n del <strong>aut\u00f3dromo Oscar y Juan G\u00e1lvez <\/strong><\/a> ser\u00e1 cubierta \u00edntegramente por el <strong>Gobierno de la Ciudad de Buenos Aires<\/strong>. El monto del mismo ser\u00e1n unos <strong>150 millones de d\u00f3lares<\/strong>. A su vez, si el resultado final de las obras son un \u00e9xito el circuito tambi\u00e9n podr\u00eda ser homologado por la <strong>FIA<\/strong> para la <strong>F\u00f3rmula 1<\/strong> en un futuro cercano.<\/p>\n<p>El gobierno porte\u00f1o espera recuperar dicha inversi\u00f3n y obtener ganancias a partir de los pr\u00f3ximos a\u00f1os, ya que se correr\u00e1 al menos hasta <strong>2030.<\/strong><\/p>\n","protected":false},"excerpt":{"rendered":"Espa\u00f1a se consolid\u00f3 como un im\u00e1n para las grandes competiciones deportivas mundiales, especialmente en el universo del automovilismo.&hellip;\n","protected":false},"author":2,"featured_media":152020,"comment_status":"","ping_status":"","sticky":false,"template":"","format":"standard","meta":{"footnotes":""},"categories":[270],"tags":[168,25,24,306,271,272,23,167],"class_list":{"0":"post-152019","1":"post","2":"type-post","3":"status-publish","4":"format-standard","5":"has-post-thumbnail","7":"category-formula-1","8":"tag-deportes","9":"tag-es","10":"tag-espana","11":"tag-f1","12":"tag-formula-1","13":"tag-formula1","14":"tag-spain","15":"tag-sports"},"share_on_mastodon":{"url":"","error":""},"_links":{"self":[{"href":"https:\/\/www.europesays.com\/es\/wp-json\/wp\/v2\/posts\/152019","targetHints":{"allow":["GET"]}}],"collection":[{"href":"https:\/\/www.europesays.com\/es\/wp-json\/wp\/v2\/posts"}],"about":[{"href":"https:\/\/www.europesays.com\/es\/wp-json\/wp\/v2\/types\/post"}],"author":[{"embeddable":true,"href":"https:\/\/www.europesays.com\/es\/wp-json\/wp\/v2\/users\/2"}],"replies":[{"embeddable":true,"href":"https:\/\/www.europesays.com\/es\/wp-json\/wp\/v2\/comments?post=152019"}],"version-history":[{"count":0,"href":"https:\/\/www.europesays.com\/es\/wp-json\/wp\/v2\/posts\/152019\/revisions"}],"wp:featuredmedia":[{"embeddable":true,"href":"https:\/\/www.europesays.com\/es\/wp-json\/wp\/v2\/media\/152020"}],"wp:attachment":[{"href":"https:\/\/www.europesays.com\/es\/wp-json\/wp\/v2\/media?parent=152019"}],"wp:term":[{"taxonomy":"category","embeddable":true,"href":"https:\/\/www.europesays.com\/es\/wp-json\/wp\/v2\/categories?post=152019"},{"taxonomy":"post_tag","embeddable":true,"href":"https:\/\/www.europesays.com\/es\/wp-json\/wp\/v2\/tags?post=152019"}],"curies":[{"name":"wp","href":"https:\/\/api.w.org\/{rel}","templated":true}]}}