{"id":15202,"date":"2025-07-31T01:33:09","date_gmt":"2025-07-31T01:33:09","guid":{"rendered":"https:\/\/www.europesays.com\/es\/15202\/"},"modified":"2025-07-31T01:33:09","modified_gmt":"2025-07-31T01:33:09","slug":"el-regulador-audiovisual-valenciano-lo-lleva-a-la-cnmc","status":"publish","type":"post","link":"https:\/\/www.europesays.com\/es\/15202\/","title":{"rendered":"el regulador audiovisual valenciano lo lleva a la CNMC"},"content":{"rendered":"<p class=\"paragraph\" id=\"paragraph_1\">Nuevo frente para <strong>Vinicius Jr<\/strong>, futbolista del Real Madrid, por su pol\u00e9mico documental \u00ab<strong>Baila Vini, baila<\/strong>\u00bb en la plataforma de streaming Netflix.<\/p>\n<p class=\"paragraph\" id=\"paragraph_2\">El Consell de l\u2019Audiovisual de la Comunidad Valenciana (CACV) ha acordado remitir a la Comisi\u00f3n Nacional de Mercados y de la Competencia, CNMC, una <strong>queja contra el programa por \u00abfalta de veracidad\u00bb<\/strong>.<\/p>\n<p class=\"paragraph\" id=\"paragraph_3\">El regulador valenciano, tras estudiar la reclamaci\u00f3n, ha emitido un informe en el que determina \u00ab<strong>la posible falta de veracidad de la informaci\u00f3n proporcionada en el documental<\/strong>, en relaci\u00f3n con el \u00e1mbito de discursos de odio\u00bb.<\/p>\n<p><img loading=\"lazy\" decoding=\"async\" alt=\"Vinicius, durante el partido en Mestalla donde recibi\u00f3 insultos racistas\" height=\"180\" src=\"https:\/\/www.europesays.com\/es\/wp-content\/uploads\/2025\/07\/836426752_240354958_320x180.jpg\" width=\"320\" data-lazy-status=\"processed\" data-lazy-info=\"remove loading item 1\"\/><\/p>\n<p class=\"paragraph\" id=\"paragraph_4\">El CACV ha solicitado al regulador estatal que proceda a iniciar el pertinente <strong>expediente de investigaci\u00f3n frente a Netflix<\/strong> y, en su caso, le requiera la <strong>rectificaci\u00f3n del v\u00eddeo denunciado<\/strong>.<\/p>\n<p class=\"paragraph\" id=\"paragraph_5\">Adem\u00e1s, han pedido que traslade la denuncia a la European Regulators Group for Audiovisual Media Services\u00a0&#8211; ERGA y al regulador audiovisual de Pa\u00edses Bajos, Commissariaat voor de Media (CVDM).<\/p>\n<p class=\"paragraph\" id=\"paragraph_6\">En su informe sobre la producci\u00f3n de Netflix, el CACV se\u00f1ala que \u201clo grave de este documental y, en concreto de la escena se\u00f1alada, es que con la <strong>aparente manipulaci\u00f3n de un audio y un subtitulado<\/strong> intencionado se intenta proyectar y atribuir una <strong>conducta de odio racista<\/strong> sobre el resto de los 45.000 asistentes al encuentro\u00bb.<\/p>\n<p class=\"paragraph\" id=\"paragraph_7\">En su queja apuntan a que Netflix est\u00e1 \u00ab<strong>falseando una realidad<\/strong> e, indirectamente, acusando a decenas de miles de personas de un comportamiento de odio racista\u00bb.<\/p>\n<p class=\"paragraph\" id=\"paragraph_8\">\u00ab<strong>Resulta especialmente grave<\/strong> que no se respete o, en su caso, no se contraste la veracidad sobre estos contenidos y, lo que puede ser peor, que se falsee la realidad en aras a una <strong>intenci\u00f3n discursiva<\/strong>\u00ab, sostiene.<\/p>\n<p>Precedente fallido<\/p>\n<p class=\"paragraph\" id=\"paragraph_9\">Cabe recordar que <strong>el Valencia CF ya exigi\u00f3 a Netflix<\/strong> y a la productora brasile\u00f1a del documental la rectificaci\u00f3n del contenido porque los subt\u00edtulos que se atribu\u00edan a la afici\u00f3n che en un encuentro contra el Madrid \u201c<strong>no se correspond\u00edan con la realidad<\/strong>\u201d.<\/p>\n<p class=\"paragraph\" id=\"paragraph_10\">Sin embargo, el pasado mes de junio obtuvieron la negativa a rectificar, alegando que todo lo que se cuenta en el programa es un reflejo de lo que ocurri\u00f3 en Mestalla <strong>\u201cseg\u00fan varias fuentes consultadas\u201d.<\/strong><\/p>\n<p class=\"paragraph\" id=\"paragraph_11\">Concretamente se refiere a las im\u00e1genes del partido entre el Valencia y al Real Madrid el 21 de abril de 2023 en el que Vinicius fue <strong>v\u00edctima de insultos racistas<\/strong> por parte de varios aficionados valencianistas y en el que acab\u00f3 expulsado del encuentro. Ese encuentro acab\u00f3 con victoria del Valencia por 1-0. <\/p>\n<p class=\"paragraph\" id=\"paragraph_12\">Pero, pese a que los tres individuos ya fueron <strong>condenados por insultos racistas<\/strong>, en el documental se pueden ver im\u00e1genes de Mestalla gritando \u201c<strong>tonto, tonto<\/strong>\u201d y en los subt\u00edtulos se lee \u201c<strong>mono, mono<\/strong>\u201d.<\/p>\n<p class=\"paragraph\" id=\"paragraph_13\">Por su parte, se ha solicitado la intervenci\u00f3n del CACV por la \u201c<strong>tergiversaci\u00f3n deliberada de hechos<\/strong>\u201d durante la emisi\u00f3n del citado documental.<\/p>\n<p class=\"paragraph\" id=\"paragraph_14\">En concreto en relaci\u00f3n al momento citado en que en la producci\u00f3n audiovisual se atribu\u00eda a la afici\u00f3n valencianista gritar \u201cmono, mono\u201d al jugador, en lugar de \u201ctonto, tonto\u201d que era, a juzgar por otros documentos audiovisuales del momento, el c\u00e1ntico mayoritario durante el partido de f\u00fatbol.<\/p>\n","protected":false},"excerpt":{"rendered":"Nuevo frente para Vinicius Jr, futbolista del Real Madrid, por su pol\u00e9mico documental \u00abBaila Vini, baila\u00bb en la&hellip;\n","protected":false},"author":2,"featured_media":15203,"comment_status":"","ping_status":"","sticky":false,"template":"","format":"standard","meta":{"footnotes":""},"categories":[169],"tags":[177,242,146,147,25,24,176,175,23,235,5419,10111],"class_list":{"0":"post-15202","1":"post","2":"type-post","3":"status-publish","4":"format-standard","5":"has-post-thumbnail","7":"category-cine","8":"tag-cine","9":"tag-comunidad-valenciana","10":"tag-entertainment","11":"tag-entretenimiento","12":"tag-es","13":"tag-espana","14":"tag-film","15":"tag-movies","16":"tag-spain","17":"tag-valencia","18":"tag-valencia-cf","19":"tag-vinicius-junior"},"share_on_mastodon":{"url":"","error":""},"_links":{"self":[{"href":"https:\/\/www.europesays.com\/es\/wp-json\/wp\/v2\/posts\/15202","targetHints":{"allow":["GET"]}}],"collection":[{"href":"https:\/\/www.europesays.com\/es\/wp-json\/wp\/v2\/posts"}],"about":[{"href":"https:\/\/www.europesays.com\/es\/wp-json\/wp\/v2\/types\/post"}],"author":[{"embeddable":true,"href":"https:\/\/www.europesays.com\/es\/wp-json\/wp\/v2\/users\/2"}],"replies":[{"embeddable":true,"href":"https:\/\/www.europesays.com\/es\/wp-json\/wp\/v2\/comments?post=15202"}],"version-history":[{"count":0,"href":"https:\/\/www.europesays.com\/es\/wp-json\/wp\/v2\/posts\/15202\/revisions"}],"wp:featuredmedia":[{"embeddable":true,"href":"https:\/\/www.europesays.com\/es\/wp-json\/wp\/v2\/media\/15203"}],"wp:attachment":[{"href":"https:\/\/www.europesays.com\/es\/wp-json\/wp\/v2\/media?parent=15202"}],"wp:term":[{"taxonomy":"category","embeddable":true,"href":"https:\/\/www.europesays.com\/es\/wp-json\/wp\/v2\/categories?post=15202"},{"taxonomy":"post_tag","embeddable":true,"href":"https:\/\/www.europesays.com\/es\/wp-json\/wp\/v2\/tags?post=15202"}],"curies":[{"name":"wp","href":"https:\/\/api.w.org\/{rel}","templated":true}]}}