{"id":152021,"date":"2025-10-02T04:27:07","date_gmt":"2025-10-02T04:27:07","guid":{"rendered":"https:\/\/www.europesays.com\/es\/152021\/"},"modified":"2025-10-02T04:27:07","modified_gmt":"2025-10-02T04:27:07","slug":"la-gente-quiere-que-haya-baloncesto-en-la-ciudad","status":"publish","type":"post","link":"https:\/\/www.europesays.com\/es\/152021\/","title":{"rendered":"La gente quiere que haya baloncesto en la ciudad"},"content":{"rendered":"<p><strong>\u00abA lo largo de la historia, las situaciones complicadas en el Pe\u00f1as siempre se han superado porque la gente quiere que exista el Pe\u00f1as. Quiere que haya baloncesto\u00bb<\/strong>. Son palabras de <strong>Fernando Lascorz<\/strong>, presidente de Lobe Huesca La Magia, quien comparec\u00eda este mi\u00e9rcoles en la puesta de largo de la plantilla pe\u00f1ista en la Plaza Luis L\u00f3pez Allu\u00e9. All\u00ed se ha vivido <strong>una gran fiesta del baloncesto oscense<\/strong>, con presencia de los jugadores y jugadoras de la cantera y la presentaci\u00f3n ante la afici\u00f3n de la primera plantilla del Lobe Huesca, que debutar\u00e1 en competici\u00f3n liguera este mismo s\u00e1bado visitando a <strong>Spanish Basketball Academy<\/strong>.<\/p>\n<p>Los soldados de Rafa Sanz han hecho las delicias del p\u00fablico asistente, que ha podido disfrutar de una sesi\u00f3n de tiros libres as\u00ed como varios partidos entre equipos infantiles de la cantera.\u00a0<strong>Lorena Orduna<\/strong>, alcaldesa de Huesca -que se atrev\u00eda a lanzar un tiro libre recordando a sus a\u00f1os como jugadora-; <strong>Celsa Rufas<\/strong>, vicepresidenta segunda de la Diputaci\u00f3n Provincial de Huesca; y <strong>Juan Carlos Bandr\u00e9s<\/strong>, representante del Grupo Lobe, no se han perdido la cita.<\/p>\n<p><strong>\u00abHoy es un d\u00eda muy especial para todos.<\/strong> Me salen palabras de agradecimiento. Poder estar aqu\u00ed hoy presentando la nueva temporada es el fruto del trabajo de muchas personas\u00bb, recalcaba Lascorz en el inicio de su discurso.<\/p>\n<p>El presidente ha agradecido a las autoridades presentes el \u00abapoyo\u00bb que siempre le han brindado al Pe\u00f1as. \u00abGracias a Lorena, tu apoyo lo siento muy cerca.\u00a0Celsa, no se entiende al Pe\u00f1as sin La Magia. Grupos municipales, tambi\u00e9n gracias. Juan Carlos (Bandr\u00e9s), eres mi hombre. <strong>Sin el apoyo de las empresas privadas, algo fundamental, y las instituciones no ser\u00eda posible. <\/strong>Para nosotros es un honor contar con Lobe, una empresa puntera y pionera. Nos hace sentir orgullosos\u00bb.<\/p>\n<p>No se ha olvidado de su junta directiva, de los trabajadores del club y los colaboradores, \u00abcasi todos echando muchas horas de manera desinteresada. <strong>Simplemente por la emoci\u00f3n de hacer las cosas\u00bb<\/strong>, a\u00f1ad\u00eda.<\/p>\n<p>A los jugadores y cuerpo t\u00e9cnico, y en especial a Rafa Sanz. Un binomio club-entrenador que seguir\u00e1n juntos por tercer a\u00f1o consecutivo. <strong>\u00abMejor\u00e1is en la pista y ofrec\u00e9is a nuestra ciudad un espect\u00e1culo que la gente lo aprecia\u00bb<\/strong>.<\/p>\n<p>Lascorz recordaba para concluir su discurso los primeros meses en el cargo, \u00abcuando cogimos el club en un nivel de dificultad extrema. Pudimos\u00a0sacarlo adelante, en parte, a gente como Juan Carlos y las instituciones. <strong>Hemos trabajado con honestidad y esfuerzo, pensando en mejorar el club a\u00f1o a a\u00f1o.<\/strong> Lo estamos consiguiendo en nuestra cantera, trabajando en colegios desde los 5 a\u00f1os hasta llegar a senior. Hemos sido capaces de mantener un equipo profesional a nivel nacional, algo muy complicado\u00bb.<\/p>\n<p>Lorena Orduna ha plasmado la <strong>\u00abesperanza y gratitud\u00bb<\/strong> hacia el presidente y los patrocinadores, pues sin ellos \u00abser\u00eda imposible\u00bb. A su vez recordaba la gran gesta que se consigui\u00f3 el curso pasado, \u00abpues <strong>estuvimos cerca de subir a Primera FEB, algo que nos har\u00eda mucha ilusi\u00f3n<\/strong>, tanto a los mayores como a los ni\u00f1os y ni\u00f1as\u00bb.<\/p>\n<p>La alcaldesa de Huesca no ha podido evitar acordarse de sus a\u00f1os de deportista, jugando a baloncesto. \u00abMe gusta que nuestros j\u00f3venes hagan deporte. <strong>Nosotros vamos a estar aqu\u00ed y vamos a apoyar al deporte.<\/strong> El a\u00f1o pasado disfrutamos todos much\u00edsimo\u00bb.<\/p>\n<p>Tambi\u00e9n ha hablado por el Gobierno de Aragon, por <strong>Cristina Garc\u00eda<\/strong>, directora general de Deporte del Gobierno de Arag\u00f3n, y <strong>Tomasa Hern\u00e1ndez<\/strong>, consejera de Educaci\u00f3n, Cultura y Deporte en Arag\u00f3n, quienes <strong>\u00abapoyar\u00e1n a este club, porque es la identidad de Huesca\u00bb.<\/strong> Orduna ha subrayado que se trata de\u00a0\u00abvertebrar una ciudad gracias al deporte y la salud\u00bb, y recordaba el\u00a0\u00abmaravilloso evento\u00bb como la Supercopa LF Endesa. Un torneo a nivel nacional que llen\u00f3 el Palacio, \u00abpero tambi\u00e9n nuestras calles, comercios y hosteler\u00eda. Gracias por seguir apostando por el deporte\u00bb.<\/p>\n<p>Celsa Rufas se mostraba \u00abencantada\u00bb por estar en el acto pe\u00f1ista. Primero porque \u00abhab\u00e9is\u00a0sacado el deporte a la calle, que es importante para dar visibilidad. Esta presentaci\u00f3n genera ilusi\u00f3n y ganas. Tambi\u00e9n para recordar lo que fue el Pe\u00f1as, lo que es y lo que ser\u00e1 entre todo lo que vamos a hacer\u00bb.<\/p>\n<p>Si hablamos de historia, <strong>\u00abel Pe\u00f1as siempre ha ido de la mano de La Magia. <\/strong>La DPH sigue estando all\u00ed, porque el Pe\u00f1as da visibilidad a nuestra provincia y eso para nosotros es muy importante\u00bb.<\/p>\n<p>Finalmente, Juan Carlos Bandr\u00e9s, representante de Lobe, ha sentenciado que para \u00e9l es una<strong> \u00absatisfacci\u00f3n\u00bb<\/strong> y una <strong>\u00absuerte\u00bb <\/strong>apotar al Pe\u00f1as. Recordaba que es la segunda vez que su empresa patrocina al club, y esa vez se logr\u00f3 el ascenso: <strong>\u00abPor lo tanto, jugadores, no ten\u00e9is m\u00e1s remedio. Este a\u00f1o toca. No hay otra posibilidad\u00bb.<\/strong><\/p>\n","protected":false},"excerpt":{"rendered":"\u00abA lo largo de la historia, las situaciones complicadas en el Pe\u00f1as siempre se han superado porque la&hellip;\n","protected":false},"author":2,"featured_media":152022,"comment_status":"","ping_status":"","sticky":false,"template":"","format":"standard","meta":{"footnotes":""},"categories":[269],"tags":[299,298,168,25,24,23,167],"class_list":{"0":"post-152021","1":"post","2":"type-post","3":"status-publish","4":"format-standard","5":"has-post-thumbnail","7":"category-baloncesto","8":"tag-baloncesto","9":"tag-basketball","10":"tag-deportes","11":"tag-es","12":"tag-espana","13":"tag-spain","14":"tag-sports"},"share_on_mastodon":{"url":"","error":""},"_links":{"self":[{"href":"https:\/\/www.europesays.com\/es\/wp-json\/wp\/v2\/posts\/152021","targetHints":{"allow":["GET"]}}],"collection":[{"href":"https:\/\/www.europesays.com\/es\/wp-json\/wp\/v2\/posts"}],"about":[{"href":"https:\/\/www.europesays.com\/es\/wp-json\/wp\/v2\/types\/post"}],"author":[{"embeddable":true,"href":"https:\/\/www.europesays.com\/es\/wp-json\/wp\/v2\/users\/2"}],"replies":[{"embeddable":true,"href":"https:\/\/www.europesays.com\/es\/wp-json\/wp\/v2\/comments?post=152021"}],"version-history":[{"count":0,"href":"https:\/\/www.europesays.com\/es\/wp-json\/wp\/v2\/posts\/152021\/revisions"}],"wp:featuredmedia":[{"embeddable":true,"href":"https:\/\/www.europesays.com\/es\/wp-json\/wp\/v2\/media\/152022"}],"wp:attachment":[{"href":"https:\/\/www.europesays.com\/es\/wp-json\/wp\/v2\/media?parent=152021"}],"wp:term":[{"taxonomy":"category","embeddable":true,"href":"https:\/\/www.europesays.com\/es\/wp-json\/wp\/v2\/categories?post=152021"},{"taxonomy":"post_tag","embeddable":true,"href":"https:\/\/www.europesays.com\/es\/wp-json\/wp\/v2\/tags?post=152021"}],"curies":[{"name":"wp","href":"https:\/\/api.w.org\/{rel}","templated":true}]}}