{"id":152023,"date":"2025-10-02T04:28:11","date_gmt":"2025-10-02T04:28:11","guid":{"rendered":"https:\/\/www.europesays.com\/es\/152023\/"},"modified":"2025-10-02T04:28:11","modified_gmt":"2025-10-02T04:28:11","slug":"luis-enrique-saluda-a-pedri-potter-y-los-suyos-en-montjuic-en-la-previa-del-barca-psg","status":"publish","type":"post","link":"https:\/\/www.europesays.com\/es\/152023\/","title":{"rendered":"Luis Enrique saluda a \u00abPedri Potter&#8217; y los suyos en Montju\u00efc en la previa del Bar\u00e7a-PSG"},"content":{"rendered":"<p class=\"ft-text\">Uno de los grandes protagonistas en<a class=\"ft-link ft-link--decoration\" href=\"https:\/\/www.sport.es\/es\/noticias\/barca\/barcelona-psg-directo-resultado-goles-vivo-122157834\" rel=\"nofollow noopener\" target=\"_blank\"> la previa del PSG-FC Barcelona<\/a>, l\u00f3gicamente, fue Luis Enrique. Leyenda del Bar\u00e7a como jugador y entrenador (con ese gran \u00e9xito de la Champions de 2015), el asturiano se ha convertido tambi\u00e9n en un mito del PSG despu\u00e9s de levantar la ansiada Liga de Campeons que Al-Khela\u00effi persegu\u00eda desde hac\u00eda m\u00e1s de una d\u00e9cada.<\/p>\n<p class=\"ft-text\">El entrenador del Paris Saint Germain, que se rompi\u00f3 recientemente la clav\u00edcula en bici y a\u00fan anda renqueante, se deshizo en elogios en la rueda de prensa previa sobre todo hacia una figura del Bar\u00e7a que conoce muy bien: Pedri Gonz\u00e1lez. \u00abConozco bien a\u00a0<strong>Pedri\u00a0<\/strong>y es un jugador incre\u00edble\u00bb, dijo el t\u00e9cnico asturiano antes de recordar aquello que ya dijo en su d\u00eda.<\/p>\n<p>ELOGIOS A PEDRI<\/p>\n<p class=\"ft-text\">\u00abPara m\u00ed,\u00a0<strong>Pedri\u00a0<\/strong>sin ninguna duda es &#8216;<strong>Harry Potter&#8217;<\/strong>\u00a0y espero que ma\u00f1ana no traiga la varita. Haremos todo lo posible para que participe lo menos posible\u00bb. A\u00f1adi\u00f3 de todos modos que \u00abel Bar\u00e7a no es solo\u00a0<strong>Pedri<\/strong>, es\u00a0<strong>De Jong<\/strong>, es\u00a0<strong>Cubars\u00ed<\/strong>, es\u00a0<strong>Lamine<\/strong>, es infinidad de jugadores de alto nivel. El partido presenta motivaciones muy potentes para intentar superar a un equipo que con bal\u00f3n es muy bueno y sin bal\u00f3n tambi\u00e9n\u00bb.<\/p>\n<p class=\"ft-text\">De hecho, &#8216;Lucho&#8217; es quien hizo debutar al de Tegueste all\u00e1 por 2021. Y en los proleg\u00f3menos del encuentro en Montju\u00efc de la segunda jornada de Champions entre Bar\u00e7a y PSG el asturiano tuvo la oportunidad de saludar a Pedri y al resto de pupilos que tuvo en la selecci\u00f3n del Bar\u00e7a actual. Pedri, Dani Olmo Ferran o Eric estuvieron departiendo con Luis Enrique y su staff con Rafel Pol y el psicol\u00f3go Joaqu\u00edn Vald\u00e9s.<\/p>\n","protected":false},"excerpt":{"rendered":"Uno de los grandes protagonistas en la previa del PSG-FC Barcelona, l\u00f3gicamente, fue Luis Enrique. Leyenda del Bar\u00e7a&hellip;\n","protected":false},"author":2,"featured_media":152024,"comment_status":"","ping_status":"","sticky":false,"template":"","format":"standard","meta":{"footnotes":""},"categories":[268],"tags":[2296,168,25,24,881,280,282,10402,25488,16809,4409,1988,281,23,167],"class_list":{"0":"post-152023","1":"post","2":"type-post","3":"status-publish","4":"format-standard","5":"has-post-thumbnail","7":"category-futbol","8":"tag-barca","9":"tag-deportes","10":"tag-es","11":"tag-espana","12":"tag-fc-barcelona","13":"tag-football","14":"tag-futbol","15":"tag-luis-enrique","16":"tag-montjuic","17":"tag-pedri","18":"tag-psg","19":"tag-seleccion","20":"tag-soccer","21":"tag-spain","22":"tag-sports"},"share_on_mastodon":{"url":"","error":""},"_links":{"self":[{"href":"https:\/\/www.europesays.com\/es\/wp-json\/wp\/v2\/posts\/152023","targetHints":{"allow":["GET"]}}],"collection":[{"href":"https:\/\/www.europesays.com\/es\/wp-json\/wp\/v2\/posts"}],"about":[{"href":"https:\/\/www.europesays.com\/es\/wp-json\/wp\/v2\/types\/post"}],"author":[{"embeddable":true,"href":"https:\/\/www.europesays.com\/es\/wp-json\/wp\/v2\/users\/2"}],"replies":[{"embeddable":true,"href":"https:\/\/www.europesays.com\/es\/wp-json\/wp\/v2\/comments?post=152023"}],"version-history":[{"count":0,"href":"https:\/\/www.europesays.com\/es\/wp-json\/wp\/v2\/posts\/152023\/revisions"}],"wp:featuredmedia":[{"embeddable":true,"href":"https:\/\/www.europesays.com\/es\/wp-json\/wp\/v2\/media\/152024"}],"wp:attachment":[{"href":"https:\/\/www.europesays.com\/es\/wp-json\/wp\/v2\/media?parent=152023"}],"wp:term":[{"taxonomy":"category","embeddable":true,"href":"https:\/\/www.europesays.com\/es\/wp-json\/wp\/v2\/categories?post=152023"},{"taxonomy":"post_tag","embeddable":true,"href":"https:\/\/www.europesays.com\/es\/wp-json\/wp\/v2\/tags?post=152023"}],"curies":[{"name":"wp","href":"https:\/\/api.w.org\/{rel}","templated":true}]}}