{"id":152027,"date":"2025-10-02T04:35:21","date_gmt":"2025-10-02T04:35:21","guid":{"rendered":"https:\/\/www.europesays.com\/es\/152027\/"},"modified":"2025-10-02T04:35:21","modified_gmt":"2025-10-02T04:35:21","slug":"el-in-edit-barcelona-presenta-el-programa-de-su-23o-edicion","status":"publish","type":"post","link":"https:\/\/www.europesays.com\/es\/152027\/","title":{"rendered":"El In-Edit Barcelona presenta el programa de su 23\u00ba edici\u00f3n"},"content":{"rendered":"<p>        <a href=\"  https:\/\/www.livenation.es\/event\/yungblud-madrid-tickets-edp1594525?utm_source=rockzonemag&amp;utm_medium=display&amp;utm_campaign=Yungblud\" target=\"_blank\"><img decoding=\"async\" src=\"https:\/\/www.europesays.com\/es\/wp-content\/uploads\/2025\/09\/Yungbllud-banner-1060x200UE.jpg\"\/><\/a><\/p>\n<p><strong>El<\/strong> <a href=\"https:\/\/www.rockzonemag.com\/tag\/in-edit-festival\/\" rel=\"nofollow noopener\" target=\"_blank\"><strong>In-Edit<\/strong><\/a>, <strong>Festival Internacional de Cine Documental Musical de Barcelona, \u200b\u200bha presentado la programaci\u00f3n de su 23\u00ba edici\u00f3n<\/strong>. Esta se celebrar\u00e1 del 23 de octubre al 2 de noviembre en las salas Mooby Aribau y contar\u00e1 con 71 t\u00edtulos divididos en 7 secciones.<\/p>\n<p><a href=\"https:\/\/www.ticketmaster.es\/artist\/linkin-park-entradas\/10021?int_cmp_name=LINKIN-PARK&amp;int_cmp_id=ES-Home-501&amp;int_cmp_creative=Home-main-4.0&amp;tm_link=tm_ccp_Home_main_LINKIN-PARK\" target=\"_blank\" rel=\"nofollow noopener\"><img decoding=\"async\" src=\"https:\/\/www.europesays.com\/es\/wp-content\/uploads\/2025\/07\/Banner-Linkin-Park-2-Rock-Zone-1060x200-1.png\"\/><\/a><\/p>\n<p>Como siempre la selecci\u00f3n de documentales cubre una gran variedad de g\u00e9neros musicales, del funk a la electr\u00f3nica, pasando por la salsa, el rock, el metal, la m\u00fasica experimental, el punk, el hip hop o el flamenco.<\/p>\n<p>La inauguraci\u00f3n del festival contar\u00e1 con uno de los t\u00edtulos m\u00e1s esperados de la temporada: Spinal Tap 2: The End Continues, el falso documental dirigido por Rob Reiner, que ha reunido al equipo original de la pel\u00edcula de culto de 1984.<\/p>\n<p>Tambi\u00e9n destacamos It\u2019s Never Over, Jeff Buckley de Amy Berg, We Are Fugazi From Washington, D.C. de Joe Gross, Joseph Pattisall, Jeff Krulik, Kreator \u2013 Hate &amp; Hope de Cordula Kablitz-Post, Depeche Mode: M de Fernando Fr\u00edas de la Parra, Harley Flanagan: Wired For Chaos de Rex Miller o Di\u2019Anno: Iron Maiden\u2019s Lost Singer de Wes Orshoski.<\/p>\n<p>Ya puedes consultar todos los documentales programados y horarios en la <a href=\"https:\/\/bigstories.tekneaudience.com\/r\/8712abd16943967a035eac7d4?ct=YTo1OntzOjY6InNvdXJjZSI7YToyOntpOjA7czo1OiJlbWFpbCI7aToxO2k6Mjg7fXM6NToiZW1haWwiO2k6Mjk7czo0OiJzdGF0IjtzOjIyOiI2OGRjMGNhMzc3YjgyOTkwODM3NzUwIjtzOjQ6ImxlYWQiO3M6MzoiMjE3IjtzOjc6ImNoYW5uZWwiO2E6MTp7czo1OiJlbWFpbCI7aToyOTt9fQ%3D%3D&amp;utm_source=tekneaudience&amp;utm_medium=email&amp;utm_campaign=29_In-Edit+Programaci%C3%B3+2025+-++ES&amp;utm_content=\" rel=\"nofollow noopener\" target=\"_blank\">web del Festival<\/a>, adquirir packs y abonos y canjearlos por entradas. A partir de este jueves\u00a02 de octubre estar\u00e1n disponibles todas las entradas individuales y\u00a0de\u00a0sesiones especiales.<\/p>\n<p><img fetchpriority=\"high\" decoding=\"async\" class=\"aligncenter size-large wp-image-46638\" src=\"https:\/\/www.europesays.com\/es\/wp-content\/uploads\/2025\/10\/Inedit-2026-1024x759.jpg\" alt=\"\" width=\"640\" height=\"474\"  \/><\/p>\n","protected":false},"excerpt":{"rendered":"El In-Edit, Festival Internacional de Cine Documental Musical de Barcelona, \u200b\u200bha presentado la programaci\u00f3n de su 23\u00ba edici\u00f3n.&hellip;\n","protected":false},"author":2,"featured_media":152028,"comment_status":"","ping_status":"","sticky":false,"template":"","format":"standard","meta":{"footnotes":""},"categories":[169],"tags":[177,6084,146,147,25,24,5270,176,46010,175,23],"class_list":{"0":"post-152027","1":"post","2":"type-post","3":"status-publish","4":"format-standard","5":"has-post-thumbnail","7":"category-cine","8":"tag-cine","9":"tag-documental","10":"tag-entertainment","11":"tag-entretenimiento","12":"tag-es","13":"tag-espana","14":"tag-festivales","15":"tag-film","16":"tag-in-edit-festival","17":"tag-movies","18":"tag-spain"},"share_on_mastodon":{"url":"","error":""},"_links":{"self":[{"href":"https:\/\/www.europesays.com\/es\/wp-json\/wp\/v2\/posts\/152027","targetHints":{"allow":["GET"]}}],"collection":[{"href":"https:\/\/www.europesays.com\/es\/wp-json\/wp\/v2\/posts"}],"about":[{"href":"https:\/\/www.europesays.com\/es\/wp-json\/wp\/v2\/types\/post"}],"author":[{"embeddable":true,"href":"https:\/\/www.europesays.com\/es\/wp-json\/wp\/v2\/users\/2"}],"replies":[{"embeddable":true,"href":"https:\/\/www.europesays.com\/es\/wp-json\/wp\/v2\/comments?post=152027"}],"version-history":[{"count":0,"href":"https:\/\/www.europesays.com\/es\/wp-json\/wp\/v2\/posts\/152027\/revisions"}],"wp:featuredmedia":[{"embeddable":true,"href":"https:\/\/www.europesays.com\/es\/wp-json\/wp\/v2\/media\/152028"}],"wp:attachment":[{"href":"https:\/\/www.europesays.com\/es\/wp-json\/wp\/v2\/media?parent=152027"}],"wp:term":[{"taxonomy":"category","embeddable":true,"href":"https:\/\/www.europesays.com\/es\/wp-json\/wp\/v2\/categories?post=152027"},{"taxonomy":"post_tag","embeddable":true,"href":"https:\/\/www.europesays.com\/es\/wp-json\/wp\/v2\/tags?post=152027"}],"curies":[{"name":"wp","href":"https:\/\/api.w.org\/{rel}","templated":true}]}}