{"id":152029,"date":"2025-10-02T04:36:11","date_gmt":"2025-10-02T04:36:11","guid":{"rendered":"https:\/\/www.europesays.com\/es\/152029\/"},"modified":"2025-10-02T04:36:11","modified_gmt":"2025-10-02T04:36:11","slug":"renato-veiga-salva-un-punto-para-el-villarreal-ante-la-juve","status":"publish","type":"post","link":"https:\/\/www.europesays.com\/es\/152029\/","title":{"rendered":"Renato Veiga salva un punto para el Villarreal ante la Juve"},"content":{"rendered":"<p class=\"articleParagraph\">Un gol del central portugu\u00e9s Renato Veiga en el pen\u00faltimo minuto del encuentro permiti\u00f3 este mi\u00e9rcoles al Villarreal empatar ante la Juventus (2-2) en el estadio de La Cer\u00e1mica y sumar su primer punto en la presente edici\u00f3n de la Liga de Campeones.<\/p>\n<p class=\"articleParagraph\">El conjunto de Marcelino Garc\u00eda arranc\u00f3 mejor el encuentro y logr\u00f3 adelantarse en el marcador por medio de Mikautadze, pero la irrupci\u00f3n de Francisco Concei\u00e7ao en la segunda parte permiti\u00f3 al equipo italiano, invicto en la presente temporada, remontar y so\u00f1ar con un triunfo que se le escap\u00f3 en el \u00faltimo instante.<\/p>\n<p class=\"articleParagraph\">El equipo castellonense le perdi\u00f3 el respeto a la Juventus desde el primer minuto. El Villarreal no cay\u00f3 en la trampa del conjunto italiano, repleto de centrocampistas, y salt\u00f3 su presi\u00f3n con balones largos a sus atacantes, especialmente a un punzante P\u00e9p\u00e9.<\/p>\n<p class=\"articleParagraph\">El marfile\u00f1o fue una pesadilla para la defensa turinesa, incapaz de contener la velocidad del atacante durante buena parte del primer periodo.<\/p>\n<p class=\"articleParagraph\">El Villarreal, que ya hab\u00eda amenazado con varias llegadas, encontr\u00f3 el gol tras un robo de bal\u00f3n. Parejo activ\u00f3 la contra para P\u00e9p\u00e9 y el bal\u00f3n, tras un rechace, acab\u00f3 en los pies de Mikautadze, que no perdon\u00f3.<\/p>\n<p class=\"articleParagraph\">El gol desajust\u00f3 a la Juventus y activ\u00f3 al Villarreal, que castig\u00f3 cada p\u00e9rdida de bal\u00f3n del equipo italiano con un latigazo al contragolpe.<\/p>\n<p class=\"articleParagraph\">En una de estas acciones, Pedraza roz\u00f3 el segundo gol, pero su remate se estrell\u00f3 en el poste tras el despeje de Perin.<\/p>\n<p class=\"articleParagraph\">El nuevo susto despert\u00f3 a la Juventus, que reaccion\u00f3 de forma inmediata con un remate de cabeza de David que salv\u00f3 el debutante Arnau Tenas.<\/p>\n<p class=\"articleParagraph\">La Juventus no rechaz\u00f3 el cuerpo a cuerpo y fue creciendo en el partido de la mano de Joao Mario y McKennie.<\/p>\n<p class=\"articleParagraph\">La defensa del Villarreal pas\u00f3 momentos de agobio en los que tuvo que bloquear varios disparos y Tenas, la gran novedad en la alineaci\u00f3n local, volvi\u00f3 a aparecer para salvar de forma poco ortodoxa un nuevo remate de la Juve.<\/p>\n<p class=\"articleParagraph\">A pesar de la mejor\u00eda visitante, las \u00faltimas ocasiones del primer tiempo fueron del Villarreal, de nuevo al contragolpe, protagonizadas por Buchanan, tras un disparo salv\u00f3 Perin, y de Mikautadze, cuyo pase de la muerte no encontr\u00f3 rematador.<\/p>\n<p class=\"articleParagraph\">La Juventus elev\u00f3 la apuesta tras el descanso con la entrada de Concei\u00e7ao con la intenci\u00f3n de agitar el partido.<\/p>\n<p class=\"articleParagraph\">El extremo luso, en su primer contacto con el bal\u00f3n, rompi\u00f3 a la defensa y regal\u00f3 el gol a David, pero el ariete, a puerta vac\u00eda, empuj\u00f3 el bal\u00f3n fuera.<\/p>\n<p class=\"articleParagraph\">En su segundo avis\u00f3, el conjunto italiano no perdon\u00f3. Gatti, tras un bal\u00f3n peinado en el \u00e1rea, enganch\u00f3 un remate de chilena ante el que no tuvo respuesta Tenas.<\/p>\n<p class=\"articleParagraph\">El tanto desat\u00f3 a la Juventus, que pas\u00f3 a gobernar el partido ante un Villarreal inc\u00f3modo en el que s\u00f3lo P\u00e9p\u00e9 mantuvo el nivel mostrado en la primera parte.<\/p>\n<p class=\"articleParagraph\">Cuando parec\u00eda que el equipo de Marcelino se levantaba de la lona, la Juventus volvi\u00f3 a golpear. Un pase atr\u00e1s de Parejo fue interceptado por Concei\u00e7ao, quien explot\u00f3 su velocidad y desborde para plantarse ante en el \u00e1rea y marcar con un potente disparo.<\/p>\n<p class=\"articleParagraph\">Marcelino intent\u00f3 recuperar el control del juego con la entrada de Moleiro, pero la Juventus, ahora el gui\u00f3n de partido so\u00f1ado, aprovech\u00f3 cada contra para sembrar la zozobra, como en un disparo de David que se estrell\u00f3 en el larguero.<\/p>\n<p class=\"articleParagraph\">El equipo de Marcelino pareci\u00f3 revivir en el \u00faltimo cuarto de hora, en el que recuper\u00f3 la verticalidad e intensidad del primer tiempo, aunque la Juventus aplic\u00f3 su cl\u00e1sico libro de estilo para congelar el partido.<\/p>\n<p class=\"articleParagraph\">Cuando todo parec\u00eda perdido, Renato Veiga apareci\u00f3 en un saque de esquina para cabecear el bal\u00f3n a la red a s\u00f3lo dos minutos del final.<\/p>\n<p class=\"articleParagraph\">El empate envalenton\u00f3 al Villarreal, que quiso m\u00e1s, aunque no tuvo tiempo material para buscar la victoria, por lo que tuvo que conformarse con sumar su primer punto en Europa.<\/p>\n","protected":false},"excerpt":{"rendered":"Un gol del central portugu\u00e9s Renato Veiga en el pen\u00faltimo minuto del encuentro permiti\u00f3 este mi\u00e9rcoles al Villarreal&hellip;\n","protected":false},"author":2,"featured_media":152030,"comment_status":"","ping_status":"","sticky":false,"template":"","format":"standard","meta":{"footnotes":""},"categories":[93],"tags":[168,25,24,23,167],"class_list":{"0":"post-152029","1":"post","2":"type-post","3":"status-publish","4":"format-standard","5":"has-post-thumbnail","7":"category-deportes","8":"tag-deportes","9":"tag-es","10":"tag-espana","11":"tag-spain","12":"tag-sports"},"share_on_mastodon":{"url":"","error":""},"_links":{"self":[{"href":"https:\/\/www.europesays.com\/es\/wp-json\/wp\/v2\/posts\/152029","targetHints":{"allow":["GET"]}}],"collection":[{"href":"https:\/\/www.europesays.com\/es\/wp-json\/wp\/v2\/posts"}],"about":[{"href":"https:\/\/www.europesays.com\/es\/wp-json\/wp\/v2\/types\/post"}],"author":[{"embeddable":true,"href":"https:\/\/www.europesays.com\/es\/wp-json\/wp\/v2\/users\/2"}],"replies":[{"embeddable":true,"href":"https:\/\/www.europesays.com\/es\/wp-json\/wp\/v2\/comments?post=152029"}],"version-history":[{"count":0,"href":"https:\/\/www.europesays.com\/es\/wp-json\/wp\/v2\/posts\/152029\/revisions"}],"wp:featuredmedia":[{"embeddable":true,"href":"https:\/\/www.europesays.com\/es\/wp-json\/wp\/v2\/media\/152030"}],"wp:attachment":[{"href":"https:\/\/www.europesays.com\/es\/wp-json\/wp\/v2\/media?parent=152029"}],"wp:term":[{"taxonomy":"category","embeddable":true,"href":"https:\/\/www.europesays.com\/es\/wp-json\/wp\/v2\/categories?post=152029"},{"taxonomy":"post_tag","embeddable":true,"href":"https:\/\/www.europesays.com\/es\/wp-json\/wp\/v2\/tags?post=152029"}],"curies":[{"name":"wp","href":"https:\/\/api.w.org\/{rel}","templated":true}]}}