{"id":152039,"date":"2025-10-02T04:41:09","date_gmt":"2025-10-02T04:41:09","guid":{"rendered":"https:\/\/www.europesays.com\/es\/152039\/"},"modified":"2025-10-02T04:41:09","modified_gmt":"2025-10-02T04:41:09","slug":"el-acuerdo-de-paz-entre-israel-y-palestina-hamas-sera-el-principal-escollo-porque-aceptar-el-plan-implica-desaparecer-del-mapa-politico-y-social","status":"publish","type":"post","link":"https:\/\/www.europesays.com\/es\/152039\/","title":{"rendered":"El acuerdo de paz entre Israel y Palestina: \u00abHam\u00e1s ser\u00e1 el principal escollo, porque aceptar el plan implica desaparecer del mapa pol\u00edtico y social\u00bb"},"content":{"rendered":"<p>ENTREVISTAS EN LA BR\u00daJULA<\/p>\n<p>Rafa Latorre entrevist\u00f3 en \u00abLa Br\u00fajula\u00bb a Emiliano Garc\u00eda Coso, profesor de Derecho Internacional en la Universidad de Comillas, para analizar el nuevo plan de paz propuesto por el presidente Donald Trump para Oriente Pr\u00f3ximo y los retos inmediatos para su aplicaci\u00f3n en Gaza y los territorios palestinos.<\/p>\n<p class=\"articleSignature-name\"> ondacero.es <\/p>\n<p class=\"articleSignature-datecontent\">Madrid | <strong>01.10.2025 22:25 <\/strong><\/p>\n","protected":false},"excerpt":{"rendered":"ENTREVISTAS EN LA BR\u00daJULA Rafa Latorre entrevist\u00f3 en \u00abLa Br\u00fajula\u00bb a Emiliano Garc\u00eda Coso, profesor de Derecho Internacional&hellip;\n","protected":false},"author":2,"featured_media":152040,"comment_status":"","ping_status":"","sticky":false,"template":"","format":"standard","meta":{"footnotes":""},"categories":[42],"tags":[17,18,13,14,11,61,62,63,64,19,20,9,10,15,16,12,21,22,65,66,67],"class_list":{"0":"post-152039","1":"post","2":"type-post","3":"status-publish","4":"format-standard","5":"has-post-thumbnail","7":"category-internacional","8":"tag-breaking-news","9":"tag-breakingnews","10":"tag-featured-news","11":"tag-featurednews","12":"tag-headlines","13":"tag-internacional","14":"tag-international","15":"tag-international-news","16":"tag-internationalnews","17":"tag-latest-news","18":"tag-latestnews","19":"tag-news","20":"tag-noticias","21":"tag-noticias-destacadas","22":"tag-noticiasdestacadas","23":"tag-titulares","24":"tag-ultimas-noticias","25":"tag-ultimasnoticias","26":"tag-world","27":"tag-world-news","28":"tag-worldnews"},"share_on_mastodon":{"url":"","error":""},"_links":{"self":[{"href":"https:\/\/www.europesays.com\/es\/wp-json\/wp\/v2\/posts\/152039","targetHints":{"allow":["GET"]}}],"collection":[{"href":"https:\/\/www.europesays.com\/es\/wp-json\/wp\/v2\/posts"}],"about":[{"href":"https:\/\/www.europesays.com\/es\/wp-json\/wp\/v2\/types\/post"}],"author":[{"embeddable":true,"href":"https:\/\/www.europesays.com\/es\/wp-json\/wp\/v2\/users\/2"}],"replies":[{"embeddable":true,"href":"https:\/\/www.europesays.com\/es\/wp-json\/wp\/v2\/comments?post=152039"}],"version-history":[{"count":0,"href":"https:\/\/www.europesays.com\/es\/wp-json\/wp\/v2\/posts\/152039\/revisions"}],"wp:featuredmedia":[{"embeddable":true,"href":"https:\/\/www.europesays.com\/es\/wp-json\/wp\/v2\/media\/152040"}],"wp:attachment":[{"href":"https:\/\/www.europesays.com\/es\/wp-json\/wp\/v2\/media?parent=152039"}],"wp:term":[{"taxonomy":"category","embeddable":true,"href":"https:\/\/www.europesays.com\/es\/wp-json\/wp\/v2\/categories?post=152039"},{"taxonomy":"post_tag","embeddable":true,"href":"https:\/\/www.europesays.com\/es\/wp-json\/wp\/v2\/tags?post=152039"}],"curies":[{"name":"wp","href":"https:\/\/api.w.org\/{rel}","templated":true}]}}