{"id":152041,"date":"2025-10-02T04:42:09","date_gmt":"2025-10-02T04:42:09","guid":{"rendered":"https:\/\/www.europesays.com\/es\/152041\/"},"modified":"2025-10-02T04:42:09","modified_gmt":"2025-10-02T04:42:09","slug":"ganamos-una-media-de-2-900-euros-y-pago-un-alquiler-de-550-euros","status":"publish","type":"post","link":"https:\/\/www.europesays.com\/es\/152041\/","title":{"rendered":"Ganamos una media de 2.900 euros y pago un alquiler de 550 euros"},"content":{"rendered":"<p data-gtm-element-container=\"modulo-texto-link\" class=\"paragraph\">Cada vez son m\u00e1s quienes eligen dejar su pa\u00eds en b\u00fasqueda de mejores condiciones laborales. <strong>La crisis de vivienda en Espa\u00f1a ha provocado que comprarse un piso sea un lujo pr\u00e1cticamente inalcanzable para muchos<\/strong>, ante unos salarios estancados que no pueden hacer frente al aumento de los gastos.\u00a0<\/p>\n<p data-gtm-element-container=\"modulo-texto-link\" class=\"paragraph\">Es por eso que Daniel, un conductor de autob\u00fas originario que viv\u00eda en Bizkaia decidi\u00f3 marcharse a Alemania para una oportunidad mejor: \u00ab<strong>Yo estoy en un pueblo y me cuesta 550 euros, es peque\u00f1o y modesto, pero nos da para vivir mi mujer, mis dos hijas y yo.<\/strong> Si te vas a Frankfurt es, como es natural, m\u00e1s caro\u00bb, cuenta.\u00a0<\/p>\n<p>                <img loading=\"lazy\" decoding=\"async\" data-full-src=\"https:\/\/www.mundodeportivo.com\/uploads\/2025\/10\/01\/68dd332541e87.jpeg\" alt=\"Daniel, conductor de autob\u00fas en Alemania: \" ganamos=\"\" una=\"\" media=\"\" de=\"\" euros=\"\" y=\"\" pago=\"\" un=\"\" alquiler=\"\" width=\"449\" height=\"253\" src=\"https:\/\/www.europesays.com\/es\/wp-content\/uploads\/2025\/10\/68dd332541e87.jpeg\" class=\"lazy\"\/><\/p>\n<p class=\"caption-title \">Daniel, conductor de autob\u00fas en Alemania: \u00abGanamos una media de 2.900 euros y pago un alquiler de 550 euros\u00bb<\/p>\n<p data-gtm-element-container=\"modulo-texto-link\" class=\"paragraph\">Adem\u00e1s de tener un precio de vivienda m\u00e1s econ\u00f3mico, los sueldos son m\u00e1s altos: <strong>\u00abAqu\u00ed ganas seg\u00fan lo que hagas. La media va de los 2800 a los 4000 porque eso depende de la clase fiscal donde est\u00e9<\/strong>s y de las horas extras que pongas los fines de semana, la media ser\u00e1 de 2900 euros\u00bb, afirma.\u00a0<\/p>\n<p data-gtm-element-container=\"modulo-texto-link\" class=\"paragraph\">Adem\u00e1s, los men\u00fas tambi\u00e9n son m\u00e1s econ\u00f3micos, por ejemplo, un men\u00fa completo ronda alrededor de los 13,50 euros.\u00a0 No es el \u00fanico que ha tomado esta decisi\u00f3n, <strong>Celia tambi\u00e9n espa\u00f1ola, se march\u00f3 a Alemania despu\u00e9s de separarse y lo hizo con sus dos hijos, pero el Gobierno ha puesto a su disposici\u00f3n distintas ayudas.\u00a0<\/strong><\/p>\n<p>                <img loading=\"lazy\" decoding=\"async\" data-full-src=\"https:\/\/www.mundodeportivo.com\/uploads\/2025\/10\/01\/68dd333b71ccc.jpeg\" alt=\"Daniel, conductor de autob\u00fas en Alemania: \" ganamos=\"\" una=\"\" media=\"\" de=\"\" euros=\"\" y=\"\" pago=\"\" un=\"\" alquiler=\"\" width=\"449\" height=\"299\" src=\"https:\/\/www.europesays.com\/es\/wp-content\/uploads\/2025\/10\/68dd333b71ccc.jpeg\" class=\"lazy\"\/><\/p>\n<p class=\"caption-title \">Daniel, conductor de autob\u00fas en Alemania: \u00abGanamos una media de 2.900 euros y pago un alquiler de 550 euros\u00bb<\/p>\n<p>    Lee tambi\u00e9n<\/p>\n<p data-gtm-element-container=\"modulo-texto-link\" class=\"paragraph\">En Alemania hasta que <strong>sus hijos cumplan 25 a\u00f1os recibe 255 euros por cada uno, una cantidad fija que se puede gastar libremente y que no depende del nivel de ingresos, los estudios son gratuitos y la universidad tan solo cuesta 300 euros por semestre<\/strong>, incluyendo transporte y acceso a actividades culturales.\u00a0<\/p>\n","protected":false},"excerpt":{"rendered":"Cada vez son m\u00e1s quienes eligen dejar su pa\u00eds en b\u00fasqueda de mejores condiciones laborales. La crisis de&hellip;\n","protected":false},"author":2,"featured_media":152042,"comment_status":"","ping_status":"","sticky":false,"template":"","format":"standard","meta":{"footnotes":""},"categories":[8],"tags":[17,18,25,24,13,14,11,19,20,9,10,15,16,23,12,21,22],"class_list":{"0":"post-152041","1":"post","2":"type-post","3":"status-publish","4":"format-standard","5":"has-post-thumbnail","7":"category-espana","8":"tag-breaking-news","9":"tag-breakingnews","10":"tag-es","11":"tag-espana","12":"tag-featured-news","13":"tag-featurednews","14":"tag-headlines","15":"tag-latest-news","16":"tag-latestnews","17":"tag-news","18":"tag-noticias","19":"tag-noticias-destacadas","20":"tag-noticiasdestacadas","21":"tag-spain","22":"tag-titulares","23":"tag-ultimas-noticias","24":"tag-ultimasnoticias"},"share_on_mastodon":{"url":"","error":""},"_links":{"self":[{"href":"https:\/\/www.europesays.com\/es\/wp-json\/wp\/v2\/posts\/152041","targetHints":{"allow":["GET"]}}],"collection":[{"href":"https:\/\/www.europesays.com\/es\/wp-json\/wp\/v2\/posts"}],"about":[{"href":"https:\/\/www.europesays.com\/es\/wp-json\/wp\/v2\/types\/post"}],"author":[{"embeddable":true,"href":"https:\/\/www.europesays.com\/es\/wp-json\/wp\/v2\/users\/2"}],"replies":[{"embeddable":true,"href":"https:\/\/www.europesays.com\/es\/wp-json\/wp\/v2\/comments?post=152041"}],"version-history":[{"count":0,"href":"https:\/\/www.europesays.com\/es\/wp-json\/wp\/v2\/posts\/152041\/revisions"}],"wp:featuredmedia":[{"embeddable":true,"href":"https:\/\/www.europesays.com\/es\/wp-json\/wp\/v2\/media\/152042"}],"wp:attachment":[{"href":"https:\/\/www.europesays.com\/es\/wp-json\/wp\/v2\/media?parent=152041"}],"wp:term":[{"taxonomy":"category","embeddable":true,"href":"https:\/\/www.europesays.com\/es\/wp-json\/wp\/v2\/categories?post=152041"},{"taxonomy":"post_tag","embeddable":true,"href":"https:\/\/www.europesays.com\/es\/wp-json\/wp\/v2\/tags?post=152041"}],"curies":[{"name":"wp","href":"https:\/\/api.w.org\/{rel}","templated":true}]}}