{"id":152043,"date":"2025-10-02T04:43:10","date_gmt":"2025-10-02T04:43:10","guid":{"rendered":"https:\/\/www.europesays.com\/es\/152043\/"},"modified":"2025-10-02T04:43:10","modified_gmt":"2025-10-02T04:43:10","slug":"la-policia-local-ha-instruido-en-los-ultimos-dias-10-atestados-por-la-comision-de-presuntos-delitos-contra-la-seguridad-vial","status":"publish","type":"post","link":"https:\/\/www.europesays.com\/es\/152043\/","title":{"rendered":"La Polic\u00eda Local ha instruido en los \u00faltimos d\u00edas 10 atestados por la comisi\u00f3n de presuntos delitos contra la Seguridad Vial"},"content":{"rendered":"<p class=\"xwestern\">La Polic\u00eda Local ha instruido en los \u00faltimos d\u00edas<strong> 10 atestados por la comisi\u00f3n de presuntos delitos contra la Seguridad Vial.<\/strong> El primero de ellos fue por un conductor que carec\u00eda del oportuno permiso de conducci\u00f3n, en un control realizado en el Distrito Sur. En los dem\u00e1s casos, se instruyeron los casos por la implicaci\u00f3n de veh\u00edculos en distintos accidentes de tr\u00e1fico sin mayores consecuencias personales, pero en los que sus conductores arrojaron resultado positivo en los pertinentes controles de alcoholemia. <strong>Destaca que en uno de los accidentes el veh\u00edculo se sali\u00f3 de la v\u00eda e impact\u00f3 contra mobiliario urbano<\/strong> y, en los dem\u00e1s, el impacto fue con otros veh\u00edculos. Por consiguiente, se instruyeron los oportunos atestados para dar cuenta a la Autoridad Judicial de los hechos.<\/p>\n<p class=\"xwestern\">Igualmente, en la pasada madrugada, en una avenida de acceso a la zona centro, se instruy\u00f3 otro atestado por delito contra la Seguridad Vial al ser detectado un conductor que transitaba de manera an\u00f3mala y que se comprob\u00f3 que no ten\u00eda la vigencia del Permiso de Conducir al haber perdido todos los puntos por infracciones precedentes. Del mismo modo, en un <strong>control de barriadas realizado en Icovesa y Las Torres,<\/strong> la Polic\u00eda Local instruy\u00f3 8 denuncias por infracciones contra la normativa de tr\u00e1fico y elev\u00f3 otro atestado por presunta infracci\u00f3n a la normativa de Seguridad Vial al dar el alto policial al conductor de una motocicleta que circulaba sin permiso de conducir por no haberlo obtenido nunca.<\/p>\n<p class=\"xwestern\">En cuanto al operativo especial dispuesto por Polic\u00eda Nacional en la Zona Sur y que ha contado con la presencia activa de la Polic\u00eda Local, en atenci\u00f3n igualmente a <strong>las demandas de Seguridad planteadas en el seno de la Mesa T\u00e9cnica de Distritos, <\/strong>los agentes de la Polic\u00eda Local tramitaron 23 denuncias por infracciones a la normativa de tr\u00e1fico, inmoviliz\u00e1ndose 2 veh\u00edculos por carecer de Seguro Obligatorio de Responsabilidad Civil. Igualmente, fueron denunciadas 2 personas por tenencia de armas blancas, infracci\u00f3n a la Ley de Seguridad Ciudadana, y se instruy\u00f3 un atestado por presunto delito contra la Seguridad Vial al conductor de un turismo que carec\u00eda del oportuno Permiso de Conducci\u00f3n.<\/p>\n<p class=\"xwestern\">Igualmente, dentro de la campa\u00f1a<strong> contra el vertido de residuos en pol\u00edgonos industriales y barriadas <\/strong>del t\u00e9rmino municipal, agentes de la Polic\u00eda Local han realizado 6 informes y expedientes, con propuestas de sanci\u00f3n, a 6 personas que estaban realizando tal actividad de dep\u00f3sito en lugares y horas indebidas de restos de suministros y material de sus naves industriales. Tales expedientes, comunicados a Medio Ambiente con las propuestas de sanci\u00f3n estipuladas seg\u00fan la ley vigente, se han realizado en el pol\u00edgono industrial de Guadalcac\u00edn y en el pol\u00edgono industrial El Portal.<\/p>\n<p class=\"xwestern\">Cabe destacar tambi\u00e9n la realizaci\u00f3n de un <strong>control preventivo de alcoholemia, en el que los agentes realizaron 38 pruebas<\/strong>, siendo denunciados tres conductores por arrojar una tasa superior a la permitida. Fueron as\u00ed denunciados administrativamente y sus respectivos veh\u00edculos quedaron inmovilizados.<\/p>\n<p class=\"xwestern\">En cuanto a los controles de prevenci\u00f3n sobre el consumo de alcohol en la v\u00eda p\u00fablica en zonas no autorizadas (\u2018botell\u00f3n\u2019), la Polic\u00eda Local ha continuado realizando controles nocturnos a fin de evitar esta pr\u00e1ctica en zonas adem\u00e1s en las que, adem\u00e1s de las propias identificadas por los agentes, se han comunicado a Jefatura a trav\u00e9s de la Mesa T\u00e9cnica de Seguridad de Distritos. Como resultado de estos controles se han tramitado un total de 4 denuncias por infracci\u00f3n a la Ley 7\/2006 sobre potestades administrativas en materia de determinadas actividades de ocio en los espacios abiertos de los municipios de Andaluc\u00eda, que proh\u00edbe la permanencia y concentraci\u00f3n de personas que se encuentren consumiendo bebidas o realizando otras actividades que pongan en peligro la pac\u00edfica convivencia ciudadana.<\/p>\n<p class=\"xwestern\">\u00a0<\/p>\n<p class=\"xwestern\">\u00a0<\/p>\n<p class=\"xwestern\">\u00a0<\/p>\n<p class=\"xwestern\">\u00a0<\/p>\n<p class=\"xwestern\">\u00a0<\/p>\n<p class=\"xwestern\">\u00a0<\/p>\n<p class=\"xwestern\">\u00a0<\/p>\n<p>\u00a0<\/p>\n","protected":false},"excerpt":{"rendered":"La Polic\u00eda Local ha instruido en los \u00faltimos d\u00edas 10 atestados por la comisi\u00f3n de presuntos delitos contra&hellip;\n","protected":false},"author":2,"featured_media":152044,"comment_status":"","ping_status":"","sticky":false,"template":"","format":"standard","meta":{"footnotes":""},"categories":[5],"tags":[17,18,25,24,13,14,11,19,20,9,10,15,16,23,12,21,22],"class_list":{"0":"post-152043","1":"post","2":"type-post","3":"status-publish","4":"format-standard","5":"has-post-thumbnail","7":"category-titulares","8":"tag-breaking-news","9":"tag-breakingnews","10":"tag-es","11":"tag-espana","12":"tag-featured-news","13":"tag-featurednews","14":"tag-headlines","15":"tag-latest-news","16":"tag-latestnews","17":"tag-news","18":"tag-noticias","19":"tag-noticias-destacadas","20":"tag-noticiasdestacadas","21":"tag-spain","22":"tag-titulares","23":"tag-ultimas-noticias","24":"tag-ultimasnoticias"},"share_on_mastodon":{"url":"","error":""},"_links":{"self":[{"href":"https:\/\/www.europesays.com\/es\/wp-json\/wp\/v2\/posts\/152043","targetHints":{"allow":["GET"]}}],"collection":[{"href":"https:\/\/www.europesays.com\/es\/wp-json\/wp\/v2\/posts"}],"about":[{"href":"https:\/\/www.europesays.com\/es\/wp-json\/wp\/v2\/types\/post"}],"author":[{"embeddable":true,"href":"https:\/\/www.europesays.com\/es\/wp-json\/wp\/v2\/users\/2"}],"replies":[{"embeddable":true,"href":"https:\/\/www.europesays.com\/es\/wp-json\/wp\/v2\/comments?post=152043"}],"version-history":[{"count":0,"href":"https:\/\/www.europesays.com\/es\/wp-json\/wp\/v2\/posts\/152043\/revisions"}],"wp:featuredmedia":[{"embeddable":true,"href":"https:\/\/www.europesays.com\/es\/wp-json\/wp\/v2\/media\/152044"}],"wp:attachment":[{"href":"https:\/\/www.europesays.com\/es\/wp-json\/wp\/v2\/media?parent=152043"}],"wp:term":[{"taxonomy":"category","embeddable":true,"href":"https:\/\/www.europesays.com\/es\/wp-json\/wp\/v2\/categories?post=152043"},{"taxonomy":"post_tag","embeddable":true,"href":"https:\/\/www.europesays.com\/es\/wp-json\/wp\/v2\/tags?post=152043"}],"curies":[{"name":"wp","href":"https:\/\/api.w.org\/{rel}","templated":true}]}}