{"id":152047,"date":"2025-10-02T04:51:12","date_gmt":"2025-10-02T04:51:12","guid":{"rendered":"https:\/\/www.europesays.com\/es\/152047\/"},"modified":"2025-10-02T04:51:12","modified_gmt":"2025-10-02T04:51:12","slug":"el-partido-entre-la-laguna-tenerife-y-el-bnei-herzliya-israeli-podria-ser-a-puerta-cerrada","status":"publish","type":"post","link":"https:\/\/www.europesays.com\/es\/152047\/","title":{"rendered":"El partido entre La Laguna Tenerife y el Bnei Herzliya israel\u00ed podr\u00eda ser a puerta cerrada"},"content":{"rendered":"<p data-gtm-element-container=\"modulo-texto-link\" class=\"paragraph\">La directiva de <strong>La Laguna Tenerife<\/strong> sopesa celebrar el partido de la Basketball Champions League contra el <strong>Bnei Herzliya<\/strong> israel\u00ed, el pr\u00f3ximo 14 de octubre en el pabell\u00f3n Santiago Mart\u00edn, a puerta cerrada.<\/p>\n<p>        Lee tambi\u00e9n<\/p>\n<p>    Redacci\u00f3n<\/p>\n<p>             <img loading=\"lazy\" decoding=\"async\" data-full-src=\"https:\/\/www.mundodeportivo.com\/uploads\/2019\/02\/15\/60e738491813e.jpeg\" alt=\"Horizontal\" width=\"334\" height=\"164\" src=\"https:\/\/www.europesays.com\/es\/wp-content\/uploads\/2025\/10\/1759318510_665_60e738491813e.jpeg\" class=\"lazy\"\/><\/p>\n<p data-gtm-element-container=\"modulo-texto-link\" class=\"paragraph\">El presidente de la entidad aurinegra, Aniano <strong>Cabrera<\/strong>, ha se\u00f1alado este mi\u00e9rcoles en Cope Tenerife que el consejo de administraci\u00f3n se inclinar\u00e1 por la medida que \u00abmayor seguridad\u00bb pueda garantizar, y en estos momentos \u00abno descartamos ning\u00fan escenario\u00bb salvo jugar en una cancha neutral.<\/p>\n<p data-gtm-element-container=\"modulo-texto-link\" class=\"paragraph\">Ha abundado en que pretenden \u00ab<strong>apurar al m\u00e1ximo -la elecci\u00f3n del- mejor escenario posible<\/strong>\u00ab, pues su prioridad es velar por la seguridad ciudadana, pues \u00abhay muchos aficionados que se desplazan con sus hijos, y de una edad, que se pueden ver envueltos en una situaci\u00f3n que puede que no pase nada o que pase\u00bb.<\/p>\n<p>        Lee tambi\u00e9n<\/p>\n<p>    Eloy Rodellar<\/p>\n<p>             <img loading=\"lazy\" decoding=\"async\" data-full-src=\"https:\/\/www.mundodeportivo.com\/uploads\/2025\/10\/01\/68dce6aecf6f5.jpeg\" alt=\"Will Blyburn anota un triple ante la defensa de Motley\" width=\"334\" height=\"164\" src=\"https:\/\/www.europesays.com\/es\/wp-content\/uploads\/2025\/10\/68dce6aecf6f5.jpeg\" class=\"lazy\"\/><\/p>\n<p data-gtm-element-container=\"modulo-texto-link\" class=\"paragraph\"><strong>Cabrera <\/strong>ha indicado que el club estar\u00e1 a disposici\u00f3n de lo que dictaminen la FIBA y la Subdelegaci\u00f3n del Gobierno.<\/p>\n","protected":false},"excerpt":{"rendered":"La directiva de La Laguna Tenerife sopesa celebrar el partido de la Basketball Champions League contra el Bnei&hellip;\n","protected":false},"author":2,"featured_media":152048,"comment_status":"","ping_status":"","sticky":false,"template":"","format":"standard","meta":{"footnotes":""},"categories":[269],"tags":[299,298,168,25,24,23,167],"class_list":{"0":"post-152047","1":"post","2":"type-post","3":"status-publish","4":"format-standard","5":"has-post-thumbnail","7":"category-baloncesto","8":"tag-baloncesto","9":"tag-basketball","10":"tag-deportes","11":"tag-es","12":"tag-espana","13":"tag-spain","14":"tag-sports"},"share_on_mastodon":{"url":"","error":""},"_links":{"self":[{"href":"https:\/\/www.europesays.com\/es\/wp-json\/wp\/v2\/posts\/152047","targetHints":{"allow":["GET"]}}],"collection":[{"href":"https:\/\/www.europesays.com\/es\/wp-json\/wp\/v2\/posts"}],"about":[{"href":"https:\/\/www.europesays.com\/es\/wp-json\/wp\/v2\/types\/post"}],"author":[{"embeddable":true,"href":"https:\/\/www.europesays.com\/es\/wp-json\/wp\/v2\/users\/2"}],"replies":[{"embeddable":true,"href":"https:\/\/www.europesays.com\/es\/wp-json\/wp\/v2\/comments?post=152047"}],"version-history":[{"count":0,"href":"https:\/\/www.europesays.com\/es\/wp-json\/wp\/v2\/posts\/152047\/revisions"}],"wp:featuredmedia":[{"embeddable":true,"href":"https:\/\/www.europesays.com\/es\/wp-json\/wp\/v2\/media\/152048"}],"wp:attachment":[{"href":"https:\/\/www.europesays.com\/es\/wp-json\/wp\/v2\/media?parent=152047"}],"wp:term":[{"taxonomy":"category","embeddable":true,"href":"https:\/\/www.europesays.com\/es\/wp-json\/wp\/v2\/categories?post=152047"},{"taxonomy":"post_tag","embeddable":true,"href":"https:\/\/www.europesays.com\/es\/wp-json\/wp\/v2\/tags?post=152047"}],"curies":[{"name":"wp","href":"https:\/\/api.w.org\/{rel}","templated":true}]}}