{"id":152051,"date":"2025-10-02T04:53:20","date_gmt":"2025-10-02T04:53:20","guid":{"rendered":"https:\/\/www.europesays.com\/es\/152051\/"},"modified":"2025-10-02T04:53:20","modified_gmt":"2025-10-02T04:53:20","slug":"robbie-williams-revela-que-tiene-el-sindrome-de-tourette-y-por-que-se-siente-tan-mal-cuando-sale-de-la-cama","status":"publish","type":"post","link":"https:\/\/www.europesays.com\/es\/152051\/","title":{"rendered":"Robbie Williams revela que tiene el s\u00edndrome de Tourette y por qu\u00e9 se siente tan mal cuando sale de la cama"},"content":{"rendered":"<p>Robbie Williams ha confesado que sufre el s\u00edndrome de Tourette. El brit\u00e1nico, que <b>ha sido diagnosticado con TDAH<\/b> y que ha tenido que lidiar con una serie de adicciones con el alcohol y las drogas, lo que le llev\u00f3 a pasar periodos en centros de rehabilitaci\u00f3n, <b>se ha sincerado sobre sus problemas de salud\u00a0<\/b>en el podcast I&#8217;m ADHD! No You&#8217;re Not, de Paul Whitehouse y Mine Conkbayir.<\/p>\n<p>Fue ah\u00ed cuando explic\u00f3 tambi\u00e9n lo que sufre: \u00ab<b>Acabo de darme cuenta de que tengo s\u00edndrome de Tourette<\/b>. Son pensamientos intrusivos que me vienen. El otro d\u00eda, mientras caminaba por la calle, me di cuenta de que estos pensamientos intrusivos est\u00e1n dentro del s\u00edndrome de Tourette\u00bb.<\/p>\n<p>El s\u00edndrome de Tourette es un trastorno neurol\u00f3gico hereditario que puede caracterizarse por sonidos y movimientos involuntarios conocidos como tics. Lo habitual es que comience en la infancia, aunque este no es el caso de Robbie Williams, y <b>entre sus s\u00edntomas destacan las muecas faciales y las sacudidas de cabeza<\/b>. Hay tambi\u00e9n una serie de tics vocales involuntarios que pueden incluir <b>gru\u00f1idos, carraspeo y repetici\u00f3n de una serie de palabras<\/b>.<\/p>\n<p>Adem\u00e1s, expres\u00f3 <b>lo mal que lo pasa en las giras y en los conciertos<\/b> pese a la cantidad de a\u00f1os que lleva dedic\u00e1ndose a la m\u00fasica con enorme \u00e9xito: \u00abLa gente me dice que debo estar emocionado por irme de gira, pero tengo miedo\u00bb.<\/p>\n<p>Sufre ansiedad cuando sale de la cama<\/p>\n<p>El artista cont\u00f3 tambi\u00e9n que <b>le han diagnosticado TDAH tres veces<\/b>. El motivo de la repetici\u00f3n es que se olvidaba cada vez que le dec\u00edan lo que ten\u00eda.  La primera vez fue hacia 2006. En aquel momento le dieron pastillas de Adderall, pero <b>pas\u00f3 de tom\u00e1rselas de forma corriente a triturarlas y esnifarlas<\/b>.<\/p>\n<p><img decoding=\"async\" loading=\"lazy\" src=\"https:\/\/img2.huffingtonpost.es\/files\/image_720\/uploads\/2023\/07\/07\/robbie-williams-en-el-mad-cool.jpeg\" width=\"720\" height=\"0\"  data-full-src=\"https:\/\/www.europesays.com\/es\/wp-content\/uploads\/2025\/10\/robbie-williams-en-el-mad-cool.jpeg\" \/><\/p>\n<p>            \u00a0<\/p>\n<p>        Robbie Williams en el Mad Cool.Getty Images<\/p>\n<p>Tambi\u00e9n cont\u00f3 que se hizo una prueba de autismo que dio negativo, pero que s\u00ed revel\u00f3 que ten\u00edas rasgos autistas, y que ha querido comprender por qu\u00e9 se siente tan mal consigo mismo cuando sale de la cama, el lugar que considera su zona de confort y que cuando abandona le provoca ansiedad. \u00ab<b>Cualquier lugar fuera de la cama es una zona inc\u00f3moda para m\u00ed<\/b>\u00ab.<\/p>\n<p>Pese a todo, ha expresado que cada vez lleva mejor unos problemas que empezaron en su veintena: \u00abFue horrible en esa d\u00e9cada, malo en los treinta, a los cuarenta empec\u00e9 a mejorar y <b>estoy en una curva ascendente, pero todav\u00eda me siento inc\u00f3modo<\/b>. Sigo buscando constantemente la raz\u00f3n y el porqu\u00e9\u00bb, finaliz\u00f3 Robbie Williams.<\/p>\n","protected":false},"excerpt":{"rendered":"Robbie Williams ha confesado que sufre el s\u00edndrome de Tourette. El brit\u00e1nico, que ha sido diagnosticado con TDAH&hellip;\n","protected":false},"author":2,"featured_media":152052,"comment_status":"","ping_status":"","sticky":false,"template":"","format":"standard","meta":{"footnotes":""},"categories":[174],"tags":[255,146,147,25,24,256,12426,4474,23,46012],"class_list":{"0":"post-152051","1":"post","2":"type-post","3":"status-publish","4":"format-standard","5":"has-post-thumbnail","7":"category-famosos","8":"tag-celebrities","9":"tag-entertainment","10":"tag-entretenimiento","11":"tag-es","12":"tag-espana","13":"tag-famosos","14":"tag-robbie-williams","15":"tag-salud-mental","16":"tag-spain","17":"tag-trastornos-neurologicos"},"share_on_mastodon":{"url":"","error":""},"_links":{"self":[{"href":"https:\/\/www.europesays.com\/es\/wp-json\/wp\/v2\/posts\/152051","targetHints":{"allow":["GET"]}}],"collection":[{"href":"https:\/\/www.europesays.com\/es\/wp-json\/wp\/v2\/posts"}],"about":[{"href":"https:\/\/www.europesays.com\/es\/wp-json\/wp\/v2\/types\/post"}],"author":[{"embeddable":true,"href":"https:\/\/www.europesays.com\/es\/wp-json\/wp\/v2\/users\/2"}],"replies":[{"embeddable":true,"href":"https:\/\/www.europesays.com\/es\/wp-json\/wp\/v2\/comments?post=152051"}],"version-history":[{"count":0,"href":"https:\/\/www.europesays.com\/es\/wp-json\/wp\/v2\/posts\/152051\/revisions"}],"wp:featuredmedia":[{"embeddable":true,"href":"https:\/\/www.europesays.com\/es\/wp-json\/wp\/v2\/media\/152052"}],"wp:attachment":[{"href":"https:\/\/www.europesays.com\/es\/wp-json\/wp\/v2\/media?parent=152051"}],"wp:term":[{"taxonomy":"category","embeddable":true,"href":"https:\/\/www.europesays.com\/es\/wp-json\/wp\/v2\/categories?post=152051"},{"taxonomy":"post_tag","embeddable":true,"href":"https:\/\/www.europesays.com\/es\/wp-json\/wp\/v2\/tags?post=152051"}],"curies":[{"name":"wp","href":"https:\/\/api.w.org\/{rel}","templated":true}]}}