{"id":152055,"date":"2025-10-02T04:59:09","date_gmt":"2025-10-02T04:59:09","guid":{"rendered":"https:\/\/www.europesays.com\/es\/152055\/"},"modified":"2025-10-02T04:59:09","modified_gmt":"2025-10-02T04:59:09","slug":"el-borussia-dortmund-aplasta-al-athletic-4-1-y-el-villarreal-rasca-un-empate-contra-la-juventus-1-1","status":"publish","type":"post","link":"https:\/\/www.europesays.com\/es\/152055\/","title":{"rendered":"El Borussia Dortmund aplasta al Athletic (4-1) y el Villarreal rasca un empate contra la Juventus (1-1)"},"content":{"rendered":"\n<p> El Athletic Club<strong> cay\u00f3 goleado por 4-1<\/strong><a href=\"https:\/\/www.elconfidencial.com\/deportes\/futbol\/2025-01-08\/fc-barcelona-athletic-club-cautelar-csd-alucinante_4038978\/\" target=\"_blank\" rel=\"nofollow noopener\"><strong> <\/strong>frente al Borussia Dortmund<\/a> en la segunda jornada de la Liga de Campeones, a pesar de tener opciones incluso de empatar despu\u00e9s <strong>del gol de Gorka Guruzeta <\/strong>a la hora de juego. Los rojiblancos sumaron <strong>su segunda derrota consecutiva en la Champions League <\/strong>y se vinieron abajo en la segunda parte hasta cosechar una dolorosa goleada.<\/p>\n<p>El Borussia se fue al descanso con ventaja gracias a un<strong> gol de Daniel Svensson en el minuto 28 <\/strong>y en el 50 Carney Chukwuemeka puso un 2-0 que, ante la clara <strong>superioridad local,<\/strong> parec\u00eda definitivo. <\/p>\n<p> Sin embargo,<a href=\"https:\/\/www.elconfidencial.com\/deportes\/futbol\/2024-10-06\/guruzeta-athletic-de-bilbao-ernesto-valverde_3976305\/\" target=\"_blank\" rel=\"nofollow noopener\"> Guruzeta resucit\u00f3 al Athletic <\/a>en el 61 y abri\u00f3 una fase de veinte minutos de dominio rojiblanco que en el 82 cort\u00f3 de ra\u00edz un disparo desde la frontal de Marcel Sabitzer que rebot\u00f3 en<strong> Serhou Guirassy para poner el 3-1.<\/strong> Julian Brandt, en el 91, puso el 4-1 definitivo. <\/p>\n<p>               Los alemanes no tuvieron piedad. (Friedemann Vogel)             <\/p>\n<p> Por su parte,<a href=\"https:\/\/www.elconfidencial.com\/deportes\/futbol\/liga\/2025-05-18\/real-madrid-mbappe-barca-lamine-yamal-espanyol-leganes_4131789\/pass_1ce12da06b31869e5cb3bf9adc9cbcc2\/?_overwrite=true&amp;m=1747595490300\" target=\"_blank\" rel=\"nofollow noopener\"> el Villarreal<\/a> termin\u00f3 sonriendo con<strong> un gol del central portugu\u00e9s Renato Veiga en el pen\u00faltimo minuto <\/strong>del encuentro (2-2), Los de Marcelino Garc\u00eda Toral empataron ante la Juventus y<strong> sumar su primer punto <\/strong>en la presente edici\u00f3n de la Liga de Campeones. <\/p>\n<p> El conjunto de Marcelino Garc\u00eda comenz\u00f3 mejor el encuentro y logr\u00f3 adelantarse en el marcador<strong> por medio de Mikautadze<\/strong>, pero la irrupci\u00f3n de Concei\u00e7ao en la segunda mitad permiti\u00f3 al equipo italiano, invicto en la temporada,<strong> remontar y so\u00f1ar con un triunfo<\/strong> que se le escap\u00f3 en el \u00faltimo instante. <\/p>\n<p> El Athletic Club<strong> cay\u00f3 goleado por 4-1<\/strong><a href=\"https:\/\/www.elconfidencial.com\/deportes\/futbol\/2025-01-08\/fc-barcelona-athletic-club-cautelar-csd-alucinante_4038978\/\" target=\"_blank\" rel=\"nofollow noopener\"><strong> <\/strong>frente al Borussia Dortmund<\/a> en la segunda jornada de la Liga de Campeones, a pesar de tener opciones incluso de empatar despu\u00e9s <strong>del gol de Gorka Guruzeta <\/strong>a la hora de juego. Los rojiblancos sumaron <strong>su segunda derrota consecutiva en la Champions League <\/strong>y se vinieron abajo en la segunda parte hasta cosechar una dolorosa goleada.<\/p>\n<p>El Borussia se fue al descanso con ventaja gracias a un<strong> gol de Daniel Svensson en el minuto 28 <\/strong>y en el 50 Carney Chukwuemeka puso un 2-0 que, ante la clara <strong>superioridad local,<\/strong> parec\u00eda definitivo. <\/p>\n","protected":false},"excerpt":{"rendered":"El Athletic Club cay\u00f3 goleado por 4-1 frente al Borussia Dortmund en la segunda jornada de la Liga&hellip;\n","protected":false},"author":2,"featured_media":152056,"comment_status":"","ping_status":"","sticky":false,"template":"","format":"standard","meta":{"footnotes":""},"categories":[93],"tags":[168,25,24,23,167],"class_list":{"0":"post-152055","1":"post","2":"type-post","3":"status-publish","4":"format-standard","5":"has-post-thumbnail","7":"category-deportes","8":"tag-deportes","9":"tag-es","10":"tag-espana","11":"tag-spain","12":"tag-sports"},"share_on_mastodon":{"url":"","error":""},"_links":{"self":[{"href":"https:\/\/www.europesays.com\/es\/wp-json\/wp\/v2\/posts\/152055","targetHints":{"allow":["GET"]}}],"collection":[{"href":"https:\/\/www.europesays.com\/es\/wp-json\/wp\/v2\/posts"}],"about":[{"href":"https:\/\/www.europesays.com\/es\/wp-json\/wp\/v2\/types\/post"}],"author":[{"embeddable":true,"href":"https:\/\/www.europesays.com\/es\/wp-json\/wp\/v2\/users\/2"}],"replies":[{"embeddable":true,"href":"https:\/\/www.europesays.com\/es\/wp-json\/wp\/v2\/comments?post=152055"}],"version-history":[{"count":0,"href":"https:\/\/www.europesays.com\/es\/wp-json\/wp\/v2\/posts\/152055\/revisions"}],"wp:featuredmedia":[{"embeddable":true,"href":"https:\/\/www.europesays.com\/es\/wp-json\/wp\/v2\/media\/152056"}],"wp:attachment":[{"href":"https:\/\/www.europesays.com\/es\/wp-json\/wp\/v2\/media?parent=152055"}],"wp:term":[{"taxonomy":"category","embeddable":true,"href":"https:\/\/www.europesays.com\/es\/wp-json\/wp\/v2\/categories?post=152055"},{"taxonomy":"post_tag","embeddable":true,"href":"https:\/\/www.europesays.com\/es\/wp-json\/wp\/v2\/tags?post=152055"}],"curies":[{"name":"wp","href":"https:\/\/api.w.org\/{rel}","templated":true}]}}