{"id":152065,"date":"2025-10-02T05:05:13","date_gmt":"2025-10-02T05:05:13","guid":{"rendered":"https:\/\/www.europesays.com\/es\/152065\/"},"modified":"2025-10-02T05:05:13","modified_gmt":"2025-10-02T05:05:13","slug":"igualdad-propone-modificar-cinco-leyes-al-tipificar-como-delito-la-violencia-vicaria","status":"publish","type":"post","link":"https:\/\/www.europesays.com\/es\/152065\/","title":{"rendered":"Igualdad propone modificar cinco leyes al tipificar como delito la violencia vicaria"},"content":{"rendered":"<p>Diferenciar los delitos de violencia vicaria del resto de infracciones en el C\u00f3digo Penal es uno de los cambios que propone el Gobierno, a trav\u00e9s del Ministerio de <a href=\"https:\/\/www.newtral.es\/tag\/igualdad\/\" rel=\"nofollow noopener\" target=\"_blank\">Igualdad<\/a>, en un anteproyecto de ley org\u00e1nica anunciado este martes en el Consejo de Ministros. Esta iniciativa prev\u00e9 modificar el C\u00f3digo Civil y la ley de protecci\u00f3n jur\u00eddica del menor, entre otras.<\/p>\n<p><strong>Los cambios.<\/strong> La iniciativa planteada por Igualdad en materia de violencia vicaria prev\u00e9 modificar la ley org\u00e1nica de medidas de protecci\u00f3n integral contra la violencia de g\u00e9nero, el C\u00f3digo Penal, el C\u00f3digo Civil, la ley org\u00e1nica de Protecci\u00f3n Jur\u00eddica del Menor y de la ley de Enjuiciamiento Civil.<\/p>\n<p><strong>Violencia vicaria.<\/strong> El texto propone cambiar el art\u00edculo 1.4 de la ley de protecci\u00f3n integral contra la violencia de g\u00e9nero para establecer que la violencia vicaria es aquella que causa \u201cdolor o sufrimiento\u201d a las mujeres a trav\u00e9s de sus hijos, hermanos o personas mayores de edad que est\u00e9n sujetas a su tutela. La medida ampl\u00eda los colectivos que pueden ser considerados como v\u00edctimas, que hasta ahora solo eran los descendientes de la mujer afectada.\u00a0<\/p>\n<p><strong>Un delito.<\/strong> Se prev\u00e9 modificar el C\u00f3digo Penal e incluir un nuevo art\u00edculo para tipificar la violencia vicaria como una infracci\u00f3n contra la integridad moral de la v\u00edctima. El cambio convierte este tipo de violencia en un delito aut\u00f3nomo con agravante de g\u00e9nero y contempla penas de c\u00e1rcel desde seis meses hasta tres a\u00f1os.\u00a0<\/p>\n<ul class=\"wp-block-list\">\n<li><strong>Una pena accesoria.<\/strong> El texto propone incluir una pena accesoria, a valorar por el juez, que consista en prohibir que se publiquen o difundan mensajes, im\u00e1genes o cualquier otro contenido que guarde relaci\u00f3n directa con el delito cometido.\u00a0<\/li>\n<\/ul>\n<p><strong>Escuchar al menor.<\/strong> Una modificaci\u00f3n al <a href=\"https:\/\/www.boe.es\/buscar\/act.php?id=BOE-A-1889-4763#:~:text=transcurso%20del%20procedimiento.-,6,-.%20En%20todo%20caso\" rel=\"nofollow noopener\" target=\"_blank\">art\u00edculo 92.6<\/a> del C\u00f3digo Civil establece que se escuche siempre a los menores de edad implicados y a los mayores con discapacidad antes de acordar un r\u00e9gimen concreto sobre guardia y custodia. Otra al art\u00edculo 94 para reforzar que se fundamenten los motivos para establecer reg\u00edmenes de visitas en los casos en los que el progenitor est\u00e9 en un proceso penal de violencia dom\u00e9stica o de g\u00e9nero.<\/p>\n<p><strong>Protecci\u00f3n del menor.<\/strong> Se prev\u00e9 incluir la exposici\u00f3n de un menor a violencia vicaria como uno de los indicadores de situaciones de riesgo para un menor de edad modificando la <a href=\"https:\/\/www.boe.es\/buscar\/act.php?id=BOE-A-1996-1069#:~:text=Bloque%2030%3A%20%23a17%5D-,Art%C3%ADculo%2017,-.%20Actuaciones%20en%20situaciones\" rel=\"nofollow noopener\" target=\"_blank\">ley de protecci\u00f3n jur\u00eddica del menor<\/a>. Otra de las modificaciones contempla cambiar la <a href=\"https:\/\/www.boe.es\/buscar\/act.php?id=BOE-A-2000-323\" rel=\"nofollow noopener\" target=\"_blank\">ley de enjuiciamiento civil<\/a> (art\u00edculo 748) para que la patria potestad se tramite por juicio verbal para agilizar procesos.<\/p>\n<p><strong>Contexto.<\/strong> La violencia vicaria no ha sido tratada nunca antes en el Congreso a trav\u00e9s de una iniciativa con car\u00e1cter de ley. En 2021 Unidas Podemos y aliados en Galicia presentaron una <a href=\"https:\/\/www.congreso.es\/es\/busqueda-de-iniciativas?p_p_id=iniciativas&amp;p_p_lifecycle=0&amp;p_p_state=normal&amp;p_p_mode=view&amp;_iniciativas_mode=mostrarDetalle&amp;_iniciativas_legislatura=XIV&amp;_iniciativas_id=161\/003306\" rel=\"nofollow noopener\" target=\"_blank\">proposici\u00f3n no de ley<\/a> relativa a la violencia vicaria ante la Comisi\u00f3n de Derechos de la Infancia y Adolescencia del Congreso, una iniciativa que no prosper\u00f3 en la C\u00e1mara Baja y acab\u00f3 caducando.\u00a0<\/p>\n<p>El a\u00f1o pasado el Grupo Mixto present\u00f3 otra <a href=\"https:\/\/www.congreso.es\/es\/busqueda-de-iniciativas?p_p_id=iniciativas&amp;p_p_lifecycle=0&amp;p_p_state=normal&amp;p_p_mode=view&amp;_iniciativas_mode=mostrarDetalle&amp;_iniciativas_legislatura=XV&amp;_iniciativas_id=161\/000653\" rel=\"nofollow noopener\" target=\"_blank\">proposici\u00f3n no de ley<\/a>, en esta ocasi\u00f3n ante la Comisi\u00f3n de Igualdad, que s\u00ed se aprob\u00f3 aunque no hab\u00eda tenido respuesta como iniciativa legislativa hasta ahora.\u00a0<\/p>\n<p><strong>Ley org\u00e1nica.<\/strong> En este momento la propuesta se encuentra aprobada en primera vuelta en el Consejo de Ministros, por lo que a\u00fan debe ser aprobada en segunda vuelta para enviarla al Congreso y que comience el <a href=\"https:\/\/parlamentia.newtral.es\/buscador-de-leyes\" rel=\"nofollow noopener\" target=\"_blank\">tr\u00e1mite<\/a> parlamentario.\u00a0<\/p>\n<ul class=\"wp-block-list\">\n<li>Al tratarse de un anteproyecto de ley org\u00e1nica la votaci\u00f3n final requerir\u00e1 la mayor\u00eda absoluta de apoyos para aprobarse.\u00a0<\/li>\n<\/ul>\n","protected":false},"excerpt":{"rendered":"Diferenciar los delitos de violencia vicaria del resto de infracciones en el C\u00f3digo Penal es uno de los&hellip;\n","protected":false},"author":2,"featured_media":152066,"comment_status":"","ping_status":"","sticky":false,"template":"","format":"standard","meta":{"footnotes":""},"categories":[8],"tags":[17,18,12493,25,24,13,14,11,19,20,9,10,15,16,23,12,21,22,432],"class_list":{"0":"post-152065","1":"post","2":"type-post","3":"status-publish","4":"format-standard","5":"has-post-thumbnail","7":"category-espana","8":"tag-breaking-news","9":"tag-breakingnews","10":"tag-consejo-de-ministros","11":"tag-es","12":"tag-espana","13":"tag-featured-news","14":"tag-featurednews","15":"tag-headlines","16":"tag-latest-news","17":"tag-latestnews","18":"tag-news","19":"tag-noticias","20":"tag-noticias-destacadas","21":"tag-noticiasdestacadas","22":"tag-spain","23":"tag-titulares","24":"tag-ultimas-noticias","25":"tag-ultimasnoticias","26":"tag-violencia"},"share_on_mastodon":{"url":"","error":""},"_links":{"self":[{"href":"https:\/\/www.europesays.com\/es\/wp-json\/wp\/v2\/posts\/152065","targetHints":{"allow":["GET"]}}],"collection":[{"href":"https:\/\/www.europesays.com\/es\/wp-json\/wp\/v2\/posts"}],"about":[{"href":"https:\/\/www.europesays.com\/es\/wp-json\/wp\/v2\/types\/post"}],"author":[{"embeddable":true,"href":"https:\/\/www.europesays.com\/es\/wp-json\/wp\/v2\/users\/2"}],"replies":[{"embeddable":true,"href":"https:\/\/www.europesays.com\/es\/wp-json\/wp\/v2\/comments?post=152065"}],"version-history":[{"count":0,"href":"https:\/\/www.europesays.com\/es\/wp-json\/wp\/v2\/posts\/152065\/revisions"}],"wp:featuredmedia":[{"embeddable":true,"href":"https:\/\/www.europesays.com\/es\/wp-json\/wp\/v2\/media\/152066"}],"wp:attachment":[{"href":"https:\/\/www.europesays.com\/es\/wp-json\/wp\/v2\/media?parent=152065"}],"wp:term":[{"taxonomy":"category","embeddable":true,"href":"https:\/\/www.europesays.com\/es\/wp-json\/wp\/v2\/categories?post=152065"},{"taxonomy":"post_tag","embeddable":true,"href":"https:\/\/www.europesays.com\/es\/wp-json\/wp\/v2\/tags?post=152065"}],"curies":[{"name":"wp","href":"https:\/\/api.w.org\/{rel}","templated":true}]}}