{"id":152067,"date":"2025-10-02T05:06:10","date_gmt":"2025-10-02T05:06:10","guid":{"rendered":"https:\/\/www.europesays.com\/es\/152067\/"},"modified":"2025-10-02T05:06:10","modified_gmt":"2025-10-02T05:06:10","slug":"alemania-detiene-a-tres-presuntos-miembros-de-hamas-que-planeaban-atentados","status":"publish","type":"post","link":"https:\/\/www.europesays.com\/es\/152067\/","title":{"rendered":"Alemania detiene a tres presuntos miembros de Ham\u00e1s que planeaban atentados"},"content":{"rendered":"\n<p> La Fiscal\u00eda General de Alemania ha arrestado a <strong>tres supuestos miembros<\/strong> de Ham\u00e1s, que presuntamente <a href=\"https:\/\/www.elconfidencial.com\/mundo\/2017-12-18\/atentado-berlin-pudo-evitarse-terrorista-vigilado_1494476\/\" target=\"_self\" rel=\"nofollow noopener\">estaban preparando una serie de atentados<\/a> en el pa\u00eds contra objetivos israel\u00edes y jud\u00edos, seg\u00fan informa la prensa alemana. Los tres hombres fueron detenidos durante la ma\u00f1ana del mi\u00e9rcoles en Berl\u00edn en posesi\u00f3n de un peque\u00f1o arsenal. <\/p>\n<p> Los sospechosos son un alem\u00e1n de 36 a\u00f1os de origen liban\u00e9s, un liban\u00e9s de 43 a\u00f1os de nacionalidad desconocida y un alem\u00e1n de 44 a\u00f1os <a href=\"https:\/\/www.elconfidencial.com\/mundo\/2025-09-08\/union-europea-asilo-refugiados-fronteras-1hms_4202290\/\" target=\"_self\" rel=\"nofollow noopener\">procedente de Siria<\/a>, seg\u00fan recopila Der Spiegel, citando fuentes de seguridad. <\/p>\n<p> Seg\u00fan lo que se ha filtrado de la investigaci\u00f3n, los acusados<strong> habr\u00edan recibido el encargo de Ham\u00e1s<\/strong> de adquirir armas y municiones en Alemania. Las fuentes de seguridad aseguran que el objetivo de este grupo era aparentemente<strong> atentar contra instituciones jud\u00edas e israel\u00edes.<\/strong> <\/p>\n<p>              <img decoding=\"async\" class=\"inTextNews__img\" alt=\"Foto: operacion-policial-berlin-delitos-motivacion-propalestina\" src=\"https:\/\/www.europesays.com\/es\/wp-content\/uploads\/2025\/10\/f.elconfidencial.com\/original\/ea2\/b24\/ec1\/ea2b24ec1ec3364e2fe442b3907b807d.jpg\"  \/>     <\/p>\n<p>TE PUEDE INTERESAR<\/p>\n<p>      <a class=\"inTextNews__title\" href=\"https:\/\/www.elconfidencial.com\/mundo\/2024-09-30\/operacion-policial-berlin-delitos-motivacion-propalestina_3972809\/\" onclick=\"window.ECCO.emit(&#039;amplitude&#039;, { dataEventName: &#039;click_related_article_module&#039;, data: { related_article_url: &#039;https:\/\/www.elconfidencial.com\/mundo\/2024-09-30\/operacion-policial-berlin-delitos-motivacion-propalestina_3972809\/&#039;, related_article_author: &#039;Arantxa Palacios&#039;, related_article_section: &#039;mundo&#039; } })\" rel=\"nofollow noopener\" target=\"_blank\"> Operaci\u00f3n policial en Berl\u00edn por presuntos delitos \u00abde motivaci\u00f3n propalestina\u00bb <\/a>   <\/p>\n<p>    EFE   <\/p>\n<p> Tambi\u00e9n se han producido registros en Leipzig y Renania del Norte-Westfalia, en el noroeste del pa\u00eds, junto a la frontera belga. Seg\u00fan informaciones de Der Spiegel, los agentes antiterroristas detuvieron a los acusados<strong> cuando estos se reun\u00edan en Berl\u00edn para una entrega de armas<\/strong>. La Polic\u00eda y las fuerzas de seguridad intervinieron encontrando una serie de armas en buen estado, entre ellas una pistola Glock, <a href=\"https:\/\/www.elconfidencial.com\/tecnologia\/2015-11-20\/por-que-el-ak-47-es-el-fusil-mas-utilizado-por-los-terroristas_1102073\/\" target=\"_self\" rel=\"nofollow noopener\">un fusil de asalto AK-47<\/a> y varios centenares de cartuchos. <strong>El arsenal est\u00e1 siendo examinado por t\u00e9cnicos forenses.<\/strong> <\/p>\n<p> En febrero, <a href=\"https:\/\/www.elconfidencial.com\/mundo\/2025-09-30\/hamas-inicia-consultas-sobre-plan-de-trump-y-su-respuesta-podria-tardar-dias_4219252\/\" target=\"_self\" rel=\"nofollow noopener\">cuatro miembros de Ham\u00e1s<\/a> sospechosos de planear atentados contra instituciones jud\u00edas en Europa fueron juzgados en Berl\u00edn en lo que los fiscales describieron como<strong> el primer proceso judicial contra militantes del grupo islamista<\/strong> en Alemania. <\/p>\n<p> La Fiscal\u00eda General de Alemania ha arrestado a <strong>tres supuestos miembros<\/strong> de Ham\u00e1s, que presuntamente <a href=\"https:\/\/www.elconfidencial.com\/mundo\/2017-12-18\/atentado-berlin-pudo-evitarse-terrorista-vigilado_1494476\/\" target=\"_self\" rel=\"nofollow noopener\">estaban preparando una serie de atentados<\/a> en el pa\u00eds contra objetivos israel\u00edes y jud\u00edos, seg\u00fan informa la prensa alemana. Los tres hombres fueron detenidos durante la ma\u00f1ana del mi\u00e9rcoles en Berl\u00edn en posesi\u00f3n de un peque\u00f1o arsenal. <\/p>\n","protected":false},"excerpt":{"rendered":"La Fiscal\u00eda General de Alemania ha arrestado a tres supuestos miembros de Ham\u00e1s, que presuntamente estaban preparando una&hellip;\n","protected":false},"author":2,"featured_media":152068,"comment_status":"","ping_status":"","sticky":false,"template":"","format":"standard","meta":{"footnotes":""},"categories":[5],"tags":[17,18,25,24,13,14,11,19,20,9,10,15,16,23,12,21,22],"class_list":{"0":"post-152067","1":"post","2":"type-post","3":"status-publish","4":"format-standard","5":"has-post-thumbnail","7":"category-titulares","8":"tag-breaking-news","9":"tag-breakingnews","10":"tag-es","11":"tag-espana","12":"tag-featured-news","13":"tag-featurednews","14":"tag-headlines","15":"tag-latest-news","16":"tag-latestnews","17":"tag-news","18":"tag-noticias","19":"tag-noticias-destacadas","20":"tag-noticiasdestacadas","21":"tag-spain","22":"tag-titulares","23":"tag-ultimas-noticias","24":"tag-ultimasnoticias"},"share_on_mastodon":{"url":"","error":""},"_links":{"self":[{"href":"https:\/\/www.europesays.com\/es\/wp-json\/wp\/v2\/posts\/152067","targetHints":{"allow":["GET"]}}],"collection":[{"href":"https:\/\/www.europesays.com\/es\/wp-json\/wp\/v2\/posts"}],"about":[{"href":"https:\/\/www.europesays.com\/es\/wp-json\/wp\/v2\/types\/post"}],"author":[{"embeddable":true,"href":"https:\/\/www.europesays.com\/es\/wp-json\/wp\/v2\/users\/2"}],"replies":[{"embeddable":true,"href":"https:\/\/www.europesays.com\/es\/wp-json\/wp\/v2\/comments?post=152067"}],"version-history":[{"count":0,"href":"https:\/\/www.europesays.com\/es\/wp-json\/wp\/v2\/posts\/152067\/revisions"}],"wp:featuredmedia":[{"embeddable":true,"href":"https:\/\/www.europesays.com\/es\/wp-json\/wp\/v2\/media\/152068"}],"wp:attachment":[{"href":"https:\/\/www.europesays.com\/es\/wp-json\/wp\/v2\/media?parent=152067"}],"wp:term":[{"taxonomy":"category","embeddable":true,"href":"https:\/\/www.europesays.com\/es\/wp-json\/wp\/v2\/categories?post=152067"},{"taxonomy":"post_tag","embeddable":true,"href":"https:\/\/www.europesays.com\/es\/wp-json\/wp\/v2\/tags?post=152067"}],"curies":[{"name":"wp","href":"https:\/\/api.w.org\/{rel}","templated":true}]}}