{"id":152069,"date":"2025-10-02T05:13:08","date_gmt":"2025-10-02T05:13:08","guid":{"rendered":"https:\/\/www.europesays.com\/es\/152069\/"},"modified":"2025-10-02T05:13:08","modified_gmt":"2025-10-02T05:13:08","slug":"las-chances-de-colapinto-para-2026-segun-el-new-york-times","status":"publish","type":"post","link":"https:\/\/www.europesays.com\/es\/152069\/","title":{"rendered":"Las chances de Colapinto para 2026, seg\u00fan el New York Times"},"content":{"rendered":"<p>&#13;<br \/>\n                    &#13;<br \/>\n                        &#13;<br \/>\n&#13;<\/p>\n<p>Un an\u00e1lisis del prestigioso medio estadounidense posicion\u00f3 al argentino como la alternativa m\u00e1s firme dentro del equipo para la pr\u00f3xima temporada de la F\u00f3rmula 1, por delante de Doohan y Aron.<\/p>\n<p>&#13;<br \/>\n<img decoding=\"async\" class=\"mainImg r16x9\" width=\"416\" height=\"234\" fetchpriority=\"high\" src=\"https:\/\/www.europesays.com\/es\/wp-content\/uploads\/2025\/10\/la-frustracion-de-colapinto-en-el-gp-de-belgica_416x234.webp.webp\"  alt=\"La frustraci\u00f3n de Colapinto en el GP de B\u00e9lgica\" title=\"La frustraci\u00f3n de Colapinto en el GP de B\u00e9lgica\"\/> Franco Colapinto, el gran candidato a seguir en Alpine para 2026, seg\u00fan el New York Times.<\/p>\n<p>El futuro del segundo asiento en Alpine para 2026 sigue sin confirmaci\u00f3n oficial, pero en el mundo de la F\u00f3rmula 1 <b>est\u00e1 claro que Franco Colapinto es el primero en merecerlo<\/b>. As\u00ed lo afirma tambi\u00e9n un reciente art\u00edculo de The Athletic, la secci\u00f3n deportiva del prestigioso New York Times.<\/p>\n<p>&#13;<\/p>\n<p>        Con Pierre Gasly confirmado hasta 2028, el debate gira en torno a qui\u00e9n lo acompa\u00f1ar\u00e1 en la nueva etapa del equipo, que incluir\u00e1 motores Mercedes en lugar de Renault dentro de<a onclick=\"ga4SelectContentEvent(&quot;Franco Colapinto es el favorito para Alpine en 2026, seg\\u00fan el New York Times&quot;, &quot;Automovilismo&quot;, &quot;Nota&quot;);\" href=\"https:\/\/www.tycsports.com\/automovilismo\/f1-2026-reglamento-alpine-id686696.html\" target=\"_blank\" rel=\"nofollow noopener\"> un enorme cambio reglamentario<\/a>. Y, de acuerdo al an\u00e1lisis de la periodista Madeline Coleman, <b>el argentino pica en punta.<\/b><\/p>\n<p>Seg\u00fan el informe, Colapinto corre con ventaja respecto de Jack Doohan -a quien reemplaz\u00f3 desde Imola- y Paul Aron -el tester de la escuder\u00eda-. Tambi\u00e9n all\u00ed anticipan que<b> la definici\u00f3n formal llegar\u00eda reci\u00e9n en noviembre de 2025<\/b>, probablemente para el GP de Brasil en San Pablo (9\/11).<\/p>\n<p>La nota destaca que Colapinto lleg\u00f3 al equipo luego de su paso por Williams, donde logr\u00f3 puntos en dos de sus primeras cuatro carreras. Y aclara que, aunque su arranque en Alpine no fue ideal, <b>su potencial deportivo y valor comercial lo mantienen como el principal candidato<\/b>.<\/p>\n<p><img decoding=\"async\" class=\"mainImg\" fetchpriority=\"low\" loading=\"lazy\" src=\"https:\/\/www.europesays.com\/es\/wp-content\/uploads\/2025\/10\/nyt_w862.webp.webp\" alt=\"NYT\" title=\"NYT\"\/> El art\u00edculo del New York Times que pone a Colapinto como favorito para seguir en Alpine.<\/p>\n<p>        Adem\u00e1s, se menciona que <b>no tuvo pretemporada, algo que sin dudas condicion\u00f3 su adaptaci\u00f3n<\/b>, encima en un monoplaza poco competitivo, \u00faltimo en el campeonato. Hasta Flavio Briatore, el jefe de Alpine, supo reconocer que la presi\u00f3n sobre el argentino fue excesiva.<\/p>\n<p>En una de las frases m\u00e1s contundentes del an\u00e1lisis, se afirma: \u00abDe los tres candidatos internos, <b>Colapinto parece ser la opci\u00f3n m\u00e1s probable<\/b> para el pr\u00f3ximo a\u00f1o en este momento, pero <b>necesita evitar accidentes costosos, mantenerse cerca de Gasly<\/b> en cuanto a ritmo y mostrar se\u00f1ales de mejora\u00bb.<\/p>\n<p>Briatore, en una entrevista con The Race, redujo la pelea a dos nombres: \u201cEs entre Franco y Paul\u201d, afirm\u00f3. Este fin de semana ser\u00e1 crucial: <a onclick=\"ga4SelectContentEvent(&quot;Franco Colapinto es el favorito para Alpine en 2026, seg\\u00fan el New York Times&quot;, &quot;Automovilismo&quot;, &quot;Nota&quot;);\" href=\"https:\/\/www.tycsports.com\/automovilismo\/colapinto-ante-el-gp-de-los-tres-kilos-menos-las-claves-de-singapur-id689336.html\" target=\"_blank\" rel=\"nofollow noopener\">Colapinto volver\u00e1 a subirse al Alpine en Singapur<\/a>, con <b>la misi\u00f3n de sostener su ventaja y seguir sumando argumentos<\/b> para quedarse con la butaca.<\/p>\n<p><img decoding=\"async\" class=\"mainImg\" fetchpriority=\"low\" loading=\"lazy\" src=\"https:\/\/www.europesays.com\/es\/wp-content\/uploads\/2025\/10\/colapinto_w862.webp.webp\" alt=\"Colapinto\" title=\"Colapinto\"\/> Colapinto hizo todo para quedarse. Depende de Alpine&#8230;<\/p>\n<p class=\"subs-tag\">&#13;<br \/>\n            &#13;<br \/>\n            &#13;<br \/>\n            &#13;<br \/>\n            &#13;<br \/>\n            &#13;<br \/>\n         No te pierdas nada<\/p>\n<p>        &#13;<br \/>\n            Recib\u00ed las \u00faltimas noticias de F1 \u00a1y m\u00e1s!    &#13;<br \/>\n    &#13;<\/p>\n<p>&#13;<br \/>\n    &#13;<br \/>\n       &#13;<br \/>\n&#13;<br \/>\n        Te puede interesar<a href=\"https:\/\/www.tycsports.com\/automovilismo\/colapinto-ante-el-gp-de-los-tres-kilos-menos-las-claves-de-singapur-id689336.html\" onclick=\"ga4SelectContentEvent(&quot;Claves de Singapur, el infierno que espera por Colapinto&quot;,&quot;Automovilismo&quot;,&quot;page_nota-comun-2024-blo_4109&quot;,&quot;Juan Manuel Collazo&quot;);\" class=\"cardImageHolder\" rel=\"nofollow noopener\" target=\"_blank\"><img decoding=\"async\" class=\"cardImage r16x9\" width=\"416\" height=\"234\" fetchpriority=\"low\" loading=\"lazy\" src=\"https:\/\/www.europesays.com\/es\/wp-content\/uploads\/2025\/10\/colapinto_416x234.webp\"  alt=\"Claves de Singapur, el infierno que espera por Colapinto\" title=\"Claves de Singapur, el infierno que espera por Colapinto\"\/><\/a><a href=\"https:\/\/www.tycsports.com\/automovilismo\/mclaren-demando-a-alex-palou-y-le-reclama-casi-20-millones-de-dolares-por-incumplir-un-contrato-id689404.html\" onclick=\"ga4SelectContentEvent(&quot;Multimillonaria demanda de McLaren a un piloto por incumplir un contrato&quot;,&quot;Automovilismo&quot;,&quot;page_nota-comun-2024-blo_4109&quot;,&quot;Gabriel Cottone&quot;);\" class=\"cardImageHolder\" rel=\"nofollow noopener\" target=\"_blank\"><img decoding=\"async\" class=\"cardImage r16x9\" width=\"416\" height=\"234\" fetchpriority=\"low\" loading=\"lazy\" src=\"https:\/\/www.europesays.com\/es\/wp-content\/uploads\/2025\/10\/zak-brown-mclaren_416x234.webp.webp\"  alt=\"Multimillonaria demanda de McLaren a un piloto por incumplir un contrato\" title=\"Multimillonaria demanda de McLaren a un piloto por incumplir un contrato\"\/><\/a><a href=\"https:\/\/www.tycsports.com\/automovilismo\/dolor-en-la-f1-por-la-muerte-de-roscoe-el-perro-de-lewis-hamilton-nunca-dejo-de-luchar-id689230.html\" onclick=\"ga4SelectContentEvent(&quot;Dolor en la F1 por la muerte de Roscoe, el perro de Hamilton: \\&quot;Nunca dej\\u00f3 de luchar\\&quot;&quot;,&quot;Automovilismo&quot;,&quot;page_nota-comun-2024-blo_4109&quot;,&quot;Juan Manuel Collazo&quot;);\" class=\"cardImageHolder\" rel=\"nofollow noopener\" target=\"_blank\"><img decoding=\"async\" class=\"cardImage r16x9\" width=\"416\" height=\"234\" fetchpriority=\"low\" loading=\"lazy\" src=\"https:\/\/www.europesays.com\/es\/wp-content\/uploads\/2025\/10\/hamilton_416x234.webp\"  alt=\"Dolor en la F1 por la muerte de Roscoe, el perro de Hamilton: &quot;Nunca dej\u00f3 de luchar&quot;\" title=\"Dolor en la F1 por la muerte de Roscoe, el perro de Hamilton: &quot;Nunca dej\u00f3 de luchar&quot;\"\/><\/a><a href=\"https:\/\/www.tycsports.com\/automovilismo\/sin-f1-este-fin-de-semana-alpine-festejo-en-otra-categoria-id689093.html\" onclick=\"ga4SelectContentEvent(&quot;Sin F1 este fin de semana, Alpine festej\\u00f3 en otra categor\\u00eda&quot;,&quot;Automovilismo&quot;,&quot;page_nota-comun-2024-blo_4109&quot;,&quot;Lautaro \\u00c1lvarez&quot;);\" class=\"cardImageHolder\" rel=\"nofollow noopener\" target=\"_blank\"><img decoding=\"async\" class=\"cardImage r16x9\" width=\"416\" height=\"234\" fetchpriority=\"low\" loading=\"lazy\" src=\"https:\/\/www.europesays.com\/es\/wp-content\/uploads\/2025\/10\/alpine-wec_416x234.webp\"  alt=\"Sin F1 este fin de semana, Alpine festej\u00f3 en otra categor\u00eda\" title=\"Sin F1 este fin de semana, Alpine festej\u00f3 en otra categor\u00eda\"\/><\/a><a href=\"https:\/\/www.tycsports.com\/automovilismo\/en-medio-de-la-expectativa-por-su-futuro-en-la-f1-colapinto-se-divierte-con-el-hijo-de-briatore-id689087.html\" onclick=\"ga4SelectContentEvent(&quot;Colapinto se divierte con el hijo de Briatore en medio de la expectativa por su futuro en la F1&quot;,&quot;Automovilismo&quot;,&quot;page_nota-comun-2024-blo_4109&quot;,&quot;Lautaro \\u00c1lvarez&quot;);\" class=\"cardImageHolder\" rel=\"nofollow noopener\" target=\"_blank\">&#13;<br \/>\n                    &#13;<br \/>\n                    &#13;<br \/>\n                <img decoding=\"async\" class=\"cardImage r16x9\" width=\"416\" height=\"234\" fetchpriority=\"low\" loading=\"lazy\" src=\"https:\/\/www.europesays.com\/es\/wp-content\/uploads\/2025\/10\/colapinto-vacaciones_416x234.webp\"  alt=\"Colapinto se divierte con el hijo de Briatore en medio de la expectativa por su futuro en la F1\" title=\"Colapinto se divierte con el hijo de Briatore en medio de la expectativa por su futuro en la F1\"\/><\/a><a href=\"https:\/\/www.tycsports.com\/automovilismo\/max-verstappen-debuto-en-gt3-con-una-victoria-aplastante-en-el-nordschleife-id688932.html\" onclick=\"ga4SelectContentEvent(&quot;La F1 no le alcanza: Verstappen debut\\u00f3 en GT3 con una victoria aplastante&quot;,&quot;Automovilismo&quot;,&quot;page_nota-comun-2024-blo_4109&quot;,&quot;Juan Manuel Collazo&quot;);\" class=\"cardImageHolder\" rel=\"nofollow noopener\" target=\"_blank\">&#13;<br \/>\n                    &#13;<br \/>\n                    &#13;<br \/>\n                <img decoding=\"async\" class=\"cardImage r16x9\" width=\"416\" height=\"234\" fetchpriority=\"low\" loading=\"lazy\" src=\"https:\/\/www.europesays.com\/es\/wp-content\/uploads\/2025\/10\/verstappen_416x234.webp\"  alt=\"La F1 no le alcanza: Verstappen debut\u00f3 en GT3 con una victoria aplastante\" title=\"La F1 no le alcanza: Verstappen debut\u00f3 en GT3 con una victoria aplastante\"\/><\/a>&#13;<br \/>\n&#13;<br \/>\n    &#13;<br \/>\n&#13;<br \/>\n&#13;<br \/>\n                  &#13;<\/p>\n","protected":false},"excerpt":{"rendered":"&#13; &#13; &#13; &#13; Un an\u00e1lisis del prestigioso medio estadounidense posicion\u00f3 al argentino como la alternativa m\u00e1s firme&hellip;\n","protected":false},"author":2,"featured_media":152070,"comment_status":"","ping_status":"","sticky":false,"template":"","format":"standard","meta":{"footnotes":""},"categories":[270],"tags":[1763,168,25,24,306,271,272,1723,23,167],"class_list":{"0":"post-152069","1":"post","2":"type-post","3":"status-publish","4":"format-standard","5":"has-post-thumbnail","7":"category-formula-1","8":"tag-automovilismo","9":"tag-deportes","10":"tag-es","11":"tag-espana","12":"tag-f1","13":"tag-formula-1","14":"tag-formula1","15":"tag-franco-colapinto","16":"tag-spain","17":"tag-sports"},"share_on_mastodon":{"url":"","error":""},"_links":{"self":[{"href":"https:\/\/www.europesays.com\/es\/wp-json\/wp\/v2\/posts\/152069","targetHints":{"allow":["GET"]}}],"collection":[{"href":"https:\/\/www.europesays.com\/es\/wp-json\/wp\/v2\/posts"}],"about":[{"href":"https:\/\/www.europesays.com\/es\/wp-json\/wp\/v2\/types\/post"}],"author":[{"embeddable":true,"href":"https:\/\/www.europesays.com\/es\/wp-json\/wp\/v2\/users\/2"}],"replies":[{"embeddable":true,"href":"https:\/\/www.europesays.com\/es\/wp-json\/wp\/v2\/comments?post=152069"}],"version-history":[{"count":0,"href":"https:\/\/www.europesays.com\/es\/wp-json\/wp\/v2\/posts\/152069\/revisions"}],"wp:featuredmedia":[{"embeddable":true,"href":"https:\/\/www.europesays.com\/es\/wp-json\/wp\/v2\/media\/152070"}],"wp:attachment":[{"href":"https:\/\/www.europesays.com\/es\/wp-json\/wp\/v2\/media?parent=152069"}],"wp:term":[{"taxonomy":"category","embeddable":true,"href":"https:\/\/www.europesays.com\/es\/wp-json\/wp\/v2\/categories?post=152069"},{"taxonomy":"post_tag","embeddable":true,"href":"https:\/\/www.europesays.com\/es\/wp-json\/wp\/v2\/tags?post=152069"}],"curies":[{"name":"wp","href":"https:\/\/api.w.org\/{rel}","templated":true}]}}