{"id":152071,"date":"2025-10-02T05:14:08","date_gmt":"2025-10-02T05:14:08","guid":{"rendered":"https:\/\/www.europesays.com\/es\/152071\/"},"modified":"2025-10-02T05:14:08","modified_gmt":"2025-10-02T05:14:08","slug":"el-cb-625-celebra-25-anos-de-un-sueno-compartido","status":"publish","type":"post","link":"https:\/\/www.europesays.com\/es\/152071\/","title":{"rendered":"El CB 6,25 celebra 25 a\u00f1os de un sue\u00f1o compartido"},"content":{"rendered":"<p>El <strong>Club Baloncesto 6,25<\/strong> celebra sus 25 a\u00f1os de historia con una exposici\u00f3n en la Casa de la Cultura que recoge en im\u00e1genes y objetos el cuarto de siglo transcurrido desde sus <strong>primeros pasos en el colegio de La Cogolla en 1997<\/strong>, pasando por su fundaci\u00f3n oficial en la temporada 2000-01 hasta la actualidad, cuando cuenta con un equipo en Primera Divisi\u00f3n Femenina y es un referente en las categor\u00edas de base de la provincia.<\/p>\n<p>Su presidente, <strong>Pablo L\u00f3pez<\/strong>, destac\u00f3 que la exposici\u00f3n se ha realizado \u201ccomo intentamos hacer las cosas en este club, con mucho cari\u00f1o y con mucho amor, intentando no olvidarnos de nadie en un recorrido por los 25 a\u00f1os del club\u201d. En ese sentido, hizo hincapi\u00e9 en la figura de <strong>Miguel Garc\u00eda<\/strong>, \u201cque fue el que<strong> so\u00f1\u00f3, cre\u00f3 y consolid\u00f3 este proyecto empezando en La Cogolla<\/strong> y con mucho trabajo fue construyendo el club que es hoy. Nosotros lo \u00fanico que hemos hecho es honrar su legado e intentar mejorarlo en la medida de lo posible, que no era f\u00e1cil\u201d.<\/p>\n<p>El propio Miguel Garc\u00eda recogi\u00f3 el testigo para recordar que el inicio del CB 6,25 fue \u201cun <strong>sue\u00f1o compartido de unos cuantos padres y un grupo de chicas<\/strong> que decidimos que \u00edbamos a poner toda nuestra voluntad para superar las dificultades que nos encontramos en los primeros a\u00f1os. Luego se fue incorporando un n\u00famero cada vez mayor de gente y decidimos que ten\u00edamos que trabajar y trabajar para salir adelante y llevar a t\u00e9rmino todo lo que ten\u00edamos previsto: meter equipos en Auton\u00f3mica, que lo hicimos, tocar techo, y <strong>fuimos campeones auton\u00f3micos escolares<\/strong>, que es mucho decir. Cuando decidimos hacernos a un lado vimos que la gente no s\u00f3lo lo iba a continuar sino que iba a mejorarlo y <strong>ahora hay un equipo en Primera Divisi\u00f3n.<\/strong> La ciudad tiene que estar orgullosa de este equipo\u201d.<\/p>\n<p>Ese orgullo lo expres\u00f3 el alcalde de Ponferrada, Marco Morala, que asegur\u00f3 que \u201cno se entender\u00eda el baloncesto en esta ciudad sin el JT y sin vosotros\u201d y alab\u00f3 la historia de \u201cun sue\u00f1o familiar que se transform\u00f3 en realidad y<strong> segu\u00eds siendo una gran familia y transmitiendo los mismos valores fundacionales<\/strong>, desde La Cogolla al Antonio Vecino. Eso es un ejemplo para Ponferrada\u201d. Morala tambi\u00e9n apunt\u00f3 que \u201cdentro de la realidad no presupuestaria que tenemos no podemos arreglar el techo del pabell\u00f3n Antonio Vecino, pero s\u00ed hemos apostado por el baloncesto haciendo una aportaci\u00f3n para que desde vuestro club hag\u00e1is crecer esa secci\u00f3n, que<strong> es un orgullo para la ciudad\u201d<\/strong>.<\/p>\n<p>El alcalde cerr\u00f3 su intervenci\u00f3n afirmando que \u201c25 a\u00f1os son muchos, pero si quitamos la coma del nombre, vamos a por otros 625 m\u00e1s y que todos lo veamos\u201d.<\/p>\n<p>\t<a href=\"https:\/\/www.elbierzodigital.com\/wp-content\/uploads\/2025\/10\/borrador-automatico-el-bierzo-digital-1.jpg\" data-caption-title=\"Inauguraci\u00f3n de la exposici\u00f3n de los 25 a\u00f1os del CB 6,25 en la Casa de la Cultura de Ponferrada. \/ \u00c1E\" data-attachment-id=\"647623\" data-type=\"image\" class=\"fg-thumb\" rel=\"nofollow noopener\" target=\"_blank\"><img decoding=\"async\" title=\"Inauguraci\u00f3n de la exposici\u00f3n de los 25 a\u00f1os del CB 6,25 en la Casa de la Cultura de Ponferrada. \/ \u00c1E\" width=\"130\" height=\"130\" class=\"skip-lazy fg-image\" data-no-lazy=\"1\" src-fg=\"https:\/\/www.elbierzodigital.com\/wp-content\/uploads\/cache\/2025\/10\/borrador-automatico-el-bierzo-digital-1\/3598791859.jpg\" loading=\"eager\"\/><\/a><\/p>\n<p>Inauguraci\u00f3n de la exposici\u00f3n de los 25 a\u00f1os del CB 6,25 en la Casa de la Cultura de Ponferrada. \/ \u00c1E<\/p>\n<p><a href=\"https:\/\/www.elbierzodigital.com\/wp-content\/uploads\/2025\/10\/borrador-automatico-el-bierzo-digital-2.jpg\" data-caption-title=\"Inauguraci\u00f3n de la exposici\u00f3n de los 25 a\u00f1os del CB 6,25 en la Casa de la Cultura de Ponferrada. \/ \u00c1E\" data-attachment-id=\"647624\" data-type=\"image\" class=\"fg-thumb\" rel=\"nofollow noopener\" target=\"_blank\"><img decoding=\"async\" title=\"Inauguraci\u00f3n de la exposici\u00f3n de los 25 a\u00f1os del CB 6,25 en la Casa de la Cultura de Ponferrada. \/ \u00c1E\" width=\"130\" height=\"130\" class=\"skip-lazy fg-image\" data-no-lazy=\"1\" src-fg=\"https:\/\/www.elbierzodigital.com\/wp-content\/uploads\/cache\/2025\/10\/borrador-automatico-el-bierzo-digital-2\/2713970903.jpg\" loading=\"eager\"\/><\/a><\/p>\n<p>Inauguraci\u00f3n de la exposici\u00f3n de los 25 a\u00f1os del CB 6,25 en la Casa de la Cultura de Ponferrada. \/ \u00c1E<\/p>\n<p><a href=\"https:\/\/www.elbierzodigital.com\/wp-content\/uploads\/2025\/10\/borrador-automatico-el-bierzo-digital-3.jpg\" data-caption-title=\"Inauguraci\u00f3n de la exposici\u00f3n de los 25 a\u00f1os del CB 6,25 en la Casa de la Cultura de Ponferrada. \/ \u00c1E\" data-attachment-id=\"647625\" data-type=\"image\" class=\"fg-thumb\" rel=\"nofollow noopener\" target=\"_blank\"><img decoding=\"async\" title=\"Inauguraci\u00f3n de la exposici\u00f3n de los 25 a\u00f1os del CB 6,25 en la Casa de la Cultura de Ponferrada. \/ \u00c1E\" width=\"130\" height=\"130\" class=\"skip-lazy fg-image\" data-no-lazy=\"1\" src-fg=\"https:\/\/www.elbierzodigital.com\/wp-content\/uploads\/cache\/2025\/10\/borrador-automatico-el-bierzo-digital-3\/3267196158.jpg\" loading=\"eager\"\/><\/a><\/p>\n<p>Inauguraci\u00f3n de la exposici\u00f3n de los 25 a\u00f1os del CB 6,25 en la Casa de la Cultura de Ponferrada. \/ \u00c1E<\/p>\n<p><a href=\"https:\/\/www.elbierzodigital.com\/wp-content\/uploads\/2025\/10\/borrador-automatico-el-bierzo-digital-4.jpg\" data-caption-title=\"Inauguraci\u00f3n de la exposici\u00f3n de los 25 a\u00f1os del CB 6,25 en la Casa de la Cultura de Ponferrada. \/ \u00c1E\" data-attachment-id=\"647626\" data-type=\"image\" class=\"fg-thumb\" rel=\"nofollow noopener\" target=\"_blank\"><img decoding=\"async\" title=\"Inauguraci\u00f3n de la exposici\u00f3n de los 25 a\u00f1os del CB 6,25 en la Casa de la Cultura de Ponferrada. \/ \u00c1E\" width=\"130\" height=\"130\" class=\"skip-lazy fg-image\" data-no-lazy=\"1\" src-fg=\"https:\/\/www.elbierzodigital.com\/wp-content\/uploads\/cache\/2025\/10\/borrador-automatico-el-bierzo-digital-4\/3816087167.jpg\" loading=\"eager\"\/><\/a><\/p>\n<p>Inauguraci\u00f3n de la exposici\u00f3n de los 25 a\u00f1os del CB 6,25 en la Casa de la Cultura de Ponferrada. \/ \u00c1E<\/p>\n<p><a href=\"https:\/\/www.elbierzodigital.com\/wp-content\/uploads\/2025\/10\/borrador-automatico-el-bierzo-digital-5.jpg\" data-caption-title=\"Inauguraci\u00f3n de la exposici\u00f3n de los 25 a\u00f1os del CB 6,25 en la Casa de la Cultura de Ponferrada. \/ \u00c1E\" data-attachment-id=\"647627\" data-type=\"image\" class=\"fg-thumb\" rel=\"nofollow noopener\" target=\"_blank\"><img decoding=\"async\" title=\"Inauguraci\u00f3n de la exposici\u00f3n de los 25 a\u00f1os del CB 6,25 en la Casa de la Cultura de Ponferrada. \/ \u00c1E\" width=\"130\" height=\"130\" class=\"skip-lazy fg-image\" data-no-lazy=\"1\" src-fg=\"https:\/\/www.elbierzodigital.com\/wp-content\/uploads\/cache\/2025\/10\/borrador-automatico-el-bierzo-digital-5\/2148155990.jpg\" loading=\"eager\"\/><\/a><\/p>\n<p>Inauguraci\u00f3n de la exposici\u00f3n de los 25 a\u00f1os del CB 6,25 en la Casa de la Cultura de Ponferrada. \/ \u00c1E<\/p>\n<p><a href=\"https:\/\/www.elbierzodigital.com\/wp-content\/uploads\/2025\/10\/borrador-automatico-el-bierzo-digital-6.jpg\" data-caption-title=\"Inauguraci\u00f3n de la exposici\u00f3n de los 25 a\u00f1os del CB 6,25 en la Casa de la Cultura de Ponferrada. \/ \u00c1E\" data-attachment-id=\"647628\" data-type=\"image\" class=\"fg-thumb\" rel=\"nofollow noopener\" target=\"_blank\"><img decoding=\"async\" title=\"Inauguraci\u00f3n de la exposici\u00f3n de los 25 a\u00f1os del CB 6,25 en la Casa de la Cultura de Ponferrada. \/ \u00c1E\" width=\"130\" height=\"130\" class=\"skip-lazy fg-image\" data-no-lazy=\"1\" src-fg=\"https:\/\/www.elbierzodigital.com\/wp-content\/uploads\/cache\/2025\/10\/borrador-automatico-el-bierzo-digital-6\/2310760525.jpg\" loading=\"eager\"\/><\/a><\/p>\n<p>Inauguraci\u00f3n de la exposici\u00f3n de los 25 a\u00f1os del CB 6,25 en la Casa de la Cultura de Ponferrada. \/ \u00c1E<\/p>\n<p><a href=\"https:\/\/www.elbierzodigital.com\/wp-content\/uploads\/2025\/10\/borrador-automatico-el-bierzo-digital-7.jpg\" data-caption-title=\"Inauguraci\u00f3n de la exposici\u00f3n de los 25 a\u00f1os del CB 6,25 en la Casa de la Cultura de Ponferrada. \/ \u00c1E\" data-attachment-id=\"647629\" data-type=\"image\" class=\"fg-thumb\" rel=\"nofollow noopener\" target=\"_blank\"><img decoding=\"async\" title=\"Inauguraci\u00f3n de la exposici\u00f3n de los 25 a\u00f1os del CB 6,25 en la Casa de la Cultura de Ponferrada. \/ \u00c1E\" width=\"130\" height=\"130\" class=\"skip-lazy fg-image\" data-no-lazy=\"1\" src-fg=\"https:\/\/www.elbierzodigital.com\/wp-content\/uploads\/cache\/2025\/10\/borrador-automatico-el-bierzo-digital-7\/3938841700.jpg\" loading=\"eager\"\/><\/a><\/p>\n<p>Inauguraci\u00f3n de la exposici\u00f3n de los 25 a\u00f1os del CB 6,25 en la Casa de la Cultura de Ponferrada. \/ \u00c1E<\/p>\n<p><a href=\"https:\/\/www.elbierzodigital.com\/wp-content\/uploads\/2025\/10\/borrador-automatico-el-bierzo-digital-8.jpg\" data-caption-title=\"Inauguraci\u00f3n de la exposici\u00f3n de los 25 a\u00f1os del CB 6,25 en la Casa de la Cultura de Ponferrada. \/ \u00c1E\" data-attachment-id=\"647630\" data-type=\"image\" class=\"fg-thumb\" rel=\"nofollow noopener\" target=\"_blank\"><img decoding=\"async\" title=\"Inauguraci\u00f3n de la exposici\u00f3n de los 25 a\u00f1os del CB 6,25 en la Casa de la Cultura de Ponferrada. \/ \u00c1E\" width=\"130\" height=\"130\" class=\"skip-lazy fg-image\" data-no-lazy=\"1\" src-fg=\"https:\/\/www.elbierzodigital.com\/wp-content\/uploads\/cache\/2025\/10\/borrador-automatico-el-bierzo-digital-8\/3077078707.jpg\" loading=\"eager\"\/><\/a><\/p>\n<p>Inauguraci\u00f3n de la exposici\u00f3n de los 25 a\u00f1os del CB 6,25 en la Casa de la Cultura de Ponferrada. \/ \u00c1E<\/p>\n<p><a href=\"https:\/\/www.elbierzodigital.com\/wp-content\/uploads\/2025\/10\/borrador-automatico-el-bierzo-digital-9.jpg\" data-caption-title=\"Inauguraci\u00f3n de la exposici\u00f3n de los 25 a\u00f1os del CB 6,25 en la Casa de la Cultura de Ponferrada. \/ \u00c1E\" data-attachment-id=\"647631\" data-type=\"image\" class=\"fg-thumb\" rel=\"nofollow noopener\" target=\"_blank\"><img decoding=\"async\" title=\"Inauguraci\u00f3n de la exposici\u00f3n de los 25 a\u00f1os del CB 6,25 en la Casa de la Cultura de Ponferrada. \/ \u00c1E\" width=\"130\" height=\"130\" class=\"skip-lazy fg-image\" data-no-lazy=\"1\" src-fg=\"https:\/\/www.elbierzodigital.com\/wp-content\/uploads\/cache\/2025\/10\/borrador-automatico-el-bierzo-digital-9\/3558269594.jpg\" loading=\"eager\"\/><\/a><\/p>\n<p>Inauguraci\u00f3n de la exposici\u00f3n de los 25 a\u00f1os del CB 6,25 en la Casa de la Cultura de Ponferrada. \/ \u00c1E<\/p>\n<p><a href=\"https:\/\/www.elbierzodigital.com\/wp-content\/uploads\/2025\/10\/borrador-automatico-el-bierzo-digital-10.jpg\" data-caption-title=\"Inauguraci\u00f3n de la exposici\u00f3n de los 25 a\u00f1os del CB 6,25 en la Casa de la Cultura de Ponferrada. \/ \u00c1E\" data-attachment-id=\"647632\" data-type=\"image\" class=\"fg-thumb\" rel=\"nofollow noopener\" target=\"_blank\"><img decoding=\"async\" title=\"Inauguraci\u00f3n de la exposici\u00f3n de los 25 a\u00f1os del CB 6,25 en la Casa de la Cultura de Ponferrada. \/ \u00c1E\" width=\"130\" height=\"130\" class=\"skip-lazy fg-image\" data-no-lazy=\"1\" src-fg=\"https:\/\/www.elbierzodigital.com\/wp-content\/uploads\/cache\/2025\/10\/borrador-automatico-el-bierzo-digital-10\/3352222483.jpg\" loading=\"eager\"\/><\/a><\/p>\n<p>Inauguraci\u00f3n de la exposici\u00f3n de los 25 a\u00f1os del CB 6,25 en la Casa de la Cultura de Ponferrada. \/ \u00c1E<\/p>\n<p><a href=\"https:\/\/www.elbierzodigital.com\/wp-content\/uploads\/2025\/10\/borrador-automatico-el-bierzo-digital-11.jpg\" data-caption-title=\"Inauguraci\u00f3n de la exposici\u00f3n de los 25 a\u00f1os del CB 6,25 en la Casa de la Cultura de Ponferrada. \/ \u00c1E\" data-attachment-id=\"647633\" data-type=\"image\" class=\"fg-thumb\" rel=\"nofollow noopener\" target=\"_blank\"><img decoding=\"async\" title=\"Inauguraci\u00f3n de la exposici\u00f3n de los 25 a\u00f1os del CB 6,25 en la Casa de la Cultura de Ponferrada. \/ \u00c1E\" width=\"130\" height=\"130\" class=\"skip-lazy fg-image\" data-no-lazy=\"1\" src-fg=\"https:\/\/www.elbierzodigital.com\/wp-content\/uploads\/cache\/2025\/10\/borrador-automatico-el-bierzo-digital-11\/1590569278.jpg\" loading=\"eager\"\/><\/a><\/p>\n<p>Inauguraci\u00f3n de la exposici\u00f3n de los 25 a\u00f1os del CB 6,25 en la Casa de la Cultura de Ponferrada. \/ \u00c1E<\/p>\n<p><a href=\"https:\/\/www.elbierzodigital.com\/wp-content\/uploads\/2025\/10\/borrador-automatico-el-bierzo-digital-12.jpg\" data-caption-title=\"Inauguraci\u00f3n de la exposici\u00f3n de los 25 a\u00f1os del CB 6,25 en la Casa de la Cultura de Ponferrada. \/ \u00c1E\" data-attachment-id=\"647634\" data-type=\"image\" class=\"fg-thumb\" rel=\"nofollow noopener\" target=\"_blank\"><img decoding=\"async\" title=\"Inauguraci\u00f3n de la exposici\u00f3n de los 25 a\u00f1os del CB 6,25 en la Casa de la Cultura de Ponferrada. \/ \u00c1E\" width=\"130\" height=\"130\" class=\"skip-lazy fg-image\" data-no-lazy=\"1\" src-fg=\"https:\/\/www.elbierzodigital.com\/wp-content\/uploads\/cache\/2025\/10\/borrador-automatico-el-bierzo-digital-12\/2741302661.jpg\" loading=\"eager\"\/><\/a><\/p>\n<p>Inauguraci\u00f3n de la exposici\u00f3n de los 25 a\u00f1os del CB 6,25 en la Casa de la Cultura de Ponferrada. \/ \u00c1E<\/p>\n<p>\n\tRelacionado\n<\/p>\n<p>                        <a class=\"share-bluesky\" href=\"https:\/\/bsky.app\/intent\/compose?text=https%3A%2F%2Fwww.elbierzodigital.com%2Fcb-625-celebra-25-anos-sueno-compartido%2F\" target=\"_blank\" rel=\"noopener noreferrer nofollow\"><br \/>\n    <img loading=\"lazy\" decoding=\"async\" width=\"600\" height=\"530\" src=\"https:\/\/www.elbierzodigital.com\/wp-content\/themes\/ebd-theme\/img\/iconos\/bluesky-blanco.svg\"\/><br \/>\n<\/a><\/p>\n","protected":false},"excerpt":{"rendered":"El Club Baloncesto 6,25 celebra sus 25 a\u00f1os de historia con una exposici\u00f3n en la Casa de la&hellip;\n","protected":false},"author":2,"featured_media":152072,"comment_status":"","ping_status":"","sticky":false,"template":"","format":"standard","meta":{"footnotes":""},"categories":[269],"tags":[299,298,46013,168,25,24,23,167],"class_list":{"0":"post-152071","1":"post","2":"type-post","3":"status-publish","4":"format-standard","5":"has-post-thumbnail","7":"category-baloncesto","8":"tag-baloncesto","9":"tag-basketball","10":"tag-cb-6-25","11":"tag-deportes","12":"tag-es","13":"tag-espana","14":"tag-spain","15":"tag-sports"},"share_on_mastodon":{"url":"","error":""},"_links":{"self":[{"href":"https:\/\/www.europesays.com\/es\/wp-json\/wp\/v2\/posts\/152071","targetHints":{"allow":["GET"]}}],"collection":[{"href":"https:\/\/www.europesays.com\/es\/wp-json\/wp\/v2\/posts"}],"about":[{"href":"https:\/\/www.europesays.com\/es\/wp-json\/wp\/v2\/types\/post"}],"author":[{"embeddable":true,"href":"https:\/\/www.europesays.com\/es\/wp-json\/wp\/v2\/users\/2"}],"replies":[{"embeddable":true,"href":"https:\/\/www.europesays.com\/es\/wp-json\/wp\/v2\/comments?post=152071"}],"version-history":[{"count":0,"href":"https:\/\/www.europesays.com\/es\/wp-json\/wp\/v2\/posts\/152071\/revisions"}],"wp:featuredmedia":[{"embeddable":true,"href":"https:\/\/www.europesays.com\/es\/wp-json\/wp\/v2\/media\/152072"}],"wp:attachment":[{"href":"https:\/\/www.europesays.com\/es\/wp-json\/wp\/v2\/media?parent=152071"}],"wp:term":[{"taxonomy":"category","embeddable":true,"href":"https:\/\/www.europesays.com\/es\/wp-json\/wp\/v2\/categories?post=152071"},{"taxonomy":"post_tag","embeddable":true,"href":"https:\/\/www.europesays.com\/es\/wp-json\/wp\/v2\/tags?post=152071"}],"curies":[{"name":"wp","href":"https:\/\/api.w.org\/{rel}","templated":true}]}}