{"id":152075,"date":"2025-10-02T05:16:13","date_gmt":"2025-10-02T05:16:13","guid":{"rendered":"https:\/\/www.europesays.com\/es\/152075\/"},"modified":"2025-10-02T05:16:13","modified_gmt":"2025-10-02T05:16:13","slug":"los-banos-amplios-y-revestidos-en-marmol-blanco-resultan-muy-esteticos-pero-frios-y-exigentes-en-mantenimiento","status":"publish","type":"post","link":"https:\/\/www.europesays.com\/es\/152075\/","title":{"rendered":"\u201cLos ba\u00f1os, amplios y revestidos en m\u00e1rmol blanco, resultan muy est\u00e9ticos pero fr\u00edos y exigentes en mantenimiento\u201d"},"content":{"rendered":"<p>Nagore Robles (42 a\u00f1os) fue una de las primeras expulsadas de\u2019GH11\u2019, incluso sali\u00f3 de la casa con <strong>uno de los porcentajes m\u00e1s altos de la historia del programa<\/strong>, un 95%. Sin embargo, a pesar de no haber calado en el p\u00fablico lo poco que estuvo en el reality, ha sido <strong>capaz de labrarse una se\u00f1ora carrera en el mundo de la televisi\u00f3n<\/strong> que ya quisieran muchos.<\/p>\n<p>Fruto de este trabajo de tantos a\u00f1os, la colaboradora ha podido comprarse la casa de sus sue\u00f1os en una <strong>urbanizaci\u00f3n de lujo a las afueras de Madri<\/strong>d, una casa que est\u00e1 en plena naturaleza y que re\u00fane las condiciones perfectas para alejarse de los focos <strong>cuando no est\u00e9 delante de las c\u00e1maras presentando \u2018Uno de GH20\u2019<\/strong>, el nuevo formato del universo \u2018Gran Hermano\u2019, que solo puede verse en Mediaset Infinity y a trav\u00e9s del cual se elegir\u00e1 a uno de los concursantes de la nueva edici\u00f3n del reality.<\/p>\n<p>Como Nagore ahora est\u00e1 en boca de todos porque \u2018Uno de GH20\u2019 se lanz\u00f3 el pasado lunes 29 de septiembre, hemos hablado con <a href=\"https:\/\/alberto-torres.com\/\" rel=\"nofollow noopener\" target=\"_blank\">el interiorista Alberto Torres<\/a> para que, desde su mirada profesional, <strong>nos analice los aciertos y errores de la casa de la presentadora<\/strong>. Aqu\u00ed va un adelanto de lo que ha visto: \u201cLos ba\u00f1os, amplios y revestidos en m\u00e1rmol blanco, resultan muy est\u00e9ticos pero fr\u00edos y exigentes en mantenimiento\u201d.<\/p>\n<p><img decoding=\"async\" src=\"https:\/\/www.europesays.com\/es\/wp-content\/uploads\/2025\/10\/1759368016_78_silvia-alonso_ffc2ab5b_251001130351_800x800.webp.webp\" alt=\"Silvia Alonso\" class=\"image lazyload\"\/><img loading=\"lazy\" decoding=\"async\" src=\"https:\/\/www.europesays.com\/es\/wp-content\/uploads\/2025\/10\/1759368017_131_silvia-alonso_ffc2ab5b_251001130411_1280x720.webp.webp\" alt=\"Silvia Alonso, novia de David Broncano, revela la curiosa enfermedad que sufre\" class=\"image lazyload\" width=\"1280\" height=\"720\" data-aspectratio=\"1280\/720\"\/>Una arquitectura c\u00fabica de l\u00edneas limpias y un sal\u00f3n de doble altura<\/p>\n<p>Alberto ha realizado un an\u00e1lisis exhaustivo de la casa de Nagore Robles desde su fachada exterior, de la cual comenta que \u201cla vivienda presenta una arquitectura c\u00fabica de l\u00edneas limpias, con grandes superficies acristaladas y hormig\u00f3n blanco\u201d. Sin embargo, aunque est\u00e9ticamente sean muy lujosos y sus vol\u00famenes transmitan modernidad y amplitud, el interiorista <strong>apunta que tambi\u00e9n evocan cierta frialdad<\/strong>.<\/p>\n<p><img loading=\"lazy\" decoding=\"async\"   src=\"https:\/\/www.europesays.com\/es\/wp-content\/uploads\/2025\/10\/una-arquitectura-cubica-de-lineas-limpias_02501890_251001201147_1200x1979.webp.webp\" alt=\"Una arquitectura c\u00fabica de l\u00edneas limpias\" class=\"lazyload\" width=\"1200\" height=\"1979\" data-aspectratio=\"1200\/1979\"\/><\/p>\n<p>Una arquitectura c\u00fabica de l\u00edneas limpias<\/p>\n<p>&#13;@nagore_robles<\/p>\n<p>Alberto tambi\u00e9n habla de lo impresionante que es el sal\u00f3n de la casa, <strong>tanto por sus dimensiones como por su conexi\u00f3n al exterior<\/strong>. Esto es debido a su doble altura y a sus grandes ventanales que van de suelo a techo. Sin embargo, en algunas im\u00e1genes que la presentadora ha compartido en sus redes sociales, Alberto <strong>ha captado un mobiliario muy neutro que le resta personalidad<\/strong>.<\/p>\n<p><img loading=\"lazy\" decoding=\"async\"   src=\"https:\/\/www.europesays.com\/es\/wp-content\/uploads\/2025\/10\/salon-de-la-casa-de-nagore-robles_9611da09_251001201246_1200x1500.webp.webp\" alt=\"Sal\u00f3n de la casa de Nagore Robles\" class=\"lazyload\" width=\"1200\" height=\"1500\" data-aspectratio=\"1200\/1500\"\/><\/p>\n<p>Sal\u00f3n de la casa de Nagore Robles<\/p>\n<p>&#13;@nagore_robles<\/p>\n<p>Para ganar calidez, sugiere <strong>a\u00f1adir texturas naturales, como panelados de madera o alfombras de fibras<\/strong>. Tambi\u00e9n a\u00f1adir\u00eda iluminaci\u00f3n indirecta para que la doble altura no se perciba fr\u00eda al caer la noche.<\/p>\n<p>Una cocina de dise\u00f1o minimalista y un dormitorio principal muy luminoso<\/p>\n<p>\u00abLa cocina destaca por su<strong> dise\u00f1o minimalista en blanco con encimera continua<\/strong>, muy limpia visualmente\u00bb, detalla el experto en interiores. Aunque sea muy grande, Alberto echa en falta algunos detalles pr\u00e1cticos, como m\u00e1s almacenaje oculto o soluciones de reciclaje.<\/p>\n<p>Adem\u00e1s, comenta que \u00ab<strong>para enriquecer el espacio combinar\u00eda materiales<\/strong> \u2014madera clara, piedra natural y lacados en antracita\u2014, a\u00f1adir\u00eda un peque\u00f1o office junto a la isla y apostar\u00eda por electrodom\u00e9sticos panelados y de bajo consumo que refuercen la eficiencia\u00bb.<\/p>\n<p><img loading=\"lazy\" decoding=\"async\"   src=\"https:\/\/www.europesays.com\/es\/wp-content\/uploads\/2025\/10\/cocina-de-la-casa-de-nagore-robles_d7dc32eb_251001201407_1200x1200.webp.webp\" alt=\"Cocina de la casa de Nagore Robles\" class=\"lazyload\" width=\"1200\" height=\"1200\" data-aspectratio=\"1200\/1200\"\/><\/p>\n<p>Cocina de la casa de Nagore Robles<\/p>\n<p>&#13;@nagore_robles<\/p>\n<p>De los dormitorios apunta que son estancias luminosas y proporcionadas, con grandes ventanales y techos altos, aunque <strong>Alberto considera que les falta un poco de alma<\/strong>. Por eso, sugiere \u00ab<strong>introducir cabeceros tapizados o panelados en madera texturizada<\/strong>, textiles naturales como lino o algod\u00f3n y una correcta regulaci\u00f3n de la luz con estores screen para el d\u00eda y cortinas m\u00e1s densas para la noche\u00bb.<\/p>\n<p>Unos ba\u00f1os amplios y un exterior al que le falta algo de vidilla<\/p>\n<p>Los ba\u00f1os, amplios y revestidos en m\u00e1rmol blanco, <strong>resultan muy est\u00e9ticos pero fr\u00edos y exigentes en mantenimiento<\/strong>. Lo ideal, seg\u00fan Torres, \u00abser\u00eda combinarlos con madera hidr\u00f3fuga o <strong>porcel\u00e1nicos que imiten piedra o madera<\/strong>, para aportar calidez y practicidad. Adem\u00e1s, espejos retroiluminados y grifer\u00edas de bajo consumo en acabados como lat\u00f3n cepillado o negro mate sumar\u00edan personalidad\u00bb.<\/p>\n<p>Por \u00faltimo, Alberto hace alusi\u00f3n a los exteriores de la casa: \u00abEn los exteriores,<strong> la piscina lineal refuerza la est\u00e9tica moderna de la casa<\/strong>, pero el jard\u00edn a\u00fan es un lienzo vac\u00edo. Apostar\u00eda por crear diferentes zonas de uso \u2014un comedor exterior, un \u00e1rea chill out bajo p\u00e9rgola bioclim\u00e1tica y <strong>hasta un peque\u00f1o huerto urbano<\/strong>\u2014. Todo ello acompa\u00f1ado de iluminaci\u00f3n LED integrada, que alargar\u00eda la vida del jard\u00edn y la piscina tambi\u00e9n de noche\u00bb.<\/p>\n","protected":false},"excerpt":{"rendered":"Nagore Robles (42 a\u00f1os) fue una de las primeras expulsadas de\u2019GH11\u2019, incluso sali\u00f3 de la casa con uno&hellip;\n","protected":false},"author":2,"featured_media":152076,"comment_status":"","ping_status":"","sticky":false,"template":"","format":"standard","meta":{"footnotes":""},"categories":[174],"tags":[255,146,147,25,24,256,23],"class_list":{"0":"post-152075","1":"post","2":"type-post","3":"status-publish","4":"format-standard","5":"has-post-thumbnail","7":"category-famosos","8":"tag-celebrities","9":"tag-entertainment","10":"tag-entretenimiento","11":"tag-es","12":"tag-espana","13":"tag-famosos","14":"tag-spain"},"share_on_mastodon":{"url":"","error":""},"_links":{"self":[{"href":"https:\/\/www.europesays.com\/es\/wp-json\/wp\/v2\/posts\/152075","targetHints":{"allow":["GET"]}}],"collection":[{"href":"https:\/\/www.europesays.com\/es\/wp-json\/wp\/v2\/posts"}],"about":[{"href":"https:\/\/www.europesays.com\/es\/wp-json\/wp\/v2\/types\/post"}],"author":[{"embeddable":true,"href":"https:\/\/www.europesays.com\/es\/wp-json\/wp\/v2\/users\/2"}],"replies":[{"embeddable":true,"href":"https:\/\/www.europesays.com\/es\/wp-json\/wp\/v2\/comments?post=152075"}],"version-history":[{"count":0,"href":"https:\/\/www.europesays.com\/es\/wp-json\/wp\/v2\/posts\/152075\/revisions"}],"wp:featuredmedia":[{"embeddable":true,"href":"https:\/\/www.europesays.com\/es\/wp-json\/wp\/v2\/media\/152076"}],"wp:attachment":[{"href":"https:\/\/www.europesays.com\/es\/wp-json\/wp\/v2\/media?parent=152075"}],"wp:term":[{"taxonomy":"category","embeddable":true,"href":"https:\/\/www.europesays.com\/es\/wp-json\/wp\/v2\/categories?post=152075"},{"taxonomy":"post_tag","embeddable":true,"href":"https:\/\/www.europesays.com\/es\/wp-json\/wp\/v2\/tags?post=152075"}],"curies":[{"name":"wp","href":"https:\/\/api.w.org\/{rel}","templated":true}]}}