{"id":152079,"date":"2025-10-02T05:18:10","date_gmt":"2025-10-02T05:18:10","guid":{"rendered":"https:\/\/www.europesays.com\/es\/152079\/"},"modified":"2025-10-02T05:18:10","modified_gmt":"2025-10-02T05:18:10","slug":"la-sargento-de-montse-sanjuan-ya-con-8-ediciones","status":"publish","type":"post","link":"https:\/\/www.europesays.com\/es\/152079\/","title":{"rendered":"La \u2018sargento\u2019 de Montse Sanjuan, ya con 8 ediciones"},"content":{"rendered":"<p class=\"paragraph\">El a\u00f1o pasado cumpli\u00f3 diez a\u00f1os, pero la vigencia de La sergent Anna Grimm, la novela con la que se lanz\u00f3 a la arena literaria la escritora leridana Montse Sanjuan en 2014, est\u00e1 m\u00e1s activa que nunca. A finales de este mes, Pag\u00e8s Editors publicar\u00e1 ya la octava edici\u00f3n de esta obra, protagonizada por una sargento leridana de los Mossos que no ha dejado de dar alegr\u00edas a la autora. Sanjuan explic\u00f3 a SEGRE que esta nueva edici\u00f3n de la novela, en la colecci\u00f3n polic\u00edaca Lo Marraco Negre, incluir\u00e1 adem\u00e1s un pr\u00f3logo de Ramon Badia, \u201cque hace una d\u00e9cada, como editor de Pag\u00e8s, fue el primero en apostar por este personaje policial femenino ambientado en Lleida, que entonces constituy\u00f3 toda una novedad\u201d. Sanjuan destac\u00f3 incluso que \u201cfue Badia el que m\u00e1s me anim\u00f3 a crear una serie con Anna Grimm\u201d. Dicho y hecho, la escritora public\u00f3 al a\u00f1o siguiente, en 2015, El misteri del bressol buit; a los que siguieron en 2018, Anna Grimm, mem\u00f2ria mortal y, en 2022, Anna Grimm. Xarxes criminals. \u201cEstoy muy agradecida a los lectores y tambi\u00e9n al profesorado que recomienda su lectura; por ello, estoy encantada de contribuir con esta obra a promover la lectura\u201d, coment\u00f3 Sanjuan, que ya est\u00e1 escribiendo la quinta aventura de la sargento leridana. \u201cPero a\u00fan habr\u00e1 que esperar, conf\u00edo que para el segundo semestre del a\u00f1o que viene\u201d, a\u00f1adi\u00f3.<\/p>\n","protected":false},"excerpt":{"rendered":"El a\u00f1o pasado cumpli\u00f3 diez a\u00f1os, pero la vigencia de La sergent Anna Grimm, la novela con la&hellip;\n","protected":false},"author":2,"featured_media":152080,"comment_status":"","ping_status":"","sticky":false,"template":"","format":"standard","meta":{"footnotes":""},"categories":[172],"tags":[224,146,147,25,24,225,23],"class_list":{"0":"post-152079","1":"post","2":"type-post","3":"status-publish","4":"format-standard","5":"has-post-thumbnail","7":"category-libros","8":"tag-books","9":"tag-entertainment","10":"tag-entretenimiento","11":"tag-es","12":"tag-espana","13":"tag-libros","14":"tag-spain"},"share_on_mastodon":{"url":"","error":""},"_links":{"self":[{"href":"https:\/\/www.europesays.com\/es\/wp-json\/wp\/v2\/posts\/152079","targetHints":{"allow":["GET"]}}],"collection":[{"href":"https:\/\/www.europesays.com\/es\/wp-json\/wp\/v2\/posts"}],"about":[{"href":"https:\/\/www.europesays.com\/es\/wp-json\/wp\/v2\/types\/post"}],"author":[{"embeddable":true,"href":"https:\/\/www.europesays.com\/es\/wp-json\/wp\/v2\/users\/2"}],"replies":[{"embeddable":true,"href":"https:\/\/www.europesays.com\/es\/wp-json\/wp\/v2\/comments?post=152079"}],"version-history":[{"count":0,"href":"https:\/\/www.europesays.com\/es\/wp-json\/wp\/v2\/posts\/152079\/revisions"}],"wp:featuredmedia":[{"embeddable":true,"href":"https:\/\/www.europesays.com\/es\/wp-json\/wp\/v2\/media\/152080"}],"wp:attachment":[{"href":"https:\/\/www.europesays.com\/es\/wp-json\/wp\/v2\/media?parent=152079"}],"wp:term":[{"taxonomy":"category","embeddable":true,"href":"https:\/\/www.europesays.com\/es\/wp-json\/wp\/v2\/categories?post=152079"},{"taxonomy":"post_tag","embeddable":true,"href":"https:\/\/www.europesays.com\/es\/wp-json\/wp\/v2\/tags?post=152079"}],"curies":[{"name":"wp","href":"https:\/\/api.w.org\/{rel}","templated":true}]}}