{"id":152081,"date":"2025-10-02T05:21:09","date_gmt":"2025-10-02T05:21:09","guid":{"rendered":"https:\/\/www.europesays.com\/es\/152081\/"},"modified":"2025-10-02T05:21:09","modified_gmt":"2025-10-02T05:21:09","slug":"vin-diesel-promete-que-fast-furious-11-sale-adelante-y-es-la-entrega-mas-epica-de-la-saga-honrara-todo-lo-que-amamos-vandal","status":"publish","type":"post","link":"https:\/\/www.europesays.com\/es\/152081\/","title":{"rendered":"Vin Diesel promete que &#039;Fast &amp; Furious 11&#039; sale adelante y es la entrega m\u00e1s \u00e9pica de la saga: &#039;Honrar\u00e1 todo lo que amamos&#039; &#8211; Vandal"},"content":{"rendered":"<ol>\n<li><a href=\"https:\/\/news.google.com\/rss\/articles\/CBMi9gFBVV95cUxObHpLWnZ0emc1Wi1HbDFsZmhncTFQaWEwLXpQcGtiUXBzb3ZzOG9sVUd0RS1EaFVuSHEzckY1S1BIblBxNWY0cFpDeDVaOUFOeUowMG8yMFY4d1BEXzhNSENzN0c1VXRYRHQxSTh6WkdPVHgxSTllc2JrbVFnay1ETTRpNklMbkM1SFJjUGxKa3puaUJ0bzhBS3d4RUhyb3o3THdYY18wbVBwQUNWSThQTXZGeHdBenRvWDdjZldPdWpnNThlcFZ0aks0MFl1SGNvUE9KQXRCdlg0WHhaQ0xZYTZlQnp2VkRJNDI0MWVlUkI3b0o0ckHSAfsBQVVfeXFMUG9vUGtTU3hLcXJaOUdMTHNVUnBBSWtiaThFR21QbU9KbUwtS1dOajJ1Znd2WTJJSmlRdkN0WTBnSTdGMjRXX2hyc0dfV0tEaHV5QnQ0RmZBdW5TTER5d3Zya2dQR2hhUmZsaHZSTXY3NDFvcmpQYkFPdnRLeHg5OUJNN2Y1R0ZSS1l6Sm42NV9KWUdYMWNhM0REN3NjMlVGeEdnbGc4YW1NWnI1aUhfc1ZmSkljWXotdkFhdjNoN1ZyeGY3enNtTXE3dlNVVEhaM1E0YkVUZl9SQlI2VHhoX0JnWjRaZ1p5QVpWUUNuMjdrU2lXZjRKOU5LcEk?oc=5\" target=\"_blank\" rel=\"nofollow noopener\">Vin Diesel promete que &#8216;Fast &amp; Furious 11&#8217; sale adelante y es la entrega m\u00e1s \u00e9pica de la saga: &#8216;Honrar\u00e1 todo lo que amamos&#8217;<\/a>&nbsp;&nbsp;Vandal<\/li>\n<li><a href=\"https:\/\/news.google.com\/rss\/articles\/CBMi5AFBVV95cUxPalNMQzZUekdQa2Vwck82WUs4QVY4dlpyTkRSdEh1QnZabGgyUEl4eFVLSEJHR1RUWFBWVGZNWU55dmFScjdHYS03alNxYlczUncyTGNQSWxObGlEUFhOdmxDS2pCWnVuT1FZNGZibGQwRHV6dGtBQzhVZnRFQmJyZFJ5TkVkeWVKbWNTT3NOWGx0enM2SnlRenpmRHdIR0tjTnhUWXVKRHRvdDZLMmtzNFpNak50bUhjYVc4WmZGNnlqcHZzNmpsZVhqUzZTYjczY3NRdzJTY09hRGR3bGlaajBadnXSAfgBQVVfeXFMT3FRMVlHMXJyeHBXblhHQ1lhYnlLTzI2VkRKM3FIVGMwWFFnT3RUSUtibTBpem92NkRCZFZpZzY4T3dETXVvcGRhRXFQY1NzWmlCRjk1YTNEcHYzRC1STUV6ZzIxRW1wR2d1SXJOWUtfQ2pTTTNBUFRyRkoyamllQWdpb1lQdWxhQzBaSDNyVFV6azl5Q1ZrY2ZkeTF3dEVGTkJtYzRuY1VWNDNsRHUyQnhUd1dxUVN1aENCSDdFalVPSHN3TVpKY2g1ZEJ3T0wxaFBaME1BTjNrQ1VwS1I1M2dDeTVycjVDSXJ6cWRQT3ZPaHVCb18wcng?oc=5\" target=\"_blank\" rel=\"nofollow noopener\">Vin Diesel cierra la boca de los rumores: la nueva \u2018Fast and Furious\u2019 ha comenzado a grabar junto a un persona<\/a>&nbsp;&nbsp;Diario AS<\/li>\n<li><a href=\"https:\/\/news.google.com\/rss\/articles\/CBMihwFBVV95cUxQeXEwUE43NjV6ZW1FWDhGbEhhOTFuYjNTYTN1NG1yN3dSXzJBeU5ncHFVY2VUc283M3dwUlNIWk0wUnlKb3ZVUTdvLWJLU05HYXRnZFY0dzFtSU5hRjZTakh3NWtDR293XzNpSmk0VWNONWZXWWxwSDljMVB4YlBtamhWazlSWHM?oc=5\" target=\"_blank\" rel=\"nofollow noopener\">Fast and Furious 11 podr\u00eda perder un personaje clave<\/a>&nbsp;&nbsp;Diario El Sure\u00f1o<\/li>\n<li><a href=\"https:\/\/news.google.com\/rss\/articles\/CBMijgFBVV95cUxPY244OXpReEZ4dmhPMTdSZXFmRk04SUE1N3A3ZllaekRUNlp4U2VsUHQ2TGxqM295b2ZvQmVXcFg4b28xRDVBZS1VZThfZ1M3SWRtYXpkTl9XNWtJX2ZFaDFjVW0tTUgxeTg3MXA1WVlOVG1nUzFpUVRpV0t1NHR0R2pKVC1JTlNidVZpS2V3?oc=5\" target=\"_blank\" rel=\"nofollow noopener\">\u2018Honrar\u00e1 todo lo que aman\u2019: Vin Diesel rompe el silencio sobre \u2018R\u00e1pidos y Furiosos 11\u2019 y habla de su progreso<\/a>&nbsp;&nbsp;Yahoo en Espa\u00f1ol Vida y Estilo<\/li>\n<li><a href=\"https:\/\/news.google.com\/rss\/articles\/CBMizwFBVV95cUxPOVp3VmtlWnhOcVhGZU9NTHJhYkk1YnBYV1ltNUlrdDFoOE9QN2tRMFIwbWJqYkxzX20yNUt5MEtTX2pOOVJyRU9CZmVvcWVmdjZ0eWJaVnA1TGU1cjl2OERzUlVmdWllSnlMc282RkU5Nk1CcndNYzB6VFdfT29zRG15RTZGN1NvQ1NhTGVpd2o4ZGJjV1pMZ3o4MGN4N3ZKUG9EanpTdUxmaXhSbnZtUDh0Mm9mT1NjTWhzc051R3ZkamRZOGZ0UTZ3cFAxNjA?oc=5\" target=\"_blank\" rel=\"nofollow noopener\">Vin Diesel rebaja la incertidumbre del rodaje de Fast &amp; Furious 11 y promete que \u00abhonrar\u00e1 todo lo que amamos de la saga\u00bb<\/a>&nbsp;&nbsp;Hobby Consolas<\/li>\n<\/ol>\n","protected":false},"excerpt":{"rendered":"Vin Diesel promete que &#8216;Fast &amp; Furious 11&#8217; sale adelante y es la entrega m\u00e1s \u00e9pica de la&hellip;\n","protected":false},"author":2,"featured_media":152082,"comment_status":"","ping_status":"","sticky":false,"template":"","format":"standard","meta":{"footnotes":""},"categories":[169],"tags":[177,146,147,25,24,2065,176,175,23],"class_list":{"0":"post-152081","1":"post","2":"type-post","3":"status-publish","4":"format-standard","5":"has-post-thumbnail","7":"category-cine","8":"tag-cine","9":"tag-entertainment","10":"tag-entretenimiento","11":"tag-es","12":"tag-espana","13":"tag-faltan-tags","14":"tag-film","15":"tag-movies","16":"tag-spain"},"share_on_mastodon":{"url":"","error":""},"_links":{"self":[{"href":"https:\/\/www.europesays.com\/es\/wp-json\/wp\/v2\/posts\/152081","targetHints":{"allow":["GET"]}}],"collection":[{"href":"https:\/\/www.europesays.com\/es\/wp-json\/wp\/v2\/posts"}],"about":[{"href":"https:\/\/www.europesays.com\/es\/wp-json\/wp\/v2\/types\/post"}],"author":[{"embeddable":true,"href":"https:\/\/www.europesays.com\/es\/wp-json\/wp\/v2\/users\/2"}],"replies":[{"embeddable":true,"href":"https:\/\/www.europesays.com\/es\/wp-json\/wp\/v2\/comments?post=152081"}],"version-history":[{"count":0,"href":"https:\/\/www.europesays.com\/es\/wp-json\/wp\/v2\/posts\/152081\/revisions"}],"wp:featuredmedia":[{"embeddable":true,"href":"https:\/\/www.europesays.com\/es\/wp-json\/wp\/v2\/media\/152082"}],"wp:attachment":[{"href":"https:\/\/www.europesays.com\/es\/wp-json\/wp\/v2\/media?parent=152081"}],"wp:term":[{"taxonomy":"category","embeddable":true,"href":"https:\/\/www.europesays.com\/es\/wp-json\/wp\/v2\/categories?post=152081"},{"taxonomy":"post_tag","embeddable":true,"href":"https:\/\/www.europesays.com\/es\/wp-json\/wp\/v2\/tags?post=152081"}],"curies":[{"name":"wp","href":"https:\/\/api.w.org\/{rel}","templated":true}]}}