{"id":152089,"date":"2025-10-02T05:25:08","date_gmt":"2025-10-02T05:25:08","guid":{"rendered":"https:\/\/www.europesays.com\/es\/152089\/"},"modified":"2025-10-02T05:25:08","modified_gmt":"2025-10-02T05:25:08","slug":"encelado-la-luna-de-saturno-que-podria-albergar-vida-y-que-esconde-un-oceano-bajo-el-hielo-el-pais-expres","status":"publish","type":"post","link":"https:\/\/www.europesays.com\/es\/152089\/","title":{"rendered":"Enc\u00e9lado, la luna de Saturno que podr\u00eda albergar vida (y que esconde un oc\u00e9ano bajo el hielo) | El PA\u00cdS Expr\u00e9s"},"content":{"rendered":"<p><img fetchpriority=\"high\" decoding=\"auto\" class=\"_re  a_m-h\" height=\"414\"  width=\"414\"  src=\"https:\/\/www.europesays.com\/es\/wp-content\/uploads\/2025\/10\/G6GWHPKZ4ZGKJCWEWLGVOIXJYM\" loading=\"eager\"\/>Enc\u00e9lado, uma das luas de Saturno, brilha, sendo poss\u00edvel observar a sombra nos an\u00e9is do planeta.Foto: NASA (EFE) (efe)<\/p>\n<p class=\"\">Enc\u00e9lado, una luna helada de 500 kil\u00f3metros de di\u00e1metro, vuelve a colocarse en el centro del mapa de la astrobiolog\u00eda. Un nuevo estudio confirma que en su oc\u00e9ano subterr\u00e1neo existen mol\u00e9culas org\u00e1nicas complejas, los mismos ingredientes que en la Tierra hicieron posible la vida.<\/p>\n<p class=\"\"><b>\u00bfQu\u00e9 se ha descubierto exactamente? <\/b>Compuestos mucho m\u00e1s elaborados que los hallados antes (como \u00e9teres y \u00e9steres) y que, en la Tierra, forman parte de los procesos que dieron origen al ADN y al ARN.<\/p>\n<p class=\"\"><b>\u00bfPor qu\u00e9 es importante? <\/b>Este hallazgo no prueba que exista vida, pero s\u00ed demuestra que el oc\u00e9ano de Enc\u00e9lado re\u00fane los ingredientes esenciales para que pueda aparecer:<\/p>\n<ul>\n<li>Agua l\u00edquida, en su oc\u00e9ano subterr\u00e1neo.<\/li>\n<li>Energ\u00eda, gracias a la actividad hidrotermal en el fondo marino.<\/li>\n<li>Y qu\u00edmica b\u00e1sica, con carbono, hidr\u00f3geno, nitr\u00f3geno, f\u00f3sforo y azufre, ahora acompa\u00f1ados de mol\u00e9culas m\u00e1s complejas.<\/li>\n<\/ul>\n<p class=\"\"><b>\u00bfY ahora qu\u00e9? <\/b>El siguiente paso es enviar nuevas sondas con tecnolog\u00eda actual, capaces de analizar con mayor precisi\u00f3n Enc\u00e9lado o incluso aterrizar en su superficie. La Agencia Espacial Europea ya ha mostrado inter\u00e9s en una misi\u00f3n, aunque no llegar\u00eda antes de 2050. Mientras tanto, Juice y Europa Clipper explorar\u00e1n las lunas heladas de J\u00fapiter. <\/p>\n<p class=\"\">\u00a9Foto: NASA (EFE)<\/p>\n<p class=\"\"><a href=\"https:\/\/elpais.com\/ciencia\/2025-10-01\/un-nuevo-analisis-del-oceano-de-encelado-confirma-que-es-el-mundo-cercano-con-mas-posibilidades-de-albergar-vida-extraterrestre.html\" target=\"_self\" rel=\"nofollow noopener\" title=\"https:\/\/elpais.com\/ciencia\/2025-10-01\/un-nuevo-analisis-del-oceano-de-encelado-confirma-que-es-el-mundo-cercano-con-mas-posibilidades-de-albergar-vida-extraterrestre.html\">Si quieres saber m\u00e1s, puedes leer aqu\u00ed.<\/a><\/p>\n","protected":false},"excerpt":{"rendered":"Enc\u00e9lado, uma das luas de Saturno, brilha, sendo poss\u00edvel observar a sombra nos an\u00e9is do planeta.Foto: NASA (EFE)&hellip;\n","protected":false},"author":2,"featured_media":152090,"comment_status":"","ping_status":"","sticky":false,"template":"","format":"standard","meta":{"footnotes":""},"categories":[81],"tags":[647,119,123,124,645,25,24,646,2677,38037,117,121,122,23,118,120],"class_list":{"0":"post-152089","1":"post","2":"type-post","3":"status-publish","4":"format-standard","5":"has-post-thumbnail","7":"category-ciencia-y-tecnologia","8":"tag-astronomia","9":"tag-ciencia","10":"tag-ciencia-y-tecnologia","11":"tag-cienciaytecnologia","12":"tag-cientificos","13":"tag-es","14":"tag-espana","15":"tag-investigacion-cientifica","16":"tag-planetas","17":"tag-saturno","18":"tag-science","19":"tag-science-and-technology","20":"tag-scienceandtechnology","21":"tag-spain","22":"tag-technology","23":"tag-tecnologia"},"share_on_mastodon":{"url":"","error":""},"_links":{"self":[{"href":"https:\/\/www.europesays.com\/es\/wp-json\/wp\/v2\/posts\/152089","targetHints":{"allow":["GET"]}}],"collection":[{"href":"https:\/\/www.europesays.com\/es\/wp-json\/wp\/v2\/posts"}],"about":[{"href":"https:\/\/www.europesays.com\/es\/wp-json\/wp\/v2\/types\/post"}],"author":[{"embeddable":true,"href":"https:\/\/www.europesays.com\/es\/wp-json\/wp\/v2\/users\/2"}],"replies":[{"embeddable":true,"href":"https:\/\/www.europesays.com\/es\/wp-json\/wp\/v2\/comments?post=152089"}],"version-history":[{"count":0,"href":"https:\/\/www.europesays.com\/es\/wp-json\/wp\/v2\/posts\/152089\/revisions"}],"wp:featuredmedia":[{"embeddable":true,"href":"https:\/\/www.europesays.com\/es\/wp-json\/wp\/v2\/media\/152090"}],"wp:attachment":[{"href":"https:\/\/www.europesays.com\/es\/wp-json\/wp\/v2\/media?parent=152089"}],"wp:term":[{"taxonomy":"category","embeddable":true,"href":"https:\/\/www.europesays.com\/es\/wp-json\/wp\/v2\/categories?post=152089"},{"taxonomy":"post_tag","embeddable":true,"href":"https:\/\/www.europesays.com\/es\/wp-json\/wp\/v2\/tags?post=152089"}],"curies":[{"name":"wp","href":"https:\/\/api.w.org\/{rel}","templated":true}]}}