{"id":152094,"date":"2025-10-02T05:28:07","date_gmt":"2025-10-02T05:28:07","guid":{"rendered":"https:\/\/www.europesays.com\/es\/152094\/"},"modified":"2025-10-02T05:28:07","modified_gmt":"2025-10-02T05:28:07","slug":"muere-una-mujer-al-colisionar-dos-coches-y-caer-uno-desde-el-viaducto-de-la-autovia-a-7-en-murcia","status":"publish","type":"post","link":"https:\/\/www.europesays.com\/es\/152094\/","title":{"rendered":"Muere una mujer al colisionar dos coches y caer uno desde el viaducto de la autov\u00eda A-7 en Murcia"},"content":{"rendered":"<p class=\"v-mdl-ath__p v-mdl-ath__p--6\">\nMi\u00e9rcoles, 1 de octubre 2025, 15:51<\/p>\n<p>| Actualizado 18:12h.<\/p>\n<p class=\"v-p\">Una mujer ha muerto en la tarde de este mi\u00e9rcoles en un grave accidente de tr\u00e1fico ocurrido en la autov\u00eda A-7 a su paso por Javal\u00ed Nuevo, en sentido Murcia. La colisi\u00f3n entre dos veh\u00edculos en el viaducto sobre el r\u00edo Segura de la mencionada autov\u00eda ha provocado que uno de los coches se precipitara por el lado derecho y cayera 20 metros, dejando a sus ocupantes atrapados en el interior.<\/p>\n<p class=\"v-p\">El Centro de Coordinaci\u00f3n de Emergencias 112 de la Regi\u00f3n de Murcia ha recibido varias llamadas a partir de las 15.08 horas alertando del grave accidente.<\/p>\n<p class=\"v-p\">Hasta la zona se han desplazado varias ambulancias de la Gerencia de Urgencias y Emergencias Sanitarias 061, efectivos de Bomberos del Servicio de Extinci\u00f3n de Incendios y Salvamento del Ayuntamiento de Murcia, agentes de la Guardia Civil y de la Polic\u00eda Local de Murcia. Los bomberos han intervenido para rescatar a las personas atrapadas. <\/p>\n<p><img decoding=\"async\" loading=\"lazy\" src=\"https:\/\/www.europesays.com\/es\/wp-content\/uploads\/2025\/10\/03-javali-2025-10-01-155523-U2201640523905ABE-U23032423698659hE-650x455@La Verdad-LaVerdad.jpg\" class=\"v-a-img\" width=\"650\" height=\"455\" alt=\"\" data-voc-vtm-id=\"in-text-traffic\"\/><\/p>\n<p>112<\/p>\n<p><img loading=\"lazy\" decoding=\"async\" src=\"https:\/\/www.europesays.com\/es\/wp-content\/uploads\/2025\/10\/03-javali-2025-10-01-155523-U2201640523905ABE-U2303242369865eXC-1920x1344@La Verdad-LaVerdad.jpg\" class=\"v-mdl__img-z\" width=\"1920\" height=\"1344\" alt=\"\"\/><\/p>\n<p class=\"v-p\">Lamentablemente, como consecuencia del siniestro, una mujer de 56 a\u00f1os ha fallecido. Adem\u00e1s, han resultado heridas otras dos personas, un hombre de 47 a\u00f1os y una mujer de 21, que fueron atendidas por el personal sanitario del 061 y posteriormente trasladadas en estado grave al Hospital Universitario Virgen de la Arrixaca.<\/p>\n<p class=\"v-p\">A consecuencia del siniestro vial se han producido largas retenciones de hasta ocho kil\u00f3metros durante casi dos horas en la autov\u00eda A-7 en sentido Murcia. <\/p>\n<p>Comenta<\/p>\n<p>Reporta un error<\/p>\n","protected":false},"excerpt":{"rendered":"Mi\u00e9rcoles, 1 de octubre 2025, 15:51 | Actualizado 18:12h. Una mujer ha muerto en la tarde de este&hellip;\n","protected":false},"author":2,"featured_media":152095,"comment_status":"","ping_status":"","sticky":false,"template":"","format":"standard","meta":{"footnotes":""},"categories":[8],"tags":[4205,22182,46014,2513,20501,5715,17,18,25,24,13,14,11,5215,19,20,9,10,15,16,20498,5294,23,12,21,22],"class_list":{"0":"post-152094","1":"post","2":"type-post","3":"status-publish","4":"format-standard","5":"has-post-thumbnail","7":"category-espana","8":"tag-accidente","9":"tag-aerea","10":"tag-alcantarilla","11":"tag-altura","12":"tag-autovia","13":"tag-base","14":"tag-breaking-news","15":"tag-breakingnews","16":"tag-es","17":"tag-espana","18":"tag-featured-news","19":"tag-featurednews","20":"tag-headlines","21":"tag-kilometros","22":"tag-latest-news","23":"tag-latestnews","24":"tag-news","25":"tag-noticias","26":"tag-noticias-destacadas","27":"tag-noticiasdestacadas","28":"tag-retenciones","29":"tag-siete","30":"tag-spain","31":"tag-titulares","32":"tag-ultimas-noticias","33":"tag-ultimasnoticias"},"share_on_mastodon":{"url":"","error":""},"_links":{"self":[{"href":"https:\/\/www.europesays.com\/es\/wp-json\/wp\/v2\/posts\/152094","targetHints":{"allow":["GET"]}}],"collection":[{"href":"https:\/\/www.europesays.com\/es\/wp-json\/wp\/v2\/posts"}],"about":[{"href":"https:\/\/www.europesays.com\/es\/wp-json\/wp\/v2\/types\/post"}],"author":[{"embeddable":true,"href":"https:\/\/www.europesays.com\/es\/wp-json\/wp\/v2\/users\/2"}],"replies":[{"embeddable":true,"href":"https:\/\/www.europesays.com\/es\/wp-json\/wp\/v2\/comments?post=152094"}],"version-history":[{"count":0,"href":"https:\/\/www.europesays.com\/es\/wp-json\/wp\/v2\/posts\/152094\/revisions"}],"wp:featuredmedia":[{"embeddable":true,"href":"https:\/\/www.europesays.com\/es\/wp-json\/wp\/v2\/media\/152095"}],"wp:attachment":[{"href":"https:\/\/www.europesays.com\/es\/wp-json\/wp\/v2\/media?parent=152094"}],"wp:term":[{"taxonomy":"category","embeddable":true,"href":"https:\/\/www.europesays.com\/es\/wp-json\/wp\/v2\/categories?post=152094"},{"taxonomy":"post_tag","embeddable":true,"href":"https:\/\/www.europesays.com\/es\/wp-json\/wp\/v2\/tags?post=152094"}],"curies":[{"name":"wp","href":"https:\/\/api.w.org\/{rel}","templated":true}]}}