{"id":152096,"date":"2025-10-02T05:29:12","date_gmt":"2025-10-02T05:29:12","guid":{"rendered":"https:\/\/www.europesays.com\/es\/152096\/"},"modified":"2025-10-02T05:29:12","modified_gmt":"2025-10-02T05:29:12","slug":"la-vii-edicion-de-los-premios-razon-abierta-reune-en-el-vaticano-a-pensadores-de-todo-el-mundo-en-una-defensa-del-conocimiento-que-integra-ciencia-y-fe","status":"publish","type":"post","link":"https:\/\/www.europesays.com\/es\/152096\/","title":{"rendered":"La VII edici\u00f3n de los Premios Raz\u00f3n Abierta re\u00fane en el Vaticano a pensadores de todo el mundo en una defensa del conocimiento que integra ciencia y fe"},"content":{"rendered":"<p>La\u00a0<strong>Pontificia Academia de las Ciencias<\/strong>, en la\u00a0<strong>Casina P\u00edo IV del Vaticano<\/strong>, fue escenario anoche de la ceremonia de entrega de la VII edici\u00f3n de los\u00a0<strong>Premios Raz\u00f3n Abierta<\/strong>, convocados por la\u00a0<a href=\"https:\/\/www.ufv.es\/\" target=\"_blank\" rel=\"noopener nofollow\"><strong>Universidad Francisco de Vitoria (UFV)<\/strong><\/a>\u00a0y la\u00a0<a href=\"http:\/\/www.fondazioneratzinger.va\/content\/fondazioneratzinger\/es.html\" target=\"_blank\" rel=\"noopener nofollow\"><strong>Fundaci\u00f3n Vaticana Joseph Ratzinger\/Benedicto XVI<\/strong><\/a>.<\/p>\n<p><img fetchpriority=\"high\" decoding=\"async\" aria-describedby=\"caption-attachment-389653\" class=\"wp-image-389653\" src=\"https:\/\/www.europesays.com\/es\/wp-content\/uploads\/2025\/10\/IMG_8434-300x200.webp.webp\" alt=\"%name La VII edici\u00f3n de los Premios Raz\u00f3n Abierta re\u00fane en el Vaticano a pensadores de todo el mundo en una defensa del conocimiento que integra ciencia y fe Estudiar en Universidad Privada Madrid\" width=\"640\" height=\"427\"   title=\"La VII edici\u00f3n de los Premios Raz\u00f3n Abierta re\u00fane en el Vaticano a pensadores de todo el mundo en una defensa del conocimiento que integra ciencia y fe\"\/><\/p>\n<p id=\"caption-attachment-389653\" class=\"wp-caption-text\">Autoridades y ganadores de la VII edici\u00f3n de los Premios Raz\u00f3n Abierta en la Pontificia Academia de las Ciencias en el Vaticano.<\/p>\n<p>Los galardones, dotados con <strong>100.000 euros<\/strong>, reconocen investigaciones y programas docentes que integran el saber cient\u00edfico con una reflexi\u00f3n filos\u00f3fica, \u00e9tica y teol\u00f3gica sobre el ser humano, en sinton\u00eda con la propuesta de\u00a0<strong>Raz\u00f3n Abierta<\/strong>\u00a0formulada por Benedicto XVI: una forma de conocimiento que no se limita a lo emp\u00edricamente verificable, sino que se abre a las grandes preguntas sobre la verdad, el bien y el sentido.<\/p>\n<p>La ceremonia estuvo presidida por el\u00a0<strong>Exmo. y Rmo. cardenal Kurt Koch<\/strong>, prefecto del Dicasterio para la Promoci\u00f3n de la Unidad de los Cristianos, quien subray\u00f3 que la raz\u00f3n abierta \u201cno es un retroceso, sino un acto de valent\u00eda intelectual\u201d, y a\u00f1adi\u00f3: \u201cSolo una raz\u00f3n verdaderamente abierta es capaz de generar unidad en un mundo marcado por la polarizaci\u00f3n y el relativismo\u201d.<\/p>\n<p><img loading=\"lazy\" decoding=\"async\" aria-describedby=\"caption-attachment-389685\" class=\"wp-image-389685 size-large\" src=\"https:\/\/www.europesays.com\/es\/wp-content\/uploads\/2025\/10\/ANGELA-1024x576.jpeg\" alt=\"%name La VII edici\u00f3n de los Premios Raz\u00f3n Abierta re\u00fane en el Vaticano a pensadores de todo el mundo en una defensa del conocimiento que integra ciencia y fe Estudiar en Universidad Privada Madrid\" width=\"640\" height=\"360\"   title=\"La VII edici\u00f3n de los Premios Raz\u00f3n Abierta re\u00fane en el Vaticano a pensadores de todo el mundo en una defensa del conocimiento que integra ciencia y fe\"\/><\/p>\n<p id=\"caption-attachment-389685\" class=\"wp-caption-text\">Exmo. y Rmo. cardenal Kurt Koch entregando el premio a \u00c1ngela Franks<\/p>\n<p><strong>Koch<\/strong>\u00a0remarc\u00f3 que los Premios Raz\u00f3n Abierta contribuyen a la construcci\u00f3n de una cultura del encuentro al unir saber t\u00e9cnico con sabidur\u00eda humanista. En ese sentido, anim\u00f3 a los premiados y a sus universidades a seguir promoviendo un conocimiento que no renuncie a las grandes preguntas y que contribuya a la reconciliaci\u00f3n entre fe y raz\u00f3n, entre ciencia y humanidad.<\/p>\n<p>El acto fue moderado por\u00a0<strong>Mar\u00eda Lacalle<\/strong>, directora del\u00a0<strong>Instituto Raz\u00f3n Abierta<\/strong>\u00a0y vicerrectora de Profesorado y Modelo Formativo de la UFV.<\/p>\n<p><img loading=\"lazy\" decoding=\"async\" aria-describedby=\"caption-attachment-389683\" class=\"wp-image-389683 size-large\" src=\"https:\/\/www.europesays.com\/es\/wp-content\/uploads\/2025\/10\/MARIA-LACALLE-1024x683.jpg\" alt=\"MARIA LACALLE 1024x683 La VII edici\u00f3n de los Premios Raz\u00f3n Abierta re\u00fane en el Vaticano a pensadores de todo el mundo en una defensa del conocimiento que integra ciencia y fe Estudiar en Universidad Privada Madrid\" width=\"640\" height=\"427\"   title=\"La VII edici\u00f3n de los Premios Raz\u00f3n Abierta re\u00fane en el Vaticano a pensadores de todo el mundo en una defensa del conocimiento que integra ciencia y fe\"\/><\/p>\n<p id=\"caption-attachment-389683\" class=\"wp-caption-text\">Mar\u00eda Lacalle durante su discurso en la entrega de los Premios Raz\u00f3n Abierta<\/p>\n<p>El presidente de la Fundaci\u00f3n Vaticana Joseph Ratzinger\/Benedicto XVI,\u00a0<strong>P. Federico Lombardi, S.L.<\/strong>, destac\u00f3 que estos premios \u201cnos recuerdan que la universidad no puede reducirse a una escuela de especialidades. Su vocaci\u00f3n es mucho m\u00e1s alta: debe ense\u00f1ar a buscar el sentido, a hacer preguntas, a mirar tambi\u00e9n al cielo, no solo a la tierra\u201d.<\/p>\n<p><strong>Lombardi<\/strong>\u00a0remarc\u00f3 que, m\u00e1s all\u00e1 del \u00e1mbito acad\u00e9mico, el di\u00e1logo entre raz\u00f3n y fe, entre ciencia y sabidur\u00eda, constituye un camino de reconciliaci\u00f3n cultural profundamente necesario. \u201cLos trabajos premiados muestran que esta s\u00edntesis no solo es posible, sino fecunda y transformadora\u201d, concluy\u00f3.<\/p>\n<p><strong>Daniel Sada: \u201cLa universidad est\u00e1 llamada a no renunciar nunca a la b\u00fasqueda de la verdad\u201d<\/strong><\/p>\n<p>Durante su intervenci\u00f3n, el rector de la <a href=\"https:\/\/www.ufv.es\/\" target=\"_blank\" rel=\"noopener nofollow\"><strong>Universidad Francisco de Vitoria<\/strong><\/a>,\u00a0<strong>Daniel Sada<\/strong>, defendi\u00f3 el papel de la universidad como lugar privilegiado para tender puentes entre disciplinas, tradiciones y culturas. Agradeci\u00f3 el compromiso de los premiados con una forma de pensar integradora, capaz de dialogar con la complejidad del mundo sin ceder al reduccionismo.<\/p>\n<p>\u201cLa universidad est\u00e1 llamada a no renunciar nunca a la b\u00fasqueda de la verdad. La raz\u00f3n abierta no es solo una categor\u00eda acad\u00e9mica, sino una actitud vital: la de quien se pregunta, escucha y se deja transformar por la realidad\u201d, ha asegurado.<\/p>\n<p><strong>Sada<\/strong>\u00a0record\u00f3 que la Universidad Francisco de Vitoria impulsa estos premios desde hace siete ediciones como parte de su misi\u00f3n institucional, en alianza con la Fundaci\u00f3n Vaticana, y destac\u00f3 la Menci\u00f3n de Honor concedida este a\u00f1o al profesor\u00a0<strong>Pablo L\u00f3pez Raso<\/strong>, director de los\u00a0<a href=\"https:\/\/www.ufv.es\/estudiar-grado-bellas-artes-diseno-madrid\/\" target=\"_blank\" rel=\"noopener nofollow\"><strong>Grados en Bellas Artes y Dise\u00f1o de la propia universidad<\/strong><\/a>, como signo del compromiso de la UFV con una formaci\u00f3n profundamente humana y est\u00e9tica.<\/p>\n<p><img loading=\"lazy\" decoding=\"async\" aria-describedby=\"caption-attachment-389681\" class=\"wp-image-389681 size-large\" src=\"https:\/\/www.europesays.com\/es\/wp-content\/uploads\/2025\/10\/PABLO-1024x635.jpeg\" alt=\"%name La VII edici\u00f3n de los Premios Raz\u00f3n Abierta re\u00fane en el Vaticano a pensadores de todo el mundo en una defensa del conocimiento que integra ciencia y fe Estudiar en Universidad Privada Madrid\" width=\"640\" height=\"397\"   title=\"La VII edici\u00f3n de los Premios Raz\u00f3n Abierta re\u00fane en el Vaticano a pensadores de todo el mundo en una defensa del conocimiento que integra ciencia y fe\"\/><\/p>\n<p id=\"caption-attachment-389681\" class=\"wp-caption-text\">Pablo L\u00f3pez Raso y Daniel Sada durante la entrega de los Premios Raz\u00f3n Abierta<\/p>\n<p><strong>Ganadores de la VII edici\u00f3n<\/strong><\/p>\n<ul type=\"disc\">\n<li><strong>Jos\u00e9 Mar\u00eda Torralba (Universidad de Navarra)<\/strong>, en la categor\u00eda de Docencia, por\u00a0El Programa de Grandes Libros de la Universidad de Navarra, un modelo de formaci\u00f3n universitaria que integra la lectura de cl\u00e1sicos de la filosof\u00eda y la literatura con el estudio de disciplinas cient\u00edficas. \u201cLos grandes libros son una escuela de humanidad: ensanchan la mirada, afinan el juicio y ensanchan el coraz\u00f3n\u201d, asegur\u00f3.<\/li>\n<li><strong>Angela Franks (St. John\u2019s Seminary, EE. UU.)<\/strong>, por\u00a0Body and identity: a history of the empty self, una historia intelectual sobre la crisis contempor\u00e1nea de identidad desde una perspectiva teol\u00f3gica y filos\u00f3fica. \u201cEl modelo de raz\u00f3n abierta permite a la teolog\u00eda y a las ciencias sociales y biol\u00f3gicas enriquecerse mutuamente, en lugar de contradecirse\u201d, afirm\u00f3.<\/li>\n<li><strong>David Thunder (Universidad de Navarra)<\/strong>, por\u00a0The Polycentric Republic: a theory of civil order for free and diverse societies, una propuesta de orden civil alternativo al Estado moderno, basada en asociaciones libres y diversas. \u201cRaz\u00f3n Abierta representa una invitaci\u00f3n a trascender los l\u00edmites autoimpuestos por las ciencias modernas y por los sistemas burocr\u00e1ticos\u201d, explic\u00f3.<\/li>\n<li><strong>Juan Eduardo Carre\u00f1o (Universidad de los Andes, Chile)<\/strong>, por\u00a0Thomistic philosophy in the face of evolutionary fact, una integraci\u00f3n del pensamiento de Tom\u00e1s de Aquino con los descubrimientos de la biolog\u00eda evolutiva. \u201cLa raz\u00f3n abierta no es una opci\u00f3n m\u00e1s: es la v\u00eda real del conocimiento\u201d, defendi\u00f3.<\/li>\n<\/ul>\n<p><img loading=\"lazy\" decoding=\"async\" class=\"aligncenter wp-image-389658 size-large\" src=\"https:\/\/www.europesays.com\/es\/wp-content\/uploads\/2025\/10\/IMG_8389-1024x683.webp.webp\" alt=\"%name La VII edici\u00f3n de los Premios Raz\u00f3n Abierta re\u00fane en el Vaticano a pensadores de todo el mundo en una defensa del conocimiento que integra ciencia y fe Estudiar en Universidad Privada Madrid\" width=\"640\" height=\"427\"   title=\"La VII edici\u00f3n de los Premios Raz\u00f3n Abierta re\u00fane en el Vaticano a pensadores de todo el mundo en una defensa del conocimiento que integra ciencia y fe\"\/><\/p>\n<p><strong>Menciones de honor:<\/strong><\/p>\n<ul type=\"disc\">\n<li><strong>Pablo L\u00f3pez Raso (Universidad Francisco de Vitoria)<\/strong>, por\u00a0Insolente belleza: una propuesta de apreciaci\u00f3n del arte contempor\u00e1neo, una reflexi\u00f3n filos\u00f3fica sobre el arte contempor\u00e1neo como v\u00eda de acceso a la verdad y al misterio. \u201cLa belleza es el lenguaje con el que la verdad nos seduce\u201d, afirm\u00f3.<\/li>\n<li><strong>Santiago Bellomo (Universidad Austral, Argentina)<\/strong>, por\u00a0Educaci\u00f3n aumentada. Desaf\u00edos de la educaci\u00f3n en la era de la inteligencia artificial, un an\u00e1lisis cr\u00edtico del impacto de la inteligencia artificial en la educaci\u00f3n y una propuesta pedag\u00f3gica centrada en el humanismo cl\u00e1sico. \u201cDebemos mirar al futuro con esperanza, sin renunciar a lo mejor del pasado\u201d, se\u00f1al\u00f3.<\/li>\n<\/ul>\n<p><img loading=\"lazy\" decoding=\"async\" aria-describedby=\"caption-attachment-389656\" class=\"wp-image-389656 size-large\" src=\"https:\/\/www.europesays.com\/es\/wp-content\/uploads\/2025\/10\/IMG_8422-1024x683.webp.webp\" alt=\"%name La VII edici\u00f3n de los Premios Raz\u00f3n Abierta re\u00fane en el Vaticano a pensadores de todo el mundo en una defensa del conocimiento que integra ciencia y fe Estudiar en Universidad Privada Madrid\" width=\"640\" height=\"427\"   title=\"La VII edici\u00f3n de los Premios Raz\u00f3n Abierta re\u00fane en el Vaticano a pensadores de todo el mundo en una defensa del conocimiento que integra ciencia y fe\"\/><\/p>\n<p id=\"caption-attachment-389656\" class=\"wp-caption-text\">Pablo L\u00f3pez Raso durante la entrega de Premios Raz\u00f3n Abierta<\/p>\n<p><strong>Un jurado internacional de prestigio<\/strong><\/p>\n<p>El jurado ha estado compuesto por destacadas figuras del \u00e1mbito acad\u00e9mico internacional:<\/p>\n<ul type=\"disc\">\n<li><strong>P. Federico Lombardi, S.L.<\/strong>, presidente de la Fundaci\u00f3n Vaticana Joseph Ratzinger.<\/li>\n<li><strong>Daniel Sada<\/strong>, rector de la Universidad Francisco de Vitoria.<\/li>\n<li><strong>Marta Bertolaso<\/strong>, profesora de Filosof\u00eda de la Ciencia en la Universidad Campus Bio-M\u00e9dico de Roma.<\/li>\n<li><strong>Paolo Benanti<\/strong>, te\u00f3logo y miembro de la Pontificia Academia para la Vida.<\/li>\n<li><strong>Rafael Vicu\u00f1a<\/strong>, profesor de Bioqu\u00edmica y Gen\u00e9tica Molecular de la Pontificia Universidad Cat\u00f3lica de Chile.<\/li>\n<li><strong>Javier Prades<\/strong>, rector de la Universidad Eclesi\u00e1stica San D\u00e1maso.<\/li>\n<li><strong>Stefano Zamagni<\/strong>, presidente em\u00e9rito de la Pontificia Academia de Ciencias Sociales.<\/li>\n<\/ul>\n<p><strong>Raz\u00f3n Abierta como misi\u00f3n compartida<\/strong><\/p>\n<p>Desde su creaci\u00f3n en 2017, los Premios Raz\u00f3n Abierta han reconocido m\u00e1s de 30 proyectos procedentes de 15 pa\u00edses, consolid\u00e1ndose como una referencia internacional en el impulso de una raz\u00f3n verdaderamente integradora.<\/p>\n<p><img loading=\"lazy\" decoding=\"async\" aria-describedby=\"caption-attachment-389678\" class=\"wp-image-389678 size-large\" src=\"https:\/\/www.europesays.com\/es\/wp-content\/uploads\/2025\/10\/RA2-1024x683.jpg\" alt=\"RA2 1024x683 La VII edici\u00f3n de los Premios Raz\u00f3n Abierta re\u00fane en el Vaticano a pensadores de todo el mundo en una defensa del conocimiento que integra ciencia y fe Estudiar en Universidad Privada Madrid\" width=\"640\" height=\"427\"   title=\"La VII edici\u00f3n de los Premios Raz\u00f3n Abierta re\u00fane en el Vaticano a pensadores de todo el mundo en una defensa del conocimiento que integra ciencia y fe\"\/><\/p>\n<p id=\"caption-attachment-389678\" class=\"wp-caption-text\">La\u00a0Pontificia Academia de las Ciencias, en la\u00a0Casina P\u00edo IV del Vaticano, escenario de los Premios Raz\u00f3n Abierta<\/p>\n<p>La Universidad Francisco de Vitoria, a trav\u00e9s del\u00a0<a href=\"https:\/\/razonabierta.org\/\" target=\"_blank\" rel=\"noopener nofollow\"><strong>Instituto Raz\u00f3n Abierta<\/strong><\/a>, impulsa esta iniciativa como parte de su misi\u00f3n formativa y su modelo educativo, en el que la integraci\u00f3n del saber t\u00e9cnico con la sabidur\u00eda humanista y trascendente constituye el eje central de la experiencia universitaria.<\/p>\n","protected":false},"excerpt":{"rendered":"La\u00a0Pontificia Academia de las Ciencias, en la\u00a0Casina P\u00edo IV del Vaticano, fue escenario anoche de la ceremonia de&hellip;\n","protected":false},"author":2,"featured_media":152097,"comment_status":"","ping_status":"","sticky":false,"template":"","format":"standard","meta":{"footnotes":""},"categories":[5],"tags":[17,18,25,24,13,14,11,19,20,9,10,15,16,23,12,21,22],"class_list":{"0":"post-152096","1":"post","2":"type-post","3":"status-publish","4":"format-standard","5":"has-post-thumbnail","7":"category-titulares","8":"tag-breaking-news","9":"tag-breakingnews","10":"tag-es","11":"tag-espana","12":"tag-featured-news","13":"tag-featurednews","14":"tag-headlines","15":"tag-latest-news","16":"tag-latestnews","17":"tag-news","18":"tag-noticias","19":"tag-noticias-destacadas","20":"tag-noticiasdestacadas","21":"tag-spain","22":"tag-titulares","23":"tag-ultimas-noticias","24":"tag-ultimasnoticias"},"share_on_mastodon":{"url":"","error":""},"_links":{"self":[{"href":"https:\/\/www.europesays.com\/es\/wp-json\/wp\/v2\/posts\/152096","targetHints":{"allow":["GET"]}}],"collection":[{"href":"https:\/\/www.europesays.com\/es\/wp-json\/wp\/v2\/posts"}],"about":[{"href":"https:\/\/www.europesays.com\/es\/wp-json\/wp\/v2\/types\/post"}],"author":[{"embeddable":true,"href":"https:\/\/www.europesays.com\/es\/wp-json\/wp\/v2\/users\/2"}],"replies":[{"embeddable":true,"href":"https:\/\/www.europesays.com\/es\/wp-json\/wp\/v2\/comments?post=152096"}],"version-history":[{"count":0,"href":"https:\/\/www.europesays.com\/es\/wp-json\/wp\/v2\/posts\/152096\/revisions"}],"wp:featuredmedia":[{"embeddable":true,"href":"https:\/\/www.europesays.com\/es\/wp-json\/wp\/v2\/media\/152097"}],"wp:attachment":[{"href":"https:\/\/www.europesays.com\/es\/wp-json\/wp\/v2\/media?parent=152096"}],"wp:term":[{"taxonomy":"category","embeddable":true,"href":"https:\/\/www.europesays.com\/es\/wp-json\/wp\/v2\/categories?post=152096"},{"taxonomy":"post_tag","embeddable":true,"href":"https:\/\/www.europesays.com\/es\/wp-json\/wp\/v2\/tags?post=152096"}],"curies":[{"name":"wp","href":"https:\/\/api.w.org\/{rel}","templated":true}]}}