{"id":152098,"date":"2025-10-02T05:35:05","date_gmt":"2025-10-02T05:35:05","guid":{"rendered":"https:\/\/www.europesays.com\/es\/152098\/"},"modified":"2025-10-02T05:35:05","modified_gmt":"2025-10-02T05:35:05","slug":"la-volta-a-menorca-btt-calienta-motores","status":"publish","type":"post","link":"https:\/\/www.europesays.com\/es\/152098\/","title":{"rendered":"La Volta a Menorca BTT calienta motores"},"content":{"rendered":"<p>La bicicleta de monta\u00f1a volver\u00e1 a ser protagonista en la Isla desde ma\u00f1ana por la noche, cuando se d\u00e9 el \u2018sus\u2019 oficial a la tan esperada <a href=\"https:\/\/www.menorca.info\/etiqueta\/Volta+a+Menorca+BTT.html?utm_source=Inline-tag&amp;utm_medium=internal\" rel=\"nofollow noopener\" target=\"_blank\">Volta a Menorca BTT<\/a>, qu<strong>e est\u00e1 al borde ya de sus dos d\u00e9cadas de celebraci\u00f3n<\/strong>, de la mano de la Penya Ciclista Ciutadella. Entre ma\u00f1ana y el domingo la BTT coge un protagonismo absoluto en Menorca en una 19.\u00aa edici\u00f3n que cuenta con unos 450 participantes este 2025 y que en esta ocasi\u00f3n, introduce un tramo cronometrado de ocho kil\u00f3metros con 200 metros de desnivel, con premios en met\u00e1lico para los tres mejores hombres y f\u00e9minas. <strong>El grupo m\u00e1s numeroso de Menorca y de fuera de la Isla<\/strong>, el participante m\u00e1s joven y el m\u00e1s veterano\u2013 junto al m\u00e1s lejano\u2013 tambi\u00e9n recibir\u00e1n sus premios especiales \u2018La Vaca\u2019.<\/p>\n<p>Ser\u00e1n <strong>170 kil\u00f3metros en tres etapas con salida y meta en el mismo punto y 2.400 metros de desnivel positivo acumulado.<\/strong> La organizaci\u00f3n divide a los participantes en tres grupos de velocidad (13, 15 y 19 km\/h) abarcando todo el abanico posible de estados de forma. \u00abPara terminarlas se exige un buen nivel de forma f\u00edsica; nivel medio-alto en todas las etapas y lo importante es pasarlo bien, sudar de lo lindo y hacer buenos compa\u00f1eros\u00bb, expresan en la Penya, que aglutina a 100 voluntarios y con el respeto hacia el medio ambiente por bandera.<\/p>\n<p>Etapa 1 (Ferreries)<\/p>\n<p>La primera etapa ser\u00e1 ma\u00f1ana en Ferreries con salida y llegada en el \u2018poli\u2019. La entrega de dorsales ser\u00e1 a partir de las 17:30h y las salidas de los tres grupos, desde las 20:00h, para una etapa que tiene una distancia de 34 kil\u00f3metros con 630 metros de desnivel acumulados. \u00ab<strong>Es una ruta nocturna donde pedalear de noche tiene un encanto particular<\/strong>; pasaremos por el majestuoso Barranc d\u2019Algendar, cruzando las fincas de Cala Galdana y luego el recorrido se abre en un bucle que combina pistas forestales y tramos de trialera, antes de volver de nuevo a Ferreries\u00bb, nos detallan desde la PC Ciutadella.<\/p>\n<p>Etapa 2 (Es Castell)<\/p>\n<p>En la plaza de s\u2019Esplanada de Es Castell y con salidas desde las 9:30h, tiene una distancia de 73kms con 800 metros de desnivel, siendo la etapa m\u00e1s larga de los tres d\u00edas. \u00abCombina la esencia del interior de Menorca con los espectaculares paisajes costeros del sur de la Isla. La ruta comienza explorando caminos rurales que conectan pueblos y yacimientos arqueol\u00f3gicos, incluyendo un tramo t\u00e9cnico que la Volta Menorca BTT vuelve a incluir este a\u00f1o\u00bb. Tras este reto inicial,<strong> los participantes llegar\u00e1n al avituallamiento de Cala en Porter para recargar energ\u00edas.<\/strong> La segunda parte de la etapa es, \u00abpura magia: caminos de litoral, un barranco in\u00e9dito recuperado especialmente por la ocasi\u00f3n y tramos emblem\u00e1ticos del Cam\u00ed de Cavalls, que los conducir\u00e1 de vuelta a Es Castell con vistas inolvidables\u00bb, analiza la organizaci\u00f3n. Tambi\u00e9n tendr\u00e1 lugar una etapa de promoci\u00f3n infantil para participantes de entre 7 y 14 a\u00f1os, repartidos en dos grupos por edad.<\/p>\n<p>Etapa 3 (Ciutadella)<\/p>\n<p>La \u00faltima, desde Es Born de Ciutadella, con una distancia de 60 kms y 1.000 metros de desnivel. \u00abEs la m\u00e1s exigente, poniendo a prueba la resistencia y el estado de forma de todos los participantes\u00bb, ante un recorrido que comienza por los caminos interiores de Menorca, volviendo a desafiar al legendario Algendar. Tras atravesar Ferreries, el Castell de Santa \u00c0gueda, \u00ab<strong>presenta un tramo duro que pondr\u00e1 a prueba las piernas.<\/strong> Superado este reto, podr\u00e1n reanudar fuerzas en el avituallamiento\u00bb. La segunda parte reserva una sorpresa, la vuelta a la costa norte conocida como \u2018Mordor\u2019; zona que, ya de por s\u00ed t\u00e9cnica y exigente, culminar\u00e1 con la llegada triunfal a Ciutadella. Luego, \u2018Pasta party\u2019 (13h) en la carpa de Es Born.<\/p>\n<p>        El apunte        <\/p>\n<p>                        Ligero descenso por no coincidir en el puente<\/p>\n","protected":false},"excerpt":{"rendered":"La bicicleta de monta\u00f1a volver\u00e1 a ser protagonista en la Isla desde ma\u00f1ana por la noche, cuando se&hellip;\n","protected":false},"author":2,"featured_media":152099,"comment_status":"","ping_status":"","sticky":false,"template":"","format":"standard","meta":{"footnotes":""},"categories":[273],"tags":[313,312,168,25,24,23,167,46015],"class_list":{"0":"post-152098","1":"post","2":"type-post","3":"status-publish","4":"format-standard","5":"has-post-thumbnail","7":"category-ciclismo","8":"tag-ciclismo","9":"tag-cycling","10":"tag-deportes","11":"tag-es","12":"tag-espana","13":"tag-spain","14":"tag-sports","15":"tag-volta-a-menorca-btt"},"share_on_mastodon":{"url":"","error":""},"_links":{"self":[{"href":"https:\/\/www.europesays.com\/es\/wp-json\/wp\/v2\/posts\/152098","targetHints":{"allow":["GET"]}}],"collection":[{"href":"https:\/\/www.europesays.com\/es\/wp-json\/wp\/v2\/posts"}],"about":[{"href":"https:\/\/www.europesays.com\/es\/wp-json\/wp\/v2\/types\/post"}],"author":[{"embeddable":true,"href":"https:\/\/www.europesays.com\/es\/wp-json\/wp\/v2\/users\/2"}],"replies":[{"embeddable":true,"href":"https:\/\/www.europesays.com\/es\/wp-json\/wp\/v2\/comments?post=152098"}],"version-history":[{"count":0,"href":"https:\/\/www.europesays.com\/es\/wp-json\/wp\/v2\/posts\/152098\/revisions"}],"wp:featuredmedia":[{"embeddable":true,"href":"https:\/\/www.europesays.com\/es\/wp-json\/wp\/v2\/media\/152099"}],"wp:attachment":[{"href":"https:\/\/www.europesays.com\/es\/wp-json\/wp\/v2\/media?parent=152098"}],"wp:term":[{"taxonomy":"category","embeddable":true,"href":"https:\/\/www.europesays.com\/es\/wp-json\/wp\/v2\/categories?post=152098"},{"taxonomy":"post_tag","embeddable":true,"href":"https:\/\/www.europesays.com\/es\/wp-json\/wp\/v2\/tags?post=152098"}],"curies":[{"name":"wp","href":"https:\/\/api.w.org\/{rel}","templated":true}]}}