{"id":152110,"date":"2025-10-02T05:44:15","date_gmt":"2025-10-02T05:44:15","guid":{"rendered":"https:\/\/www.europesays.com\/es\/152110\/"},"modified":"2025-10-02T05:44:15","modified_gmt":"2025-10-02T05:44:15","slug":"margot-robbie-no-abandona-el-barco-el-productor-de-piratas-del-caribe-6-confirma-que-sigue-involucrada-en-la-pelicula","status":"publish","type":"post","link":"https:\/\/www.europesays.com\/es\/152110\/","title":{"rendered":"Margot Robbie no abandona el barco: el productor de \u2018Piratas del Caribe 6\u2019 confirma que \u201csigue involucrada\u201d en la pel\u00edcula"},"content":{"rendered":"<p class=\"\">Hace unos meses, el barco parec\u00eda tocado y hundido. El insider The DisInside adelant\u00f3 que <b>el proyecto para la pr\u00f3xima pel\u00edcula de \u2018Piratas del Caribe\u2019<\/b> <a href=\"https:\/\/as.com\/meristation\/cine\/saltan-las-alarmas-por-el-spin-off-de-piratas-del-caribe-con-margot-robbie-y-parece-haber-sido-cancelado-n\/\" target=\"_self\" rel=\"nofollow noopener\" title=\"https:\/\/as.com\/meristation\/cine\/saltan-las-alarmas-por-el-spin-off-de-piratas-del-caribe-con-margot-robbie-y-parece-haber-sido-cancelado-n\/\">estaba en problemas<\/a>. La actriz Margot Robbie iba a ser una de las protagonistas del filme, pero \u00bfseguir\u00e1 formando parte del equipo? Seg\u00fan el productor Jerry Bruckheimer, la estrella de \u2018Barbie\u2019 contin\u00faa en el proyecto (<a href=\"https:\/\/www.thewrap.com\/jerry-bruckheimer-pirates-6-top-gun-3-national-treasure-3-updates-the-grill-2025\/\" target=\"_blank\" rel=\"nofollow noopener\" title=\"https:\/\/www.thewrap.com\/jerry-bruckheimer-pirates-6-top-gun-3-national-treasure-3-updates-the-grill-2025\/\">v\u00eda TheWrap<\/a>).<\/p>\n<p class=\"\">Bruckheimer ha reconocido que <b>ten\u00edan varios planteamientos para la pel\u00edcula <\/b>y que uno de ellos fue descartado, lo que da a entender que la informaci\u00f3n del insider era correcta.<\/p>\n<p><img decoding=\"async\" src=\"https:\/\/www.europesays.com\/es\/wp-content\/uploads\/2025\/10\/KW7542CCZVEUVFTBA4VZ7KHXHQ.jpg\" alt=\"Margot Robbie Cumbres borrascosas\" class=\"mm__img\"   width=\"1280\" height=\"720\" loading=\"lazy\"\/><\/p>\n<p>Ampliar<\/p>\n<p>Dos guiones, uno descartado<\/p>\n<p class=\"\">\u201cEn un punto llegamos a tener dos guiones y uno de ellos qued\u00f3 descartado,<b> as\u00ed que nos zambullimos en el otro<\/b>\u201d. De acuerdo con el productor, la int\u00e9rprete sigue involucrada en la pel\u00edcula, aunque no ha proporcionado m\u00e1s informaci\u00f3n al respecto.<\/p>\n<p class=\"\">\u201cTodav\u00eda est\u00e1 involucrada\u201d, ha dicho. Bruckheimer ha a\u00f1adido adem\u00e1s que <b>Ted Elliot, veterano de la saga<\/b>, ha estado inmerso en la escritura del guion: \u201cHa trabajado en ello y hemos contratado a alguien m\u00e1s para rellenar los huecos en blanco\u201d.<\/p>\n<p class=\"\"><b>No est\u00e1 claro si Johnny Depp regresar\u00e1 a la saga<\/b>, aunque el productor ha se\u00f1alado que cree que el actor <a href=\"https:\/\/as.com\/meristation\/cine\/el-regreso-de-johnny-depp-a-piratas-del-caribe-ya-no-es-ningun-sueno-creo-que-lo-haria-n\/\" target=\"_self\" rel=\"nofollow noopener\" title=\"https:\/\/as.com\/meristation\/cine\/el-regreso-de-johnny-depp-a-piratas-del-caribe-ya-no-es-ningun-sueno-creo-que-lo-haria-n\/\">volver\u00eda a encarnar a Jack Sparrow<\/a> si se diera una condici\u00f3n: que le guste el guion. Bruckheimer tambi\u00e9n dej\u00f3 caer que<a href=\"https:\/\/as.com\/meristation\/cine\/el-productor-de-piratas-del-caribe-6-da-una-pista-sobre-los-actores-conocidos-que-estaran-en-el-rodaje-no-todos-son-nuevos-n\/\" target=\"_self\" rel=\"nofollow noopener\" title=\"https:\/\/as.com\/meristation\/cine\/el-productor-de-piratas-del-caribe-6-da-una-pista-sobre-los-actores-conocidos-que-estaran-en-el-rodaje-no-todos-son-nuevos-n\/\"> otros actores veteranos<\/a> regresar\u00e1n a la nueva pel\u00edcula de \u2018Piratas del Caribe.<\/p>\n<p><img decoding=\"async\" src=\"https:\/\/www.europesays.com\/es\/wp-content\/uploads\/2025\/10\/MVCNSNMRCRFTTDIDA4XDYGRY3M.jpg\" alt=\"piratas del caribe en mareas misteriosas johnny depp jack sparrow\" class=\"mm__img\"   width=\"1200\" height=\"675\" loading=\"lazy\"\/><\/p>\n<p>Ampliar<\/p>\n<p>piratas del caribe en mareas misteriosas johnny depp jack sparrowNoticias relacionadas<\/p>\n<p class=\"\">Suscr\u00edbete al <a href=\"https:\/\/www.youtube.com\/@meristation\" target=\"_self\" rel=\"nofollow noopener\" title=\"https:\/\/www.youtube.com\/@meristation\">canal de MeriStation en YouTube<\/a>, tu web de videojuegos y entretenimiento para conocer todas las noticias y novedades sobre el mundo del videojuego, cine, series, manga y anime. An\u00e1lisis, entrevistas, tr\u00e1ileres, gameplays, p\u00f3dcast y mucho m\u00e1s. Tambi\u00e9n te animamos a seguir <a href=\"https:\/\/www.tiktok.com\/@meristation\" rel=\"nofollow noopener\" title=\"https:\/\/www.tiktok.com\/@meristation\" target=\"_blank\">nuestra cuenta de TikTok<\/a>. <\/p>\n<p class=\"\">\u00a1S\u00edguenos en ambas y, si est\u00e1s interesado en licenciar este contenido, pincha <a href=\"https:\/\/profesional.elpais.com\/soluciones-sindicacion?utm_medium=interno&amp;utm_source=crosslinking&amp;utm_campaign=sindicacion_as_pie_articulos\" target=\"_blank\" rel=\"nofollow noopener\" title=\"https:\/\/profesional.elpais.com\/soluciones-sindicacion?utm_medium=interno&amp;utm_source=crosslinking&amp;utm_campaign=sindicacion_as_pie_articulos\">aqu\u00ed<\/a>!<\/p>\n<p><script async src=\"\/\/www.tiktok.com\/embed.js\"><\/script><\/p>\n","protected":false},"excerpt":{"rendered":"Hace unos meses, el barco parec\u00eda tocado y hundido. El insider The DisInside adelant\u00f3 que el proyecto para&hellip;\n","protected":false},"author":2,"featured_media":152111,"comment_status":"","ping_status":"","sticky":false,"template":"","format":"standard","meta":{"footnotes":""},"categories":[169],"tags":[177,146,147,25,24,176,175,23],"class_list":{"0":"post-152110","1":"post","2":"type-post","3":"status-publish","4":"format-standard","5":"has-post-thumbnail","7":"category-cine","8":"tag-cine","9":"tag-entertainment","10":"tag-entretenimiento","11":"tag-es","12":"tag-espana","13":"tag-film","14":"tag-movies","15":"tag-spain"},"share_on_mastodon":{"url":"","error":""},"_links":{"self":[{"href":"https:\/\/www.europesays.com\/es\/wp-json\/wp\/v2\/posts\/152110","targetHints":{"allow":["GET"]}}],"collection":[{"href":"https:\/\/www.europesays.com\/es\/wp-json\/wp\/v2\/posts"}],"about":[{"href":"https:\/\/www.europesays.com\/es\/wp-json\/wp\/v2\/types\/post"}],"author":[{"embeddable":true,"href":"https:\/\/www.europesays.com\/es\/wp-json\/wp\/v2\/users\/2"}],"replies":[{"embeddable":true,"href":"https:\/\/www.europesays.com\/es\/wp-json\/wp\/v2\/comments?post=152110"}],"version-history":[{"count":0,"href":"https:\/\/www.europesays.com\/es\/wp-json\/wp\/v2\/posts\/152110\/revisions"}],"wp:featuredmedia":[{"embeddable":true,"href":"https:\/\/www.europesays.com\/es\/wp-json\/wp\/v2\/media\/152111"}],"wp:attachment":[{"href":"https:\/\/www.europesays.com\/es\/wp-json\/wp\/v2\/media?parent=152110"}],"wp:term":[{"taxonomy":"category","embeddable":true,"href":"https:\/\/www.europesays.com\/es\/wp-json\/wp\/v2\/categories?post=152110"},{"taxonomy":"post_tag","embeddable":true,"href":"https:\/\/www.europesays.com\/es\/wp-json\/wp\/v2\/tags?post=152110"}],"curies":[{"name":"wp","href":"https:\/\/api.w.org\/{rel}","templated":true}]}}