{"id":152130,"date":"2025-10-02T05:58:08","date_gmt":"2025-10-02T05:58:08","guid":{"rendered":"https:\/\/www.europesays.com\/es\/152130\/"},"modified":"2025-10-02T05:58:08","modified_gmt":"2025-10-02T05:58:08","slug":"red-bull-da-alas-al-nuevo-jefe-de-remco-evenepoel-encaja-a-la-perfeccion-en-nuestra-idea-ciclismo-deportes","status":"publish","type":"post","link":"https:\/\/www.europesays.com\/es\/152130\/","title":{"rendered":"Red Bull da alas al nuevo jefe de Remco Evenepoel: \u201cEncaja a la perfecci\u00f3n en nuestra idea\u201d | Ciclismo | Deportes"},"content":{"rendered":"<p class=\"\">Arrasa <a href=\"https:\/\/elpais.com\/deportes\/ciclismo\/2025-10-01\/remco-evenepoel-y-paula-ostiz-taco-de-oro-entre-los-gigantes-de-la-contrarreloj.html\" target=\"_self\" rel=\"nofollow noopener\" title=\"https:\/\/elpais.com\/deportes\/ciclismo\/2025-10-01\/remco-evenepoel-y-paula-ostiz-taco-de-oro-entre-los-gigantes-de-la-contrarreloj.html\">Remco Evenepoel<\/a> en la contrarreloj del Campeonato de Europa de ciclismo y, una semana despu\u00e9s de hacer lo propio en Ruanda, donde solo Tadej Pogacar es capaz de arrebatarle el maillot arco\u00edris en el Mundial de ruta, Ralph Denk, que a partir del pr\u00f3ximo invierno ser\u00e1 jefe del belga, rasga la mirada y dibuja una sonrisa bajo un bigote cada vez m\u00e1s frondoso. \u201cLo tiene todo, es un grand\u00edsimo campe\u00f3n\u201d, resume a EL PA\u00cdS el director general del Red Bull-Bora-hansgrohe, el equipo alem\u00e1n en el que aterriz\u00f3 el gigante de las bebidas energ\u00e9ticas en 2024 para dejar su sello, a base de inversi\u00f3n, tambi\u00e9n en el ciclismo. Primero lleg\u00f3 el fichaje de <a href=\"https:\/\/elpais.com\/deportes\/ciclismo\/2023-10-06\/el-bora-de-primoz-roglic-contra-el-oligopolio-del-jumbo-y-el-uae-en-el-ciclismo.html\" target=\"_self\" rel=\"nofollow noopener\" title=\"https:\/\/elpais.com\/deportes\/ciclismo\/2023-10-06\/el-bora-de-primoz-roglic-contra-el-oligopolio-del-jumbo-y-el-uae-en-el-ciclismo.html\">Primoz Roglic<\/a>, infeliz en el Visma, coto de Jonas Vingegaard. Un a\u00f1o despu\u00e9s, con la estrat\u00e9gica incorporaci\u00f3n de Evenepoel, los germanos han arrancado a la gran estrella belga de sus ra\u00edces.<\/p>\n<p class=\"\">\u201cNo podemos estar m\u00e1s felices por contar con el soporte de Red Bull, que ya ha demostrado una inversi\u00f3n inmensa en otros muchos deportes\u201d, explica Denk, mandam\u00e1s de la estructura ciclista desde 2010, cuando fue fundada bajo el nombre de Team NetApp. \u201cEs obvio que para estar en lo m\u00e1s alto se necesita mucho dinero, lo estamos viendo con la llegada al pelot\u00f3n de inversores externos como Red Bull, Lidl o Decathlon. Habla muy bien del atractivo de nuestro deporte. Nosotros, adem\u00e1s, tuvimos importantes ofertas de patrocinio desde Oriente Medio [cuyo capital ya inyecta poder a equipos como UAE, Bahrain o <a href=\"https:\/\/elpais.com\/deportes\/2024-12-02\/radiografia-del-sportswashing-de-arabia-saudi-al-menos-910-contratos-en-todo-el-mundo-para-blanquear-la-imagen-del-regimen.html\" target=\"_self\" rel=\"nofollow noopener\" title=\"https:\/\/elpais.com\/deportes\/2024-12-02\/radiografia-del-sportswashing-de-arabia-saudi-al-menos-910-contratos-en-todo-el-mundo-para-blanquear-la-imagen-del-regimen.html\">Jayco-AlUla<\/a>], pero cuando surgi\u00f3 la oportunidad de vincularnos a Red Bull lo tuve claro: era la decisi\u00f3n correcta. Al final, m\u00e1s all\u00e1 de la filosof\u00eda, nuestras sedes est\u00e1n a menos de una hora de distancia. Eso lo facilita todo en el camino hacia nuestro gran objetivo: convertirnos en el equipo ciclista m\u00e1s atractivo del planeta\u201d, a\u00f1ade.<\/p>\n<p class=\"\">Para ello, la incorporaci\u00f3n de Evenepoel, de 25 a\u00f1os, se antojaba clave. \u201cEs un ciclista que encaja a la perfecci\u00f3n con nuestra idea ganadora, es m\u00e1s, sentimos que es el ciclista m\u00e1s atractivo del mundo. <a href=\"https:\/\/elpais.com\/deportes\/ciclismo\/2025-09-21\/remco-evenepoel-arrasa-y-repite-titulo-de-contrarreloj-en-el-mundial-de-ruanda.html\" target=\"_self\" rel=\"nofollow noopener\" title=\"https:\/\/elpais.com\/deportes\/ciclismo\/2025-09-21\/remco-evenepoel-arrasa-y-repite-titulo-de-contrarreloj-en-el-mundial-de-ruanda.html\">Se ha visto en el Mundial de Ruanda<\/a>, donde termin\u00f3 muy decepcionado por no ganar el oro en la prueba en l\u00ednea despu\u00e9s de haber arrasado en la crono\u201d, asegura Denk; \u201cen el pasado tuvimos mucha mentalidad ganadora en el grupo, sobre todo con la figura de Peter Sagan. Creo que ahora Remco puede ser eso en el equipo. Adem\u00e1s, estoy convencido de que va a servir de inspiraci\u00f3n para los m\u00e1s j\u00f3venes, no solo por predicar con el ejemplo, sino porque todo el foco que \u00e9l se lleve liberar\u00e1 a los dem\u00e1s para crecer sin presi\u00f3n\u201d. <\/p>\n<p><img decoding=\"auto\" class=\"_re lazyload a_m-h\" height=\"277\"  width=\"414\"  src=\"https:\/\/www.europesays.com\/es\/wp-content\/uploads\/2025\/10\/AI7VYI3UYBL7ZCPF574EIGQ7YI.jpg\" loading=\"lazy\"\/>Remco Evenepoel, con casco y bicicleta dorada como doble campe\u00f3n ol\u00edmpico, remonta posiciones el pasado domingo en la prueba en l\u00ednea del Mundial de Ruanda.Jerome Delay (AP)<\/p>\n<p class=\"\">No obstante, la apuesta por el belga, peque\u00f1o Can\u00edbal del ciclismo moderno, ha supuesto una ristra de volantazos en la direcci\u00f3n deportiva del equipo. Nada m\u00e1s concluir el pasado Tour de Francia, el mismo en el que el joven Florian Lipowitz subi\u00f3 con los dos toros rojos en el pecho al podio de los Campos El\u00edseos junto a Pogacar y Vingegaard, Denk y su c\u00fapula destituyeron a Ralf Aldag y Enrico Gasparotto, dos de los directores de mayor peso del organigrama. Pocas semanas despu\u00e9s, el equipo ha reforzado su \u00e1rea deportiva con, entre otros, <a href=\"https:\/\/www.redbullborahansgrohe.com\/en\/news\/zak-dempster-appointed-chief-of-sports-at-red-bull-bora-hansgrohe\" target=\"_blank\" rel=\"nofollow noopener\" title=\"https:\/\/www.redbullborahansgrohe.com\/en\/news\/zak-dempster-appointed-chief-of-sports-at-red-bull-bora-hansgrohe\">Sven Vanthourenhoout<\/a>, seleccionador belga hasta el pasado curso, y Klaas Lodewyck, director en el Soudal Quick-Step de Evenepoel.<\/p>\n<p class=\"\">Los cambios no han gustado a Roglic, buque insignia del Red Bull-Bora-hansgrohe y vencedor de la Vuelta a Espa\u00f1a el pasado curso, que asegur\u00f3 la semana pasada en la prensa eslovena sentirse algo desconectado de las decisiones de Denk. \u201cEntiendo un poco a Primoz, porque fue una decisi\u00f3n con efecto inmediato\u201d, suaviza el germano; \u201caun as\u00ed, necesit\u00e1bamos cambios para seguir acerc\u00e1ndonos a nuestro objetivo. Ese malestar de Primoz lo vamos a resolver pronto y de buena manera, estoy seguro de que va a tener un entorno muy estable con nosotros\u201d.<\/p>\n<p class=\"\">Todo, tras una temporada en la que, m\u00e1s all\u00e1 del sorprendente podio de Lipowitz en la Grande Boucle, los resultados han estado muy lejos de lo esperado. \u201cNo ha sido un buen a\u00f1o, es cierto, especialmente en la temporada de cl\u00e1sicas, donde estuvimos muy por debajo de nuestras expectativas [solo un top-10 en los Monumentos, el s\u00e9ptimo puesto de Daniel Felipe Mart\u00ednez en Lieja]\u201d, admite Denk; \u201cpero todo lleva tiempo, y nosotros hemos contratado a mucha gente nueva, por lo que estamos en pleno proceso de adaptaci\u00f3n. Si miramos al mejor equipo del mundo, el UAE, les cost\u00f3 varios a\u00f1os llegar a la cima. Nosotros somos ahora mejores que el a\u00f1o pasado, y eso es lo importante. Tenemos a grandes talentos como el propio Lipowitz, Giulio Pellizzari o Lorenzo Finn, a\u00fan en el equipo de desarrollo [campe\u00f3n del mundo sub-23 la pasada semana]. Vamos a tener paciencia, porque tenemos clara nuestra misi\u00f3n y todo llegar\u00e1\u201d.<\/p>\n<p class=\"\">Por el camino, el obst\u00e1culo parece evidente: encajar en el mismo bloque a tanto ciclista talentoso. A Evenepoel, Roglic, Lipowitz y Pellizzari se les suman, entre otros, Jai Hindley, vencedor del Giro de Italia en 2022, y Aleksandr Vlasov, quinto en el Tour del mismo a\u00f1o, todos ellos con contrato firmado para la pr\u00f3xima temporada. \u00bfSignifica eso que tienen su sitio asegurado? Ni mucho menos. \u201cEl negocio del ciclismo avanza muy r\u00e1pido y creo que ser\u00eda una tonter\u00eda por mi parte asegurar algo as\u00ed al 100%\u201d, zanja el germano; \u201cel mercado de fichajes est\u00e1 abierto hasta el 31 de diciembre y todo puede pasar. Al final, sea cual sea el aspecto de la plantilla para el a\u00f1o que viene, nuestro objetivo no cambia. Nos encantar\u00eda ganar una gran vuelta y un Monumento, poruqe nuestra \u00faltima victoria ah\u00ed fue en 2018, en la Roubaix, con <a href=\"https:\/\/elpais.com\/deportes\/2023-01-27\/peter-sagan-anuncia-su-retirada-del-gran-ciclismo-al-final-de-este-ano.html\" target=\"_self\" rel=\"nofollow noopener\" title=\"https:\/\/elpais.com\/deportes\/2023-01-27\/peter-sagan-anuncia-su-retirada-del-gran-ciclismo-al-final-de-este-ano.html\">Peter Sagan<\/a>. Lo recuerdo como algo fant\u00e1stico. Espero que el a\u00f1o que viene podamos repetirlo\u201d.<\/p>\n","protected":false},"excerpt":{"rendered":"Arrasa Remco Evenepoel en la contrarreloj del Campeonato de Europa de ciclismo y, una semana despu\u00e9s de hacer&hellip;\n","protected":false},"author":2,"featured_media":152131,"comment_status":"","ping_status":"","sticky":false,"template":"","format":"standard","meta":{"footnotes":""},"categories":[273],"tags":[2839,313,2838,1540,312,168,25,24,12057,46024,12058,212,46023,7618,23,167,31839],"class_list":{"0":"post-152130","1":"post","2":"type-post","3":"status-publish","4":"format-standard","5":"has-post-thumbnail","7":"category-ciclismo","8":"tag-carreras-ciclistas","9":"tag-ciclismo","10":"tag-ciclistas","11":"tag-competiciones","12":"tag-cycling","13":"tag-deportes","14":"tag-es","15":"tag-espana","16":"tag-florian-lipowitz","17":"tag-giulio-pellizzari","18":"tag-primoz-roglic","19":"tag-red-bull","20":"tag-red-bull-bora-hansgrohe","21":"tag-remco-evenepoel","22":"tag-spain","23":"tag-sports","24":"tag-union-ciclista-internacional"},"share_on_mastodon":{"url":"","error":""},"_links":{"self":[{"href":"https:\/\/www.europesays.com\/es\/wp-json\/wp\/v2\/posts\/152130","targetHints":{"allow":["GET"]}}],"collection":[{"href":"https:\/\/www.europesays.com\/es\/wp-json\/wp\/v2\/posts"}],"about":[{"href":"https:\/\/www.europesays.com\/es\/wp-json\/wp\/v2\/types\/post"}],"author":[{"embeddable":true,"href":"https:\/\/www.europesays.com\/es\/wp-json\/wp\/v2\/users\/2"}],"replies":[{"embeddable":true,"href":"https:\/\/www.europesays.com\/es\/wp-json\/wp\/v2\/comments?post=152130"}],"version-history":[{"count":0,"href":"https:\/\/www.europesays.com\/es\/wp-json\/wp\/v2\/posts\/152130\/revisions"}],"wp:featuredmedia":[{"embeddable":true,"href":"https:\/\/www.europesays.com\/es\/wp-json\/wp\/v2\/media\/152131"}],"wp:attachment":[{"href":"https:\/\/www.europesays.com\/es\/wp-json\/wp\/v2\/media?parent=152130"}],"wp:term":[{"taxonomy":"category","embeddable":true,"href":"https:\/\/www.europesays.com\/es\/wp-json\/wp\/v2\/categories?post=152130"},{"taxonomy":"post_tag","embeddable":true,"href":"https:\/\/www.europesays.com\/es\/wp-json\/wp\/v2\/tags?post=152130"}],"curies":[{"name":"wp","href":"https:\/\/api.w.org\/{rel}","templated":true}]}}